{"id":212186,"date":"2025-06-29T01:17:13","date_gmt":"2025-06-29T01:17:13","guid":{"rendered":"https:\/\/www.europesays.com\/fr\/212186\/"},"modified":"2025-06-29T01:17:13","modified_gmt":"2025-06-29T01:17:13","slug":"lyon-un-nouveau-radar-installe-en-bord-de-saone-2","status":"publish","type":"post","link":"https:\/\/www.europesays.com\/fr\/212186\/","title":{"rendered":"Lyon : un nouveau radar install\u00e9 en bord de Sa\u00f4ne"},"content":{"rendered":"<p>Un radar de chantier a \u00e9t\u00e9 install\u00e9 r\u00e9cemment dans le 2e arrondissement de Lyon au niveau des quais Tilsitt et Mar\u00e9chal Joffre. La vitesse est limit\u00e9e \u00e0 30 km\/h dans ce secteur.<\/p>\n<p>Automobilistes lyonnais, surveillez votre vitesse (encore plus que d&rsquo;habitude !). <b>Un radar de chantier<\/b> a \u00e9t\u00e9 install\u00e9 dans la nuit du vendredi 27 au samedi 28 juin <b>en bord de Sa\u00f4ne<\/b> \u00e0 Lyon, dans le 2e arrondissement.<\/p>\n<p>Un radar pour \u00e9viter de nouveaux accidents<\/p>\n<p>Ce radar se trouve au niveau de la rue Franklin, entre <b>les quais Tilsitt et Mar\u00e9chal Joffre<\/b>, dans une zone qui est <b>limit\u00e9e \u00e0 30 km\/h<\/b>.<\/p>\n<p>Cette route qui longe la Sa\u00f4ne a \u00e9t\u00e9 le th\u00e9\u00e2tre de nombreux accidents par le pass\u00e9.\u00a0<\/p>\n<p>C&rsquo;est \u00e0 cet endroit que deux adolescents, <a class=\"url\" href=\"https:\/\/www.radioscoop.com\/infos\/deux-ans-apres-la-mort-d-iris-et-warren-a-lyon-le-cri-d-alerte-de-leurs-meres_302018\" target=\"_blank\" rel=\"noopener\">Iris et Warren<\/a>, ont perdu la vie \u00e0 trottinette \u00e9lectrique, renvers\u00e9s par une ambulance, en ao\u00fbt 2022.<\/p>\n<p>D&rsquo;apr\u00e8s nos confr\u00e8res du <a class=\"url\" href=\"https:\/\/c.leprogres.fr\/transport\/2025\/06\/28\/un-nouveau-radar-fait-son-apparition-en-bord-de-saone-sur-une-portion-a-30-km-h\" target=\"_blank\" rel=\"noopener\">Progr\u00e8s<\/a>, un nouveau dispositif devrait ensuite \u00eatre install\u00e9 dans ce secteur sur le long terme.<\/p>\n<p><img loading=\"lazy\" decoding=\"async\" src=\"https:\/\/www.europesays.com\/fr\/wp-content\/uploads\/2025\/06\/1751159833_412_img\" width=\"350\" height=\"200\" border=\"0\" title=\"La Mont\u00c3\u00a9e du Chemin Neuf \u00c3\u00a0 Lyon.\"\/><\/p>\n<p>\u25baTransport<\/p>\n<p style=\"font-size: 22px;\"><b>Lyon : la mont\u00e9e du Chemin-Neuf va-t-elle rester ferm\u00e9e aux voitures ?<\/b><\/p>\n<p>Apr\u00e8s plus de neuf mois d&rsquo;exp\u00e9rimentation dans&#8230;<\/p>\n<p><\/p>\n","protected":false},"excerpt":{"rendered":"Un radar de chantier a \u00e9t\u00e9 install\u00e9 r\u00e9cemment dans le 2e arrondissement de Lyon au niveau des quais&hellip;\n","protected":false},"author":2,"featured_media":211252,"comment_status":"","ping_status":"","sticky":false,"template":"","format":"standard","meta":{"footnotes":""},"categories":[1889],"tags":[1111,11,2430,1777,674,1011,27,2428,12,27760,25,35091],"class_list":{"0":"post-212186","1":"post","2":"type-post","3":"status-publish","4":"format-standard","5":"has-post-thumbnail","7":"category-lyon","8":"tag-actu","9":"tag-actualites","10":"tag-auvergne-rhone-alpes","11":"tag-eu","12":"tag-europe","13":"tag-fr","14":"tag-france","15":"tag-lyon","16":"tag-news","17":"tag-radar","18":"tag-republique-francaise","19":"tag-sane"},"share_on_mastodon":{"url":"https:\/\/pubeurope.com\/@fr\/114764018274153600","error":""},"_links":{"self":[{"href":"https:\/\/www.europesays.com\/fr\/wp-json\/wp\/v2\/posts\/212186","targetHints":{"allow":["GET"]}}],"collection":[{"href":"https:\/\/www.europesays.com\/fr\/wp-json\/wp\/v2\/posts"}],"about":[{"href":"https:\/\/www.europesays.com\/fr\/wp-json\/wp\/v2\/types\/post"}],"author":[{"embeddable":true,"href":"https:\/\/www.europesays.com\/fr\/wp-json\/wp\/v2\/users\/2"}],"replies":[{"embeddable":true,"href":"https:\/\/www.europesays.com\/fr\/wp-json\/wp\/v2\/comments?post=212186"}],"version-history":[{"count":0,"href":"https:\/\/www.europesays.com\/fr\/wp-json\/wp\/v2\/posts\/212186\/revisions"}],"wp:featuredmedia":[{"embeddable":true,"href":"https:\/\/www.europesays.com\/fr\/wp-json\/wp\/v2\/media\/211252"}],"wp:attachment":[{"href":"https:\/\/www.europesays.com\/fr\/wp-json\/wp\/v2\/media?parent=212186"}],"wp:term":[{"taxonomy":"category","embeddable":true,"href":"https:\/\/www.europesays.com\/fr\/wp-json\/wp\/v2\/categories?post=212186"},{"taxonomy":"post_tag","embeddable":true,"href":"https:\/\/www.europesays.com\/fr\/wp-json\/wp\/v2\/tags?post=212186"}],"curies":[{"name":"wp","href":"https:\/\/api.w.org\/{rel}","templated":true}]}}