{"id":212187,"date":"2025-06-29T01:20:15","date_gmt":"2025-06-29T01:20:15","guid":{"rendered":"https:\/\/www.europesays.com\/fr\/212187\/"},"modified":"2025-06-29T01:20:15","modified_gmt":"2025-06-29T01:20:15","slug":"quest-ce-que-le-collectif-homo-patriote-eros-dont-la-presence-a-la-pride-de-paris-suscite-lindignation","status":"publish","type":"post","link":"https:\/\/www.europesays.com\/fr\/212187\/","title":{"rendered":"Qu&rsquo;est-ce que le collectif \u00ab\u00a0homo patriote\u00a0\u00bb Eros, dont la pr\u00e9sence \u00e0 la Pride de Paris suscite l&rsquo;indignation\u00a0?"},"content":{"rendered":"<p>            Par<br \/>\n        <strong><br \/>\n            <a href=\"https:\/\/actu.fr\/auteur\/redaction-paris\" title=\"Consulter tous les articles de R\u00e9daction Paris\" rel=\"nofollow noopener\" target=\"_blank\">R\u00e9daction Paris<\/a><br \/>\n        <\/strong><\/p>\n<p>        Publi\u00e9 le<\/p>\n<p>            28 juin 2025 \u00e0 13h47        <\/p>\n<p>La <a href=\"https:\/\/actu.fr\/ile-de-france\/paris_75056\/cartes-gay-pride%E2%80%A6s-de-circulation_62834186.html\" rel=\"nofollow noopener\" target=\"_blank\">marche des fiert\u00e9s<\/a> organis\u00e9e par l\u2019Inter <a href=\"https:\/\/actu.fr\/tag\/lgbt\" rel=\"nofollow noopener\" target=\"_blank\">LGBT<\/a> ce samedi 28 juin 2025 dans les rues de Paris sera-t-elle entach\u00e9e par des tensions\u2009? Un \u00e9v\u00e9nement qui a pour mot d\u2019ordre la lutte contre \u00ab\u2009l\u2019internationale r\u00e9actionnaire\u2009\u00bb et auquel un groupuscule d\u2019extr\u00eame droite, le <strong>collectif Eros<\/strong>, compte se joindre.<\/p>\n<p>\u00ab\u2009Groupuscule masculiniste et homonationaliste\u2009\u00bb<\/p>\n<p class=\" wall-content\">Fond\u00e9 par <strong>Yohan Pawer<\/strong> en ao\u00fbt 2025, Eros se pr\u00e9sente comme un collectif d\u2019\u00ab\u2009homos patriotes\u2009\u00bb et pr\u00e9tend lutter contre \u00ab\u2009les d\u00e9rives id\u00e9ologiques woke et LGBT\u2009\u00bb. Autre \u00ab\u2009cheval de bataille\u2009\u00bb\u2009: \u00ab\u2009la pr\u00e9servation de nos traditions, de nos valeurs occidentales\u2009\u00bb, explique dans une vid\u00e9o de pr\u00e9sentation J\u00e9r\u00e9my Marquie, le vice-pr\u00e9sident.<\/p>\n<p class=\" wall-content\">Sur son compte X, Yohan Pawer a confirm\u00e9 que son collectif\u00a0serait \u00ab\u2009bien <strong>pr\u00e9sent samedi<\/strong> pour dire merde \u00e0 l\u2019extr\u00eame gauche\u2009\u00bb.<\/p>\n<p class=\" wall-content\">Une participation d\u00e9nonc\u00e9e par un collectif de militants LGBT +\u00a0et de personnalit\u00e9s dans une <a href=\"https:\/\/www.lemonde.fr\/idees\/article\/2025\/06\/25\/marche-des-fiertes-l-etat-entend-peser-sur-la-composition-des-corteges-en-favorisant-deliberement-la-presence-de-groupes-identitaires_6615758_3232.html\" rel=\"nofollow noopener\" target=\"_blank\">tribune<\/a> publi\u00e9e dans\u00a0Le Monde mercredi 25\u00a0juin 2025. Les militants accusent \u00e9galement les autorit\u00e9s <strong>d\u2019ing\u00e9rence<\/strong> dans les manifestations. De son c\u00f4t\u00e9, l\u2019Inter LGBT rappelle son droit \u00ab\u2009de s\u00e9lectionner quels groupes participent au cort\u00e8ge\u2009\u00bb. Le collectif Eros n\u2019aurait pas leur agr\u00e9ment \u00ab\u2009et ne semble pas avoir annonc\u00e9 sa pr\u00e9sence lors de la phase d\u2019enregistrement des participants.\u2009\u00bb<\/p>\n<p>\u00ab\u2009Banalisation de l\u2019extr\u00eame droite et de ses codes\u2009\u00bb<\/p>\n<p class=\" wall-content\">La \u00ab\u2009tentative d\u2019un groupe identitaire fran\u00e7ais d\u2019investir\u2009\u00bb la marche parisienne \u00ab\u2009s\u2019inscrit dans une strat\u00e9gie plus vaste de banalisation de l\u2019extr\u00eame droite et de ses codes\u2009\u00bb, estiment les signataires de la tribune. Yohan Pawer, ajoutent-ils, a affirm\u00e9 \u00ab\u2009avoir sollicit\u00e9 le cabinet du ministre de l\u2019int\u00e9rieur, Bruno Retailleau, et obtenu un <strong>encadrement policier<\/strong> \u2014 une cinquantaine de CRS \u2014 pour imposer la pr\u00e9sence de son groupuscule au sein de la marche.\u2009\u00bb<\/p>\n<p>Vid\u00e9os : en ce moment sur Actu<\/p>\n<p class=\" wall-content\">\u00ab\u2009En s\u2019impliquant dans l\u2019organisation d\u2019une mobilisation\u2009\u00bb, l\u2019\u00c9tat \u00ab\u2009entend peser sur la composition des cort\u00e8ges, et d\u00e9lib\u00e9r\u00e9ment favoriser la pr\u00e9sence de groupes identitaires\u2009\u00bb, fustige le collectif, d\u00e9non\u00e7ant une <strong>\u00ab\u2009ing\u00e9rence\u2009\u00bb<\/strong>. Sollicit\u00e9 par l\u2019AFP, l\u2019entourage de <a href=\"https:\/\/actu.fr\/tag\/bruno-retailleau\" rel=\"nofollow noopener\" target=\"_blank\">Bruno Retailleau<\/a> n\u2019a pas confirm\u00e9 le chiffre d\u2019une cinquantaine de forces de l\u2019ordre.<\/p>\n<p class=\" wall-content\">\u00ab\u2009Soit on interdit la manifestation pour risque de trouble \u00e0 l\u2019ordre public, soit on d\u00e9ploie les forces de l\u2019ordre n\u00e9cessaires pour prot\u00e9ger tout le monde, y compris les passants\u2009\u00bb, a-t-il indiqu\u00e9. Il y aura <strong>trois groupes s\u00e9par\u00e9s<\/strong> de la manifestation principale\u2009: le groupe Fiert\u00e9s citoyennes, Eros et le groupe juif gay et lesbien de France Beit Haverim, a-t-on pr\u00e9cis\u00e9 de m\u00eame source.<\/p>\n<p class=\" wall-content\">Avec AFP.<\/p>\n<p class=\" wall-content\">Suivez toute l\u2019actualit\u00e9 de vos villes et m\u00e9dias favoris en vous inscrivant \u00e0 <a href=\"https:\/\/moncompte.actu.fr\" title=\"D\u00e9couvez Mon Actu\" rel=\"nofollow noopener\" data-trk=\"{&quot;cta&quot;:{&quot;action&quot;:&quot;https:\\\/\\\/moncompte.actu.fr&quot;,&quot;category&quot;:&quot;mon compte&quot;,&quot;from&quot;:&quot;article footer&quot;,&quot;name&quot;:&quot;Mon actu&quot;,&quot;type&quot;:&quot;cta&quot;}}\" target=\"_blank\">Mon Actu<\/a>.<\/p>\n","protected":false},"excerpt":{"rendered":"Par R\u00e9daction Paris Publi\u00e9 le 28 juin 2025 \u00e0 13h47 La marche des fiert\u00e9s organis\u00e9e par l\u2019Inter LGBT&hellip;\n","protected":false},"author":2,"featured_media":212188,"comment_status":"","ping_status":"","sticky":false,"template":"","format":"standard","meta":{"footnotes":""},"categories":[1888],"tags":[1111,1928,11,1927,1777,674,1076,1011,27,9087,1272,12,1926,626,1925,25,104],"class_list":{"0":"post-212187","1":"post","2":"type-post","3":"status-publish","4":"format-standard","5":"has-post-thumbnail","7":"category-paris","8":"tag-actu","9":"tag-actu-paris","10":"tag-actualites","11":"tag-actualites-paris","12":"tag-eu","13":"tag-europe","14":"tag-extreme-droite","15":"tag-fr","16":"tag-france","17":"tag-lgbt","18":"tag-manifestations","19":"tag-news","20":"tag-news-paris","21":"tag-paris","22":"tag-paris-news","23":"tag-republique-francaise","24":"tag-societe"},"share_on_mastodon":{"url":"https:\/\/pubeurope.com\/@fr\/114764029864346582","error":""},"_links":{"self":[{"href":"https:\/\/www.europesays.com\/fr\/wp-json\/wp\/v2\/posts\/212187","targetHints":{"allow":["GET"]}}],"collection":[{"href":"https:\/\/www.europesays.com\/fr\/wp-json\/wp\/v2\/posts"}],"about":[{"href":"https:\/\/www.europesays.com\/fr\/wp-json\/wp\/v2\/types\/post"}],"author":[{"embeddable":true,"href":"https:\/\/www.europesays.com\/fr\/wp-json\/wp\/v2\/users\/2"}],"replies":[{"embeddable":true,"href":"https:\/\/www.europesays.com\/fr\/wp-json\/wp\/v2\/comments?post=212187"}],"version-history":[{"count":0,"href":"https:\/\/www.europesays.com\/fr\/wp-json\/wp\/v2\/posts\/212187\/revisions"}],"wp:featuredmedia":[{"embeddable":true,"href":"https:\/\/www.europesays.com\/fr\/wp-json\/wp\/v2\/media\/212188"}],"wp:attachment":[{"href":"https:\/\/www.europesays.com\/fr\/wp-json\/wp\/v2\/media?parent=212187"}],"wp:term":[{"taxonomy":"category","embeddable":true,"href":"https:\/\/www.europesays.com\/fr\/wp-json\/wp\/v2\/categories?post=212187"},{"taxonomy":"post_tag","embeddable":true,"href":"https:\/\/www.europesays.com\/fr\/wp-json\/wp\/v2\/tags?post=212187"}],"curies":[{"name":"wp","href":"https:\/\/api.w.org\/{rel}","templated":true}]}}