{"id":212191,"date":"2025-06-29T01:22:11","date_gmt":"2025-06-29T01:22:11","guid":{"rendered":"https:\/\/www.europesays.com\/fr\/212191\/"},"modified":"2025-06-29T01:22:11","modified_gmt":"2025-06-29T01:22:11","slug":"quinte-quinte-du-dimanche-29-juin-a-saint-cloud-king-trezy-cherche-sa-course","status":"publish","type":"post","link":"https:\/\/www.europesays.com\/fr\/212191\/","title":{"rendered":"Quint\u00e9+: Quint\u00e9+ du dimanche 29 juin \u00e0 Saint-Cloud : King Trezy cherche sa course"},"content":{"rendered":"<p><strong>Les partants du Quint\u00e9+ de ce dimanche 29 juin<\/strong><strong style=\"float: left;margin-left: 2%;\">HANDICAP D&rsquo;ETE<\/strong><strong style=\"float: right;margin-right: 2%;\">DIMANCHE 29 JUIN<\/strong><br \/>SAINT-CLOUD &#8211; 2400 METRES &#8211; \u00a0<img decoding=\"async\" alt=\"picto_galop\" class=\"img2\" src=\"https:\/\/static.equidia.fr\/equidia\/discipline\/galop.svg\"\/>D\u00c9PART : 15H37<\/p>\n<tr class=\"row1\" style=\"border: thin solid #020338; width: 50%; padding: 5px; background-color: #020338; color: #FFFFFF; text-align: left; line-height: 15px;\">N\u00b0\u00a0CHEVALCORDE\u00a0JOCKEYPOIDS\u00a0ENTRA\u00ceNEURVALEURGAINS<\/tr>\n<tr class=\"row2\" style=\"text-align: left; background-color: #FFFFFF; line-height: 15px;\">\n<td class=\"col1\" style=\"text-align: center; width: 65px;font-weight: bold;\">1<\/td>\n<td class=\"col2\"><a href=\"https:\/\/www.equidia.fr\/chevaux\/chess?horse_uuid=9a58a4c2-c9df-4dbc-b1bd-be0a260a6465\" target=\"_blank\" rel=\"noopener\">CHESS<\/a><\/td>\n<td class=\"col3\" style=\"text-align: center;\">10<\/td>\n<td class=\"col4\">M.GUYON<\/td>\n<td class=\"col5\">60.5 kg<\/td>\n<td class=\"col6\">P&amp;J.BRANDT (S)<\/td>\n<td class=\"col7\" style=\"text-align: center;\">42.5<\/td>\n<td class=\"col8\" style=\"text-align: right;\">74700 \u20ac<\/td>\n<\/tr>\n<tr class=\"row3\" style=\"text-align: left; background-color: rgb(218, 218, 226); line-height: 15px;\">\n<td class=\"col1\" style=\"text-align: center; width: 65px;font-weight: bold;\">2<\/td>\n<td class=\"col2\"><a href=\"https:\/\/www.equidia.fr\/chevaux\/zoom-chop?horse_uuid=ac595635-4b52-4b27-abaa-8bfe4ad9acb0\" target=\"_blank\" rel=\"noopener\">ZOOM CHOP<\/a><\/td>\n<td class=\"col3\" style=\"text-align: center;\">9<\/td>\n<td class=\"col4\">H.JOURNIAC<\/td>\n<td class=\"col5\">58.0 kg<\/td>\n<td class=\"col6\">T.SPEICHER<\/td>\n<td class=\"col7\" style=\"text-align: center;\">40.0<\/td>\n<td class=\"col8\" style=\"text-align: right;\">118160 \u20ac<\/td>\n<\/tr>\n<tr class=\"row2\" style=\"text-align: left; background-color: #FFFFFF; line-height: 15px;\">\n<td class=\"col1\" style=\"text-align: center; width: 65px;font-weight: bold;\">3<\/td>\n<td class=\"col2\"><a href=\"https:\/\/www.equidia.fr\/chevaux\/ragnar-city?horse_uuid=0ee8d782-4fa8-403b-abd8-dbc05d5a3be4\" target=\"_blank\" rel=\"noopener\">RAGNAR CITY<\/a><\/td>\n<td class=\"col3\" style=\"text-align: center;\">13<\/td>\n<td class=\"col4\">F.VERON<\/td>\n<td class=\"col5\">57.5 kg<\/td>\n<td class=\"col6\">A.COUETIL (S)<\/td>\n<td class=\"col7\" style=\"text-align: center;\">39.5<\/td>\n<td class=\"col8\" style=\"text-align: right;\">47670 \u20ac<\/td>\n<\/tr>\n<tr class=\"row3\" style=\"text-align: left; background-color: rgb(218, 218, 226); line-height: 15px;\">\n<td class=\"col1\" style=\"text-align: center; width: 65px;font-weight: bold;\">4<\/td>\n<td class=\"col2\"><a href=\"https:\/\/www.equidia.fr\/chevaux\/nepalais?horse_uuid=d9fa0af3-a6aa-47bd-abc5-498a85b37e38\" target=\"_blank\" rel=\"noopener\">NEPALAIS<\/a><\/td>\n<td class=\"col3\" style=\"text-align: center;\">15<\/td>\n<td class=\"col4\">S.PASQUIER<\/td>\n<td class=\"col5\">57.0 kg<\/td>\n<td class=\"col6\">F.CHAPPET (S)<\/td>\n<td class=\"col7\" style=\"text-align: center;\">39.0<\/td>\n<td class=\"col8\" style=\"text-align: right;\">203040 \u20ac<\/td>\n<\/tr>\n<tr class=\"row2\" style=\"text-align: left; background-color: #FFFFFF; line-height: 15px;\">\n<td class=\"col1\" style=\"text-align: center; width: 65px;font-weight: bold;\">5<\/td>\n<td class=\"col2\"><a href=\"https:\/\/www.equidia.fr\/chevaux\/owood?horse_uuid=2fb3a1b3-3fbe-48d2-873e-b23d36cca496\" target=\"_blank\" rel=\"noopener\">O&rsquo;WOOD<\/a><\/td>\n<td class=\"col3\" style=\"text-align: center;\">5<\/td>\n<td class=\"col4\">L.ROUSSEL<\/td>\n<td class=\"col5\">56.5 kg<\/td>\n<td class=\"col6\">E.LIBAUD (S)<\/td>\n<td class=\"col7\" style=\"text-align: center;\">38.5<\/td>\n<td class=\"col8\" style=\"text-align: right;\">68370 \u20ac<\/td>\n<\/tr>\n<tr class=\"row3\" style=\"text-align: left; background-color: rgb(218, 218, 226); line-height: 15px;\">\n<td class=\"col1\" style=\"text-align: center; width: 65px;font-weight: bold;\">6<\/td>\n<td class=\"col2\"><a href=\"https:\/\/www.equidia.fr\/chevaux\/venus-oceane?horse_uuid=5e994520-20d9-468d-90f4-6cc161062cf3\" target=\"_blank\" rel=\"noopener\">VENUS OCEANE<\/a><\/td>\n<td class=\"col3\" style=\"text-align: center;\">11<\/td>\n<td class=\"col4\">T.BACHELOT<\/td>\n<td class=\"col5\">56.5 kg<\/td>\n<td class=\"col6\">S.WATTEL (S)<\/td>\n<td class=\"col7\" style=\"text-align: center;\">38.5<\/td>\n<td class=\"col8\" style=\"text-align: right;\">34775 \u20ac<\/td>\n<\/tr>\n<tr class=\"row2\" style=\"text-align: left; background-color: #FFFFFF; line-height: 15px;\">\n<td class=\"col1\" style=\"text-align: center; width: 65px;font-weight: bold;\">7<\/td>\n<td class=\"col2\"><a href=\"https:\/\/www.equidia.fr\/chevaux\/king-trezy?horse_uuid=69ea2554-81c5-4e0b-90e3-e30e0f1a0660\" target=\"_blank\" rel=\"noopener\">KING TREZY<\/a><\/td>\n<td class=\"col3\" style=\"text-align: center;\">2<\/td>\n<td class=\"col4\">C.SOUMILLON<\/td>\n<td class=\"col5\">56.0 kg<\/td>\n<td class=\"col6\">C&amp;Y.LERNER (S)<\/td>\n<td class=\"col7\" style=\"text-align: center;\">38.0<\/td>\n<td class=\"col8\" style=\"text-align: right;\">82420 \u20ac<\/td>\n<\/tr>\n<tr class=\"row3\" style=\"text-align: left; background-color: rgb(218, 218, 226); line-height: 15px;\">\n<td class=\"col1\" style=\"text-align: center; width: 65px;font-weight: bold;\">8<\/td>\n<td class=\"col2\"><a href=\"https:\/\/www.equidia.fr\/chevaux\/tilila?horse_uuid=17f94c95-7401-46b3-b841-c11f1885e70d\" target=\"_blank\" rel=\"noopener\">TILILA<\/a><\/td>\n<td class=\"col3\" style=\"text-align: center;\">1<\/td>\n<td class=\"col4\">A.POUCHIN<\/td>\n<td class=\"col5\">55.0 kg<\/td>\n<td class=\"col6\">A.FABRE (S)<\/td>\n<td class=\"col7\" style=\"text-align: center;\">37.0<\/td>\n<td class=\"col8\" style=\"text-align: right;\">71500 \u20ac<\/td>\n<\/tr>\n<tr class=\"row2\" style=\"text-align: left; background-color: #FFFFFF; line-height: 15px;\">\n<td class=\"col1\" style=\"text-align: center; width: 65px;font-weight: bold;\">9<\/td>\n<td class=\"col2\"><a href=\"https:\/\/www.equidia.fr\/chevaux\/sheemas-rose?horse_uuid=88141a18-b921-4b24-bd63-0e64536b2618\" target=\"_blank\" rel=\"noopener\">SHEEMA&rsquo;S ROSE<\/a><\/td>\n<td class=\"col3\" style=\"text-align: center;\">16<\/td>\n<td class=\"col4\">M.FAVRIAUX<\/td>\n<td class=\"col5\">55.0 kg<\/td>\n<td class=\"col6\">MME A.TINCHON<\/td>\n<td class=\"col7\" style=\"text-align: center;\">37.0<\/td>\n<td class=\"col8\" style=\"text-align: right;\">40690 \u20ac<\/td>\n<\/tr>\n<tr class=\"row3\" style=\"text-align: left; background-color: rgb(218, 218, 226); line-height: 15px;\">\n<td class=\"col1\" style=\"text-align: center; width: 65px;font-weight: bold;\">10<\/td>\n<td class=\"col2\"><a href=\"https:\/\/www.equidia.fr\/chevaux\/massimo-meridio?horse_uuid=238f186c-5f98-41a6-bf5a-e971b75b408f\" target=\"_blank\" rel=\"noopener\">MASSIMO MERIDIO<\/a><\/td>\n<td class=\"col3\" style=\"text-align: center;\">7<\/td>\n<td class=\"col4\">R.MANGIONE<\/td>\n<td class=\"col5\">55.0 kg<\/td>\n<td class=\"col6\">M.GUARNIERI<\/td>\n<td class=\"col7\" style=\"text-align: center;\">37.0<\/td>\n<td class=\"col8\" style=\"text-align: right;\">31450 \u20ac<\/td>\n<\/tr>\n<tr class=\"row2\" style=\"text-align: left; background-color: #FFFFFF; line-height: 15px;\">\n<td class=\"col1\" style=\"text-align: center; width: 65px;font-weight: bold;\">11<\/td>\n<td class=\"col2\"><a href=\"https:\/\/www.equidia.fr\/chevaux\/tiger-rock?horse_uuid=4a58e480-f8d6-4e1d-bc9f-c88f82682c35\" target=\"_blank\" rel=\"noopener\">TIGER ROCK<\/a><\/td>\n<td class=\"col3\" style=\"text-align: center;\">12<\/td>\n<td class=\"col4\">R.THOMAS<\/td>\n<td class=\"col5\">55.0 kg<\/td>\n<td class=\"col6\">C&amp;Y.LERNER (S)<\/td>\n<td class=\"col7\" style=\"text-align: center;\">37.0<\/td>\n<td class=\"col8\" style=\"text-align: right;\">28790 \u20ac<\/td>\n<\/tr>\n<tr class=\"row3\" style=\"text-align: left; background-color: rgb(218, 218, 226); line-height: 15px;\">\n<td class=\"col1\" style=\"text-align: center; width: 65px;font-weight: bold;\">12<\/td>\n<td class=\"col2\"><a href=\"https:\/\/www.equidia.fr\/chevaux\/maia-star?horse_uuid=7ce8febd-d287-4e4c-a5a7-542b98504a32\" target=\"_blank\" rel=\"noopener\">MAIA STAR<\/a><\/td>\n<td class=\"col3\" style=\"text-align: center;\">14<\/td>\n<td class=\"col4\">C.LECOEUVRE<\/td>\n<td class=\"col5\">55.0 kg<\/td>\n<td class=\"col6\">JPH .DUBOIS<\/td>\n<td class=\"col7\" style=\"text-align: center;\">37.0<\/td>\n<td class=\"col8\" style=\"text-align: right;\">28280 \u20ac<\/td>\n<\/tr>\n<tr class=\"row2\" style=\"text-align: left; background-color: #FFFFFF; line-height: 15px;\">\n<td class=\"col1\" style=\"text-align: center; width: 65px;font-weight: bold;\">13<\/td>\n<td class=\"col2\"><a href=\"https:\/\/www.equidia.fr\/chevaux\/louvagny?horse_uuid=efc73499-c3b0-48f8-951a-3f269920c555\" target=\"_blank\" rel=\"noopener\">LOUVAGNY<\/a><\/td>\n<td class=\"col3\" style=\"text-align: center;\">6<\/td>\n<td class=\"col4\">A.LEMAITRE<\/td>\n<td class=\"col5\">54.5 kg<\/td>\n<td class=\"col6\">M.DELZANGLES<\/td>\n<td class=\"col7\" style=\"text-align: center;\">36.5<\/td>\n<td class=\"col8\" style=\"text-align: right;\">31550 \u20ac<\/td>\n<\/tr>\n<tr class=\"row3\" style=\"text-align: left; background-color: rgb(218, 218, 226); line-height: 15px;\">\n<td class=\"col1\" style=\"text-align: center; width: 65px;font-weight: bold;\">14<\/td>\n<td class=\"col2\"><a href=\"https:\/\/www.equidia.fr\/chevaux\/dreams-2?horse_uuid=85124e34-45f3-4a46-b428-2cfe0b0a162d\" target=\"_blank\" rel=\"noopener\">DREAMS<\/a><\/td>\n<td class=\"col3\" style=\"text-align: center;\">3<\/td>\n<td class=\"col4\">C.DEMURO<\/td>\n<td class=\"col5\">53.5 kg<\/td>\n<td class=\"col6\">S.PECORARO<\/td>\n<td class=\"col7\" style=\"text-align: center;\">35.5<\/td>\n<td class=\"col8\" style=\"text-align: right;\">137910 \u20ac<\/td>\n<\/tr>\n<tr class=\"row2\" style=\"text-align: left; background-color: #FFFFFF; line-height: 15px;\">\n<td class=\"col1\" style=\"text-align: center; width: 65px;font-weight: bold;\">15<\/td>\n<td class=\"col2\"><a href=\"https:\/\/www.equidia.fr\/chevaux\/step-morning?horse_uuid=dcea043e-6215-4b41-8771-6acf0fd6125c\" target=\"_blank\" rel=\"noopener\">STEP MORNING<\/a><\/td>\n<td class=\"col3\" style=\"text-align: center;\">4<\/td>\n<td class=\"col4\">A.VILCHIEN<\/td>\n<td class=\"col5\">53.0 kg<\/td>\n<td class=\"col6\">MME L.HEBRARD DE VEYRINAS<\/td>\n<td class=\"col7\" style=\"text-align: center;\">35.0<\/td>\n<td class=\"col8\" style=\"text-align: right;\">96155 \u20ac<\/td>\n<\/tr>\n<tr class=\"row3\" style=\"text-align: left; background-color: rgb(218, 218, 226); line-height: 15px;\">\n<td class=\"col1\" style=\"text-align: center; width: 65px;font-weight: bold;\">16<\/td>\n<td class=\"col2\"><a href=\"https:\/\/www.equidia.fr\/chevaux\/circeo-1?horse_uuid=7bdd9f3d-78b4-4c47-ab67-04b7b42a4293\" target=\"_blank\" rel=\"noopener\">CIRCEO<\/a><\/td>\n<td class=\"col3\" style=\"text-align: center;\">8<\/td>\n<td class=\"col4\">E.HARDOUIN<\/td>\n<td class=\"col5\">51.5 kg<\/td>\n<td class=\"col6\">MME J.SOUDAN<\/td>\n<td class=\"col7\" style=\"text-align: center;\">33.5<\/td>\n<td class=\"col8\" style=\"text-align: right;\">63505 \u20ac<\/td>\n<\/tr>\n<p><strong>Les forces en pr\u00e9sence<\/strong><\/p>\n<p style=\"text-align: justify;\"><a href=\"https:\/\/www.equidia.fr\/chevaux\/king-trezy?horse_uuid=69ea2554-81c5-4e0b-90e3-e30e0f1a0660\" target=\"_blank\" rel=\"noopener\">KING TREZY (7)<\/a> n&rsquo;est pr\u00e9sent\u00e9 qu&rsquo;\u00e0 bon escient et arrive au top pour cet objectif. Associ\u00e9 cette fois \u00e0 Christophe Soumillon, c&rsquo;est peut-\u00eatre le jour J ! A 6 ans, <a href=\"https:\/\/www.equidia.fr\/chevaux\/louvagny?horse_uuid=efc73499-c3b0-48f8-951a-3f269920c555\" target=\"_blank\" rel=\"noopener\">LOUVAGNY (13)<\/a> est un sujet encore tout neuf. C&rsquo;est assur\u00e9ment une recrue int\u00e9ressante pour ce type d&rsquo;\u00e9preuve. Pr\u00e9serv\u00e9 par Alain Cou\u00e9til, <a href=\"https:\/\/www.equidia.fr\/chevaux\/ragnar-city?horse_uuid=0ee8d782-4fa8-403b-abd8-dbc05d5a3be4\" target=\"_blank\" rel=\"noopener\">RAGNAR CITY (3)<\/a> va \u00e9galement s&rsquo;\u00e9panouir dans les Quint\u00e9+. Sa place est sans probl\u00e8me parmi les cinq premiers. Dans le bas du tableau, <a href=\"https:\/\/www.equidia.fr\/chevaux\/circeo-1?horse_uuid=7bdd9f3d-78b4-4c47-ab67-04b7b42a4293\" target=\"_blank\" rel=\"noopener\">CIRCEO (16)<\/a>, grand sp\u00e9cialiste de l&rsquo;hippodrome clodoaldien, est un trouble-f\u00eate en puissance. <a href=\"https:\/\/www.equidia.fr\/chevaux\/owood?horse_uuid=2fb3a1b3-3fbe-48d2-873e-b23d36cca496\" target=\"_blank\" rel=\"noopener\">O&rsquo;WOOD (5)<\/a> s&rsquo;est impos\u00e9 \u00e0 ce niveau \u00e0 3 ans et retrouve un poids comp\u00e9titif. On s&rsquo;en m\u00e9fiera ! <a href=\"https:\/\/www.equidia.fr\/chevaux\/tilila?horse_uuid=17f94c95-7401-46b3-b841-c11f1885e70d\" target=\"_blank\" rel=\"noopener\">TILILA (8)<\/a>, qui peut tirer profit de sa pole position dans les stalles de d\u00e9part, <a href=\"https:\/\/www.equidia.fr\/chevaux\/dreams-2?horse_uuid=85124e34-45f3-4a46-b428-2cfe0b0a162d\" target=\"_blank\" rel=\"noopener\">DREAMS (14)<\/a>, dans son jardin \u00e0 Saint-Cloud, et <a href=\"https:\/\/www.equidia.fr\/chevaux\/chess?horse_uuid=9a58a4c2-c9df-4dbc-b1bd-be0a260a6465\" target=\"_blank\" rel=\"noopener\">CHESS (1)<\/a>, \u00e0 voir plut\u00f4t pour une place avec ce lourd top-weight, compl\u00e8tent notre s\u00e9lection.<\/p>\n<p><strong>Le prono de MICHEL PROD HOMME<\/strong><\/p>\n<tr cellpadding=\"0\" cellspacing=\"10\" class=\"row5\" style=\"text-align: left; background-color: #FFFFFF; font-size: 130%;\">\n<td style=\"text-align: center;\">7<\/td>\n<td style=\"text-align: center;\">13<\/td>\n<td style=\"text-align: center;\">3<\/td>\n<td style=\"text-align: center;\">16<\/td>\n<td style=\"text-align: center;\">5<\/td>\n<td style=\"text-align: center;\">8<\/td>\n<td style=\"text-align: center;\">14<\/td>\n<td style=\"text-align: center;\">1<\/td>\n<\/tr>\n<tr class=\"row6\" style=\"text-align: center; background-color: #FFFFFF; column-width: 6rem;\">\n<td class=\"col7\"><img decoding=\"async\" alt=\"casaque_KING TREZY\" class=\"cas\" src=\"https:\/\/www.europesays.com\/fr\/wp-content\/uploads\/2025\/06\/20250629-r1c4p7-png.png\" style=\" width: 70%;\"\/><\/p>\n<p class=\"col10\" style=\"font-size: x-small; line-height: 11px;;\">KING TREZY<\/p>\n<\/td>\n<td class=\"col13\"><img decoding=\"async\" alt=\"casaque_LOUVAGNY\" class=\"cas\" src=\"https:\/\/www.europesays.com\/fr\/wp-content\/uploads\/2025\/06\/20250629-r1c4p13-png.png\" style=\" width: 70%;\"\/><\/p>\n<p class=\"col10\" style=\"font-size: x-small; line-height: 11px;;\">LOUVAGNY<\/p>\n<\/td>\n<td class=\"col3\"><img decoding=\"async\" alt=\"casaque_RAGNAR CITY\" class=\"cas\" src=\"https:\/\/www.europesays.com\/fr\/wp-content\/uploads\/2025\/06\/20250629-r1c4p3-png.png\" style=\" width: 70%;\"\/><\/p>\n<p class=\"col10\" style=\"font-size: x-small; line-height: 11px;;\">RAGNAR CITY<\/p>\n<\/td>\n<td class=\"col16\"><img decoding=\"async\" alt=\"casaque_CIRCEO\" class=\"cas\" src=\"https:\/\/www.europesays.com\/fr\/wp-content\/uploads\/2025\/06\/20250629-r1c4p16-png.png\" style=\" width: 70%;\"\/><\/p>\n<p class=\"col10\" style=\"font-size: x-small; line-height: 11px;;\">CIRCEO<\/p>\n<\/td>\n<td class=\"col5\"><img decoding=\"async\" alt=\"casaque_O'WOOD\" class=\"cas\" src=\"https:\/\/www.europesays.com\/fr\/wp-content\/uploads\/2025\/06\/20250629-r1c4p5-png.png\" style=\" width: 70%;\"\/><\/p>\n<p class=\"col10\" style=\"font-size: x-small; line-height: 11px;;\">O&rsquo;WOOD<\/p>\n<\/td>\n<td class=\"col8\"><img decoding=\"async\" alt=\"casaque_TILILA\" class=\"cas\" src=\"https:\/\/www.europesays.com\/fr\/wp-content\/uploads\/2025\/06\/20250629-r1c4p8-png.png\" style=\" width: 70%;\"\/><\/p>\n<p class=\"col10\" style=\"font-size: x-small; line-height: 11px;;\">TILILA<\/p>\n<\/td>\n<td class=\"col14\"><img decoding=\"async\" alt=\"casaque_DREAMS\" class=\"cas\" src=\"https:\/\/www.europesays.com\/fr\/wp-content\/uploads\/2025\/06\/20250629-r1c4p14-png.png\" style=\" width: 70%;\"\/><\/p>\n<p class=\"col10\" style=\"font-size: x-small; line-height: 11px;;\">DREAMS<\/p>\n<\/td>\n<td class=\"col1\"><img decoding=\"async\" alt=\"casaque_CHESS\" class=\"cas\" src=\"https:\/\/www.europesays.com\/fr\/wp-content\/uploads\/2025\/06\/20250629-r1c4p1-png.png\" style=\" width: 70%;\"\/><\/p>\n<p class=\"col10\" style=\"font-size: x-small; line-height: 11px;;\">CHESS<\/p>\n<\/td>\n<\/tr>\n<p><a href=\"https:\/\/servedby.revive-adserver.net\/ck.php?n=a3265498&amp;cb=1234\" target=\"_blank\" rel=\"noopener\"><img decoding=\"async\" alt=\"\" border=\"0\" src=\"https:\/\/www.europesays.com\/fr\/wp-content\/uploads\/2025\/06\/1751160127_168_avw\"\/><\/a><\/p>\n<p><strong>Les partants en d\u00e9tail (par M. PROD HOMME) et l&rsquo;avis des pros (par M. PROD HOMME)<\/strong><\/p>\n<p id=\"ch_CHESS\" style=\"margin-bottom: 1%;\"><a href=\"https:\/\/www.equidia.fr\/chevaux\/chess?horse_uuid=9a58a4c2-c9df-4dbc-b1bd-be0a260a6465\" target=\"_blank\" rel=\"noopener\">1 &#8211; \u00a0<img decoding=\"async\" alt=\"casaque_CHESS\" src=\"https:\/\/www.europesays.com\/fr\/wp-content\/uploads\/2025\/06\/1751160127_940_20250629-r1c4p1-png.png\" style=\"width: 4.5%; margin :0; vertical-align : middle;\"\/>\u00a0\u00a0CHESS<\/a><\/p>\n<p style=\"text-align: justify;\">Il s&rsquo;est class\u00e9 quatri\u00e8me, sur le parcours, pour son unique essai \u00e0 Saint-Cloud, en d\u00e9but de carri\u00e8re. Il a ensuite gagn\u00e9 trois handicaps \u00e0 3 ans, dont un Quint\u00e9+. Il retrouve la cat\u00e9gorie apr\u00e8s un break, \u00e0 une valeur \u00e0 laquelle il doit maintenant faire ses preuves. Plut\u00f4t pour une place.<\/p>\n<p><strong>Joakim Brandt, entra\u00eeneur : <\/strong><\/p>\n<p style=\"text-align: justify;\">\u00ab Cela s&rsquo;est mal pass\u00e9 pour Chess (1) dans le Prix de Barbeville (Gr.3). Le d\u00e9roulement ne lui a pas \u00e9t\u00e9 favorable. Nous lui avons donn\u00e9 un bon break apr\u00e8s cette sortie car c&rsquo;\u00e9tait une \u00e9preuve difficile, mais tout va bien. C&rsquo;est vrai qu&rsquo;il va porter beaucoup de poids dans ce Quint\u00e9+ et qu&rsquo;il n&rsquo;a pas une marge \u00e9norme. Mais c&rsquo;est un cheval r\u00e9gulier, tr\u00e8s courageux. Il descend tout de m\u00eame de cat\u00e9gorie et a quelques atouts \u00e0 faire valoir. Une place reste \u00e0 sa port\u00e9e. \u00bb<\/p>\n<p id=\"ch_ZOOM CHOP\" style=\"margin-bottom: 1%;\"><a href=\"https:\/\/www.equidia.fr\/chevaux\/zoom-chop?horse_uuid=ac595635-4b52-4b27-abaa-8bfe4ad9acb0\" target=\"_blank\" rel=\"noopener\">2 &#8211; \u00a0<img decoding=\"async\" alt=\"casaque_ZOOM CHOP\" src=\"https:\/\/www.europesays.com\/fr\/wp-content\/uploads\/2025\/06\/20250629-r1c4p2-png.png\" style=\"width: 4.5%; margin :0; vertical-align : middle;\"\/>\u00a0\u00a0ZOOM CHOP<\/a><\/p>\n<p style=\"text-align: justify;\">Il compte deux places en trois apparitions \u00e0 Saint-Cloud, mais a \u00e9chou\u00e9 lors de son seul essai sur le parcours du jour. Il n&rsquo;est pas sorti des quatre premiers lors de ses douze derni\u00e8res sorties et s&rsquo;est class\u00e9 troisi\u00e8me pour son premier essai \u00e0 ce niveau. Il est certes p\u00e9nalis\u00e9, mais peut s&rsquo;en sortir.<\/p>\n<p><strong>Thibault Speicher, entra\u00eeneur : <\/strong><\/p>\n<p style=\"text-align: justify;\">\u00ab Zoom Chop (2) a retrouv\u00e9 la forme. Il a eu un petit passage \u00e0 vide durant hiver, mais il est revenu au mieux de sa condition. Ses deux derni\u00e8res sorties sont excellentes et j&rsquo;esp\u00e8re qu&rsquo;il va pouvoir confirmer, en d\u00e9pit de sa valeur handicap un peu \u00e9lev\u00e9e. Il a d\u00e9j\u00e0 eu l&rsquo;occasion de bien se comporter \u00e0 ce niveau en se classant troisi\u00e8me l&rsquo;ann\u00e9e derni\u00e8re \u00e0 Chantilly, mais il avait quelques kilos en moins. Certes, sa comp\u00e9titivit\u00e9 reste \u00e0 prouver, mais le cheval est au top et devrait se plaire sur ce trac\u00e9 de Saint-Cloud. \u00bb<\/p>\n<p id=\"ch_RAGNAR CITY\" style=\"margin-bottom: 1%;\"><a href=\"https:\/\/www.equidia.fr\/chevaux\/ragnar-city?horse_uuid=0ee8d782-4fa8-403b-abd8-dbc05d5a3be4\" target=\"_blank\" rel=\"noopener\">3 &#8211; \u00a0<img decoding=\"async\" alt=\"casaque_RAGNAR CITY\" src=\"https:\/\/www.europesays.com\/fr\/wp-content\/uploads\/2025\/06\/1751160128_915_20250629-r1c4p3-png.png\" style=\"width: 4.5%; margin :0; vertical-align : middle;\"\/>\u00a0\u00a0RAGNAR CITY<\/a><\/p>\n<p style=\"text-align: justify;\">Il a encore peu couru, mais a d\u00e9j\u00e0 disput\u00e9 trois Quint\u00e9+, pour une victoire et deux accessits, \u00e9chouant, en revanche, \u00e0 la sixi\u00e8me place pour son premier essai sur le parcours. Il appara\u00eet certes barr\u00e9 pour la victoire \u00e0 cette valeur, mais il a encore sa place dans les cinq premiers.<\/p>\n<p><strong>Fabrice Veron, jockey : <\/strong><\/p>\n<p style=\"text-align: justify;\">\u00ab Ragnar City (3) a fait l&rsquo;impasse sur le Quint\u00e9+ de Lyon car de fortes chaleurs \u00e9taient annonc\u00e9es. Le cheval est rest\u00e9 en pleine forme et son dernier travail en vue de cette \u00e9preuve a \u00e9t\u00e9 tr\u00e8s satisfaisant. Il est \u00e0 l&rsquo;arriv\u00e9e \u00e0 chaque fois et a assur\u00e9ment un deuxi\u00e8me Quint\u00e9+ dans les jambes. Son num\u00e9ro de corde n&rsquo;est pas avantageux, mais il n&rsquo;y a pas d&rsquo;imp\u00e9ratif avec lui, il est capable d&rsquo;adopter toutes les tactiques. Il a une vraie bonne chance \u00e0 d\u00e9fendre ce dimanche. \u00bb<\/p>\n<p id=\"ch_NEPALAIS\" style=\"margin-bottom: 1%;\"><a href=\"https:\/\/www.equidia.fr\/chevaux\/nepalais?horse_uuid=d9fa0af3-a6aa-47bd-abc5-498a85b37e38\" target=\"_blank\" rel=\"noopener\">4 &#8211; \u00a0<img decoding=\"async\" alt=\"casaque_NEPALAIS\" src=\"https:\/\/www.europesays.com\/fr\/wp-content\/uploads\/2025\/06\/20250629-r1c4p4-png.png\" style=\"width: 4.5%; margin :0; vertical-align : middle;\"\/>\u00a0\u00a0NEPALAIS<\/a><\/p>\n<p style=\"text-align: justify;\">Il compte deux accessits en autant d&rsquo;apparitions \u00e0 Saint-Cloud, mais sur plus court. Il va, en effet, \u00e9voluer sur une distance limite pour ses aptitudes. Il a largement fait ses preuves dans cette cat\u00e9gorie, mais est pris d\u00e9sormais \u00e0 une valeur qui ne lui laisse aucune marge. Un accessit seulement.<\/p>\n<p><strong>St\u00e9phane Pasquier, jockey : <\/strong><\/p>\n<p style=\"text-align: justify;\">\u00ab N\u00e9palais (4) est un bon vieux soldat. L&rsquo;allongement de la distance lui a \u00e9t\u00e9 plut\u00f4t b\u00e9n\u00e9fique. Je trouve que la derni\u00e8re fois \u00e0 Chantilly, il n&rsquo;a pas si mal couru que cela, car il s&rsquo;est retrouv\u00e9 un peu emmur\u00e9 au moment de l&#8217;emballage final. Sa marge s&rsquo;est un peu r\u00e9duite depuis sa victoire, mais il est en forme et je vous conseille tout de m\u00eame de le reprendre. \u00bb<\/p>\n<p id=\"ch_O'WOOD\" style=\"margin-bottom: 1%;\"><a href=\"https:\/\/www.equidia.fr\/chevaux\/owood?horse_uuid=2fb3a1b3-3fbe-48d2-873e-b23d36cca496\" target=\"_blank\" rel=\"noopener\">5 &#8211; \u00a0<img decoding=\"async\" alt=\"casaque_O'WOOD\" src=\"https:\/\/www.europesays.com\/fr\/wp-content\/uploads\/2025\/06\/1751160128_185_20250629-r1c4p5-png.png\" style=\"width: 4.5%; margin :0; vertical-align : middle;\"\/>\u00a0\u00a0O&rsquo;WOOD<\/a><\/p>\n<p style=\"text-align: justify;\">Ce sera une premi\u00e8re \u00e0 Saint-Cloud pour lui. Il a cependant fait ses preuves corde \u00e0 gauche. La distance repr\u00e9sente, en revanche, le maximum de sa tenue. Il avait gagn\u00e9 un Quint\u00e9+ \u00e0 3 ans et a montr\u00e9 ce printemps qu&rsquo;il redevenait comp\u00e9titif avec la cl\u00e9mence du handicapeur. Chance r\u00e9guli\u00e8re.<\/p>\n<p><strong>Eric Libaud, entra\u00eeneur : <\/strong><\/p>\n<p style=\"text-align: justify;\">\u00ab O&rsquo;Wood (5) est un cheval tr\u00e8s r\u00e9gulier. L&rsquo;autre jour \u00e0 Angers, la course est all\u00e9e trop vite pour lui. Il s&rsquo;est vite retrouv\u00e9 dans le rouge et il n&rsquo;a pas pu acc\u00e9l\u00e9rer pour finir car il s&rsquo;est un peu coup\u00e9 la gorge. Je pense que le trac\u00e9 de Saint-Cloud va davantage lui convenir, il y a aura moins de rythme et il aura plus le temps d&rsquo;acc\u00e9l\u00e9rer. Il est rest\u00e9 en forme et, m\u00eame s&rsquo;il n&rsquo;a pas trop de marge de manoeuvre, il doit \u00eatre capable de gagner un Quint\u00e9+. \u00bb<\/p>\n<p id=\"ch_VENUS OCEANE\" style=\"margin-bottom: 1%;\"><a href=\"https:\/\/www.equidia.fr\/chevaux\/venus-oceane?horse_uuid=5e994520-20d9-468d-90f4-6cc161062cf3\" target=\"_blank\" rel=\"noopener\">6 &#8211; \u00a0<img decoding=\"async\" alt=\"casaque_VENUS OCEANE\" src=\"https:\/\/www.europesays.com\/fr\/wp-content\/uploads\/2025\/06\/20250629-r1c4p6-png.png\" style=\"width: 4.5%; margin :0; vertical-align : middle;\"\/>\u00a0\u00a0VENUS OCEANE<\/a><\/p>\n<p style=\"text-align: justify;\">Cette jument tr\u00e8s s\u00e9rieuse compte une victoire (sur le parcours) et un accessit en trois apparitions \u00e0 Saint-Cloud. Elle a, en revanche, \u00e9chou\u00e9 pour son premier essai \u00e0 ce niveau, \u00e0 3 ans. Ecart\u00e9e plusieurs mois des pistes, elle a une course de rentr\u00e9e dans les jambes et pose un point d&rsquo;interrogation.<\/p>\n<p><strong>Th\u00e9o Bachelot, jockey : <\/strong><\/p>\n<p style=\"text-align: justify;\">\u00ab V\u00e9nus Oc\u00e9ane (6) a r\u00e9alis\u00e9 une bonne rentr\u00e9e derni\u00e8rement sur l&rsquo;hippodrome d&rsquo;Argentan. Elle devrait afficher des progr\u00e8s. Maintenant, c&rsquo;est une pouliche qui affectionne les pistes tr\u00e8s souples et cela ne sera pas le cas ce dimanche, je pense donc que cela va \u00eatre compliqu\u00e9. Il faut lui laisser un peu de temps. Elle devrait pouvoir se montrer comp\u00e9titive lorsqu&rsquo;elle trouvera un terrain \u00e0 sa convenance. \u00bb<\/p>\n<p id=\"ch_KING TREZY\" style=\"margin-bottom: 1%;\"><a href=\"https:\/\/www.equidia.fr\/chevaux\/king-trezy?horse_uuid=69ea2554-81c5-4e0b-90e3-e30e0f1a0660\" target=\"_blank\" rel=\"noopener\">7 &#8211; \u00a0<img decoding=\"async\" alt=\"casaque_KING TREZY\" src=\"https:\/\/www.europesays.com\/fr\/wp-content\/uploads\/2025\/06\/1751160129_372_20250629-r1c4p7-png.png\" style=\"width: 4.5%; margin :0; vertical-align : middle;\"\/>\u00a0\u00a0KING TREZY<\/a><\/p>\n<p style=\"text-align: justify;\">Il s&rsquo;est class\u00e9 troisi\u00e8me pour son seul essai \u00e0 Saint-Cloud (2000 m), \u00e0 3 ans. Il se r\u00e9v\u00e8le sur la distance classique cette saison et n&rsquo;est pas sorti du podium en quatre apparitions dans les Quint\u00e9+. Christophe Soumillon l&rsquo;a d\u00e9j\u00e0 mont\u00e9 une fois, \u00e0 3 ans (3e). Tous les feux sont au vert.<\/p>\n<p><strong>Yann Lerner, entra\u00eeneur : <\/strong><\/p>\n<p style=\"text-align: justify;\">\u00ab King Trezy (7) a tr\u00e8s bien couru derni\u00e8rement sur l&rsquo;hippodrome de Chantilly. C&rsquo;est un cheval tr\u00e8s r\u00e9gulier. Il semble reparti sur d&rsquo;aussi bonnes bases que l&rsquo;ann\u00e9e derni\u00e8re. Il est rest\u00e9 en pleine forme. Tous les feux sont au vert. \u00bb<\/p>\n<p id=\"ch_TILILA\" style=\"margin-bottom: 1%;\"><a href=\"https:\/\/www.equidia.fr\/chevaux\/tilila?horse_uuid=17f94c95-7401-46b3-b841-c11f1885e70d\" target=\"_blank\" rel=\"noopener\">8 &#8211; \u00a0<img decoding=\"async\" alt=\"casaque_TILILA\" src=\"https:\/\/www.europesays.com\/fr\/wp-content\/uploads\/2025\/06\/1751160129_777_20250629-r1c4p8-png.png\" style=\"width: 4.5%; margin :0; vertical-align : middle;\"\/>\u00a0\u00a0TILILA<\/a><\/p>\n<p style=\"text-align: justify;\">Elle affiche 100% de r\u00e9ussite \u00e0 Saint-Cloud, avec une victoire et un accessit, sur 2100 m\u00e8tres. Elle a, en revanche, essuy\u00e9 un \u00e9chec radical pour son premier essai sur la distance classique, dans un Quint\u00e9+. Andr\u00e9 Fabre n&rsquo;insisterait toutefois pas sans quelques garanties. On garde.<\/p>\n<p><strong>Alexis Pouchin, jockey : <\/strong><\/p>\n<p style=\"text-align: justify;\">\u00ab Tilila (8) a termin\u00e9 plaisamment l&rsquo;autre jour \u00e0 Saint-Cloud. Mais elle poss\u00e8de moins de marge de man\u0153uvre depuis qu&rsquo;elle a gagn\u00e9 son Quint\u00e9+. Nous allons essayer d&rsquo;accrocher une bonne place. \u00bb<\/p>\n<p id=\"ch_SHEEMA'S ROSE\" style=\"margin-bottom: 1%;\"><a href=\"https:\/\/www.equidia.fr\/chevaux\/sheemas-rose?horse_uuid=88141a18-b921-4b24-bd63-0e64536b2618\" target=\"_blank\" rel=\"noopener\">9 &#8211; \u00a0<img decoding=\"async\" alt=\"casaque_SHEEMA'S ROSE\" src=\"https:\/\/www.europesays.com\/fr\/wp-content\/uploads\/2025\/06\/20250629-r1c4p9-png.png\" style=\"width: 4.5%; margin :0; vertical-align : middle;\"\/>\u00a0\u00a0SHEEMA&rsquo;S ROSE<\/a><\/p>\n<p style=\"text-align: justify;\">Elle s&rsquo;est class\u00e9e deuxi\u00e8me pour son seul essai \u00e0 Saint-Cloud (2100 m), \u00e0 3 ans. D\u00e9cevante ce printemps, elle a refait surface en prenant la quatri\u00e8me place d&rsquo;un Quint\u00e9+, sur 2800 m\u00e8tres, \u00e0 Compi\u00e8gne. Elle devra composer avec le 16 dans les stalles de d\u00e9part. En fin de combinaison.<\/p>\n<p><strong>Armony Tinchon, entra\u00eeneur : <\/strong><\/p>\n<p style=\"text-align: justify;\">\u00ab J&rsquo;\u00e9tais tr\u00e8s satisfaite de la performance de Sheema&rsquo;s Rose (9) \u00e0 Compi\u00e8gne. Elle disputait son premier Quint\u00e9+ et s&rsquo;est montr\u00e9e tr\u00e8s dure. Elle n&rsquo;a pas \u00e9t\u00e9 \u00e9prouv\u00e9e par la course. Nous avons donc d\u00e9cid\u00e9 de la suppl\u00e9menter dans cette \u00e9preuve, d&rsquo;autant qu&rsquo;elle devrait trouver un terrain plus \u00e0 sa convenance. Malheureusement, nous n&rsquo;avons encore pas \u00e9t\u00e9 g\u00e2t\u00e9s par le tirage au sort des places \u00e0 la corde, car elle a h\u00e9rit\u00e9 du num\u00e9ro 16. Toutefois, cela ne l&rsquo;a pas emp\u00each\u00e9e de performer derni\u00e8rement. J&rsquo;esp\u00e8re qu&rsquo;elle va pouvoir confirmer. \u00bb<\/p>\n<p id=\"ch_MASSIMO MERIDIO\" style=\"margin-bottom: 1%;\"><a href=\"https:\/\/www.equidia.fr\/chevaux\/massimo-meridio?horse_uuid=238f186c-5f98-41a6-bf5a-e971b75b408f\" target=\"_blank\" rel=\"noopener\">10 &#8211; \u00a0<img decoding=\"async\" alt=\"casaque_MASSIMO MERIDIO\" src=\"https:\/\/www.europesays.com\/fr\/wp-content\/uploads\/2025\/06\/20250629-r1c4p10-png.png\" style=\"width: 4.5%; margin :0; vertical-align : middle;\"\/>\u00a0\u00a0MASSIMO MERIDIO<\/a><\/p>\n<p style=\"text-align: justify;\">Il affiche 100% de r\u00e9ussite \u00e0 Saint-Cloud : une victoire (sur le parcours) et une place. Il compte, en revanche, deux \u00e9checs en autant d&rsquo;apparitions dans les Quint\u00e9+ et reste sur une tentative d\u00e9cevante \u00e0 Bordeaux. M\u00eame s&rsquo;il b\u00e9n\u00e9ficie d&rsquo;une livre de remise, nous pr\u00e9f\u00e9rons le revoir.<\/p>\n<p><strong>Maurizio Guarnieri, entra\u00eeneur : <\/strong><\/p>\n<p style=\"text-align: justify;\">\u00ab Il faut oublier la derni\u00e8re sortie de Massimo Meridio (10) \u00e0 Bordeaux. Rien ne s&rsquo;est pass\u00e9 comme pr\u00e9vu, il ne faut pas le juger l\u00e0-dessus. Il y a eu une temp\u00eate avant la course et le terrain est devenu tr\u00e8s particulier. En outre, le cheval a perdu un fer durant le parcours. Sa forme est bonne et il a d\u00e9j\u00e0 gagn\u00e9 sur ce parcours de Saint-Cloud. J&rsquo;esp\u00e8re qu&rsquo;il va pouvoir se racheter. Nous allons le munir d&rsquo;\u0153ill\u00e8res cette fois, car c&rsquo;est un cheval compliqu\u00e9, qui fait preuve d&rsquo;un peu de caract\u00e8re. \u00bb<\/p>\n<p id=\"ch_TIGER ROCK\" style=\"margin-bottom: 1%;\"><a href=\"https:\/\/www.equidia.fr\/chevaux\/tiger-rock?horse_uuid=4a58e480-f8d6-4e1d-bc9f-c88f82682c35\" target=\"_blank\" rel=\"noopener\">11 &#8211; \u00a0<img decoding=\"async\" alt=\"casaque_TIGER ROCK\" src=\"https:\/\/www.europesays.com\/fr\/wp-content\/uploads\/2025\/06\/20250629-r1c4p11-png.png\" style=\"width: 4.5%; margin :0; vertical-align : middle;\"\/>\u00a0\u00a0TIGER ROCK<\/a><\/p>\n<p style=\"text-align: justify;\">Ce sera une premi\u00e8re corde \u00e0 gauche pour ce sujet encore peu exp\u00e9riment\u00e9, qui va, en revanche, \u00e9voluer sur sa meilleure distance. Il a disput\u00e9 deux Quint\u00e9+, avec pour meilleur r\u00e9sultat une sixi\u00e8me place. Il devient progressivement comp\u00e9titif au poids. Pas impossible.<\/p>\n<p><strong>Yann Lerner, entra\u00eeneur : <\/strong><\/p>\n<p style=\"text-align: justify;\">\u00ab Tiger Rock (11) est mieux cette saison par rapport \u00e0 l&rsquo;ann\u00e9e derni\u00e8re. Il a \u00e9t\u00e9 assez malheureux la derni\u00e8re fois dans le Grand Handicap de Chantilly. Il a r\u00e9alis\u00e9 un bon effort pour finir. Je pense qu&rsquo;il devrait prochainement trouver son jour \u00e0 ce niveau. \u00bb<\/p>\n<p id=\"ch_MAIA STAR\" style=\"margin-bottom: 1%;\"><a href=\"https:\/\/www.equidia.fr\/chevaux\/maia-star?horse_uuid=7ce8febd-d287-4e4c-a5a7-542b98504a32\" target=\"_blank\" rel=\"noopener\">12 &#8211; \u00a0<img decoding=\"async\" alt=\"casaque_MAIA STAR\" src=\"https:\/\/www.europesays.com\/fr\/wp-content\/uploads\/2025\/06\/20250629-r1c4p12-png.png\" style=\"width: 4.5%; margin :0; vertical-align : middle;\"\/>\u00a0\u00a0MAIA STAR<\/a><\/p>\n<p style=\"text-align: justify;\">Une troisi\u00e8me place (sur cinq) est son seul r\u00e9sultat positif en quatre tentatives \u00e0 Saint-Cloud. Elle a fait ses preuves sur 2400 m\u00e8tres en d\u00e9but de carri\u00e8re, mais s&rsquo;est sp\u00e9cialis\u00e9e sur les distances interm\u00e9diaires ensuite. Elle n&rsquo;a pu faire mieux que cinqui\u00e8me en trois Quint\u00e9+. En bout de piste.<\/p>\n<p><strong>L&rsquo;avis du reporter : <\/strong><\/p>\n<p style=\"text-align: justify;\">\u00ab Maia Star (12) a bien couru lors de ses trois sorties \u00e0 ce niveau, mais ne semble pas avoir beaucoup de marge de man\u0153uvre \u00e0 cette valeur. L&rsquo;allongement de la distance sera probablement \u00e0 son avantage car elle est capable de belles fins de course. On peut l&rsquo;envisager pour une place en fin de combinaison. \u00bb<\/p>\n<p id=\"ch_LOUVAGNY\" style=\"margin-bottom: 1%;\"><a href=\"https:\/\/www.equidia.fr\/chevaux\/louvagny?horse_uuid=efc73499-c3b0-48f8-951a-3f269920c555\" target=\"_blank\" rel=\"noopener\">13 &#8211; \u00a0<img decoding=\"async\" alt=\"casaque_LOUVAGNY\" src=\"https:\/\/www.europesays.com\/fr\/wp-content\/uploads\/2025\/06\/1751160130_957_20250629-r1c4p13-png.png\" style=\"width: 4.5%; margin :0; vertical-align : middle;\"\/>\u00a0\u00a0LOUVAGNY<\/a><\/p>\n<p style=\"text-align: justify;\">Il n&rsquo;a pas \u00e9t\u00e9 revu \u00e0 Saint-Cloud depuis une troisi\u00e8me place pour ses premiers pas, \u00e0 3 ans. Il faut dire qu&rsquo;il a peu couru depuis, s&rsquo;imposant toutefois sur 2500 m\u00e8tres \u00e0 ParisLongchamp. Il s&rsquo;est \u00e9galement r\u00e9v\u00e9l\u00e9 sur la m\u00eame piste \u00e0 ce niveau (4e), au d\u00e9but du mois. Attention \u00e0 lui !<\/p>\n<p><strong>L&rsquo;avis du reporter : <\/strong><\/p>\n<p style=\"text-align: justify;\">\u00ab Auteur d&rsquo;une bonne rentr\u00e9e sur l&rsquo;hippodrome de Fontainebleau, Louvagny (13) a couru en progr\u00e8s en dernier lieu \u00e0 ParisLongchamp et a prouv\u00e9 sa comp\u00e9titivit\u00e9 \u00e0 ce niveau. C&rsquo;est un cheval qui semble avoir besoin de terrains souples pour s&rsquo;exprimer pleinement. Si la piste ne s\u00e8che pas trop, il devrait pouvoir confirmer. \u00bb<\/p>\n<p id=\"ch_DREAMS\" style=\"margin-bottom: 1%;\"><a href=\"https:\/\/www.equidia.fr\/chevaux\/dreams-2?horse_uuid=85124e34-45f3-4a46-b428-2cfe0b0a162d\" target=\"_blank\" rel=\"noopener\">14 &#8211; \u00a0<img decoding=\"async\" alt=\"casaque_DREAMS\" src=\"https:\/\/www.europesays.com\/fr\/wp-content\/uploads\/2025\/06\/1751160130_13_20250629-r1c4p14-png.png\" style=\"width: 4.5%; margin :0; vertical-align : middle;\"\/>\u00a0\u00a0DREAMS<\/a><\/p>\n<p style=\"text-align: justify;\">Il affiche un pourcentage de r\u00e9ussite sup\u00e9rieur \u00e0 la moyenne dans les trois premiers \u00e0 Saint-Cloud (8 sur 14) ! C&rsquo;est moins positif dans les Quint\u00e9+, avec une seule troisi\u00e8me place en huit tentatives. Il reste sur une victoire ici m\u00eame fin avril et subit une p\u00e9nalit\u00e9 de trois kilos. Pourquoi pas ?<\/p>\n<p><strong>Stefano Pecoraro, entra\u00eeneur : <\/strong><\/p>\n<p style=\"text-align: justify;\">\u00ab Dreams (14) adore la piste de Saint-Cloud et s&rsquo;est impos\u00e9 tr\u00e8s facilement lors de sa derni\u00e8re sortie. Il n&rsquo;a pas couru depuis car c&rsquo;est un cheval qui affectionne plut\u00f4t le terrain souple. Ce n&rsquo;est pas plus mal d&rsquo;arriver avec un peu de fra\u00eecheur. Les orages tomb\u00e9s ce jeudi sont plut\u00f4t une bonne nouvelle et j&rsquo;esp\u00e8re que la piste ne va pas trop s\u00e9cher d&rsquo;ici l\u00e0. Il est en pleine forme et nous avons un petit poids. J&rsquo;esp\u00e8re qu&rsquo;il va bien courir. \u00bb<\/p>\n<p id=\"ch_STEP MORNING\" style=\"margin-bottom: 1%;\"><a href=\"https:\/\/www.equidia.fr\/chevaux\/step-morning?horse_uuid=dcea043e-6215-4b41-8771-6acf0fd6125c\" target=\"_blank\" rel=\"noopener\">15 &#8211; \u00a0<img decoding=\"async\" alt=\"casaque_STEP MORNING\" src=\"https:\/\/www.europesays.com\/fr\/wp-content\/uploads\/2025\/06\/20250629-r1c4p15-png.png\" style=\"width: 4.5%; margin :0; vertical-align : middle;\"\/>\u00a0\u00a0STEP MORNING<\/a><\/p>\n<p style=\"text-align: justify;\">Il va se produire pour la premi\u00e8re fois \u00e0 Saint-Cloud. Il n&rsquo;est, en revanche, pas sorti des quatre premiers en sept tentatives corde \u00e0 gauche. Ce sujet poss\u00e9dant une tenue \u00e0 toute \u00e9preuve n&rsquo;a encore jamais couru sur aussi court ! Il dispute \u00e9galement son premier Quint\u00e9+. Pas d&#8217;emballement.<\/p>\n<p><strong>Laura H\u00e9brard de Veyrinas, entra\u00eeneur : <\/strong><\/p>\n<p style=\"text-align: justify;\">\u00ab Step Morning (15) a r\u00e9alis\u00e9 une rentr\u00e9e tr\u00e8s correcte. La piste de Nantes est s\u00e9lective et, en d\u00e9pit d&rsquo;un parcours peu favorable, il a tout de m\u00eame bien couru. L&rsquo;opposition de ce dimanche est relev\u00e9e et il aurait probablement \u00e9t\u00e9 plus performant dans la deuxi\u00e8me \u00e9preuve. Mais le cheval est en forme et le petit poids reste tout de m\u00eame un avantage non n\u00e9gligeable. Il a perform\u00e9 sur des distances un peu plus longues, mais il devrait bien faire aussi sur 2 400 m\u00e8tres. On va voir ce que cela donne. \u00bb<\/p>\n<p id=\"ch_CIRCEO\" style=\"margin-bottom: 1%;\"><a href=\"https:\/\/www.equidia.fr\/chevaux\/circeo-1?horse_uuid=7bdd9f3d-78b4-4c47-ab67-04b7b42a4293\" target=\"_blank\" rel=\"noopener\">16 &#8211; \u00a0<img decoding=\"async\" alt=\"casaque_CIRCEO\" src=\"https:\/\/www.europesays.com\/fr\/wp-content\/uploads\/2025\/06\/1751160130_922_20250629-r1c4p16-png.png\" style=\"width: 4.5%; margin :0; vertical-align : middle;\"\/>\u00a0\u00a0CIRCEO<\/a><\/p>\n<p style=\"text-align: justify;\">Il n&rsquo;est pas sorti des quatre premiers en sept apparitions \u00e0 Saint-Cloud, avec notamment un accessit d&rsquo;honneur sur le parcours du jour, au d\u00e9but du mois. Dans les Quint\u00e9+, c&rsquo;est deux places pour cinq tentatives. M\u00eame s&rsquo;il doit changer de partenaire, il faudra compter avec lui.<\/p>\n<p><strong>Jos\u00e9phine Soudan, entra\u00eeneur : <\/strong><\/p>\n<p style=\"text-align: justify;\">\u00ab C&rsquo;est un coup de poker avec Circeo (16) ! Nous sommes tomb\u00e9s dans le Quint\u00e9+ au dernier moment. On tente car nous avons un petit poids. Le cheval est en forme, mais nous aurait \u00e9t\u00e9 plus comp\u00e9titif dans la deuxi\u00e8me \u00e9preuve. Son num\u00e9ro de corde est correct et le terrain annonc\u00e9 bon souple sera \u00e0 sa convenance. Nous sommes tr\u00e8s contents de sa derni\u00e8re course \u00e0 Saint-Cloud. Il a montr\u00e9 qu&rsquo;il avait repris du mordant. Maintenant, il faut lui cacher l&rsquo;effort au maximum et que tout se d\u00e9roule au mieux pour qu&rsquo;il puisse performer. \u00bb<\/p>\n<p><strong>Les favoris de la presse<\/strong><\/p>\n<p class=\"synthese\"><strong>SYNTH\u00c8SE \u00a0\u00a0\u00a0\u00a07\u00a0\u00a0&#8211;\u00a0\u00a011\u00a0\u00a0&#8211;\u00a0\u00a03\u00a0\u00a0&#8211;\u00a0\u00a013\u00a0\u00a0&#8211;\u00a0\u00a08\u00a0\u00a0&#8211;\u00a0\u00a05\u00a0\u00a0&#8211;\u00a0\u00a016\u00a0\u00a0&#8211;\u00a0\u00a04<\/strong><\/p>\n<p><a href=\"https:\/\/servedby.revive-adserver.net\/ck.php?n=aa10a822&amp;cb=1234\" target=\"_blank\" rel=\"noopener\"><img decoding=\"async\" alt=\"\" border=\"0\" src=\"https:\/\/www.europesays.com\/fr\/wp-content\/uploads\/2025\/06\/1751160131_973_avw\"\/><\/a><\/p>\n<p><strong>Les stats du jour<\/strong><\/p>\n<p><img decoding=\"async\" src=\"https:\/\/www.europesays.com\/fr\/wp-content\/uploads\/2025\/06\/0629_stats-web-jpg\"\/><\/p>\n<p><strong>Nos \u00e9missions de pronos<\/strong><a href=\"https:\/\/www.equidia.fr\/emissions\/3-mn-q-2023\" target=\"_blank\" rel=\"noopener\"><img decoding=\"async\" alt=\"3min-pronos\" class=\"img_prono\" src=\"https:\/\/www.europesays.com\/fr\/wp-content\/uploads\/2025\/04\/vignette-article-3min-pronos-jpg-1.jpeg\"\/><\/a>3 mn PRONOS du 29\/06<br \/>(Disponible samedi 28 juin 2025, \u00e0 partir de 17h55)<a href=\"https:\/\/www.equidia.fr\/emissions\/ticket-gagnant-2023\" target=\"_blank\" rel=\"noopener\"><img decoding=\"async\" alt=\"ticket-gagnant\" class=\"img_prono\" src=\"https:\/\/www.europesays.com\/fr\/wp-content\/uploads\/2025\/04\/vignette-article-ticket-gagnant-jpg-1.jpeg\"\/><\/a>TICKET GAGNANT du 29\/06<br \/>(Disponible samedi 28 juin 2025, \u00e0 partir de 18h00)<\/p>\n","protected":false},"excerpt":{"rendered":"Les partants du Quint\u00e9+ de ce dimanche 29 juinHANDICAP D&rsquo;ETEDIMANCHE 29 JUINSAINT-CLOUD &#8211; 2400 METRES &#8211; \u00a0D\u00c9PART :&hellip;\n","protected":false},"author":2,"featured_media":212192,"comment_status":"","ping_status":"","sticky":false,"template":"","format":"standard","meta":{"footnotes":""},"categories":[1888],"tags":[11,1777,674,1011,27,3014,12,626,3016,1821,3015,25],"class_list":{"0":"post-212191","1":"post","2":"type-post","3":"status-publish","4":"format-standard","5":"has-post-thumbnail","7":"category-paris","8":"tag-actualites","9":"tag-eu","10":"tag-europe","11":"tag-fr","12":"tag-france","13":"tag-galop","14":"tag-news","15":"tag-paris","16":"tag-plat","17":"tag-pronostics","18":"tag-qrcode","19":"tag-republique-francaise"},"share_on_mastodon":{"url":"https:\/\/pubeurope.com\/@fr\/114764038995599321","error":""},"_links":{"self":[{"href":"https:\/\/www.europesays.com\/fr\/wp-json\/wp\/v2\/posts\/212191","targetHints":{"allow":["GET"]}}],"collection":[{"href":"https:\/\/www.europesays.com\/fr\/wp-json\/wp\/v2\/posts"}],"about":[{"href":"https:\/\/www.europesays.com\/fr\/wp-json\/wp\/v2\/types\/post"}],"author":[{"embeddable":true,"href":"https:\/\/www.europesays.com\/fr\/wp-json\/wp\/v2\/users\/2"}],"replies":[{"embeddable":true,"href":"https:\/\/www.europesays.com\/fr\/wp-json\/wp\/v2\/comments?post=212191"}],"version-history":[{"count":0,"href":"https:\/\/www.europesays.com\/fr\/wp-json\/wp\/v2\/posts\/212191\/revisions"}],"wp:featuredmedia":[{"embeddable":true,"href":"https:\/\/www.europesays.com\/fr\/wp-json\/wp\/v2\/media\/212192"}],"wp:attachment":[{"href":"https:\/\/www.europesays.com\/fr\/wp-json\/wp\/v2\/media?parent=212191"}],"wp:term":[{"taxonomy":"category","embeddable":true,"href":"https:\/\/www.europesays.com\/fr\/wp-json\/wp\/v2\/categories?post=212191"},{"taxonomy":"post_tag","embeddable":true,"href":"https:\/\/www.europesays.com\/fr\/wp-json\/wp\/v2\/tags?post=212191"}],"curies":[{"name":"wp","href":"https:\/\/api.w.org\/{rel}","templated":true}]}}