{"id":212197,"date":"2025-06-29T01:25:11","date_gmt":"2025-06-29T01:25:11","guid":{"rendered":"https:\/\/www.europesays.com\/fr\/212197\/"},"modified":"2025-06-29T01:25:11","modified_gmt":"2025-06-29T01:25:11","slug":"lavancee-russe-dans-la-region-de-soumy-a-ete-stoppee-affirme-un-commandant-ukrainien","status":"publish","type":"post","link":"https:\/\/www.europesays.com\/fr\/212197\/","title":{"rendered":"L&rsquo;avanc\u00e9e russe dans la r\u00e9gion de Soumy a \u00e9t\u00e9 stopp\u00e9e affirme un commandant ukrainien"},"content":{"rendered":"<p>  Par&amp;nbsp<a href=\"https:\/\/fr.euronews.com\/profils\/2820\" rel=\"nofollow noopener\" target=\"_blank\">Somaya Aqad<\/a>&amp;nbsp&amp;&amp;nbsp<b>Euronews<\/b>&amp;nbspavec&amp;nbsp<b>AP<\/b><\/p>\n<p>\n                    Publi\u00e9 le                 27\/06\/2025 &#8211; 20:42 UTC+2\u2022Mis \u00e0 jour<br \/>\n                                     21:07<\/p>\n<p><img decoding=\"async\" class=\"c-ad__placeholder__logo\" src=\"https:\/\/static.euronews.com\/website\/images\/logos\/logo-euronews-grey-6-180x22.svg\" width=\"180\" height=\"22\" alt=\"\" loading=\"lazy\"\/>PUBLICIT\u00c9<\/p>\n<p>Les forces ukrainiennes ont stopp\u00e9 la r\u00e9cente avanc\u00e9e de la Russie dans la r\u00e9gion de Soumy, au nord-est du pays, et stabilis\u00e9 la ligne de front pr\u00e8s de la fronti\u00e8re russe, a d\u00e9clar\u00e9 jeudi le commandant en chef de l&rsquo;arm\u00e9e ukrainienne.<\/p>\n<p>Oleksandr Syrskyi a d\u00e9clar\u00e9 que le succ\u00e8s de la d\u00e9fense dans la r\u00e9gion de Soumy avait emp\u00each\u00e9 la Russie de red\u00e9ployer environ 50 000 soldats, dont des brigades d&rsquo;\u00e9lite a\u00e9roport\u00e9e et de la marine, vers d&rsquo;autres parties de la ligne de front.<\/p>\n<p>\u00ab\u00a0Sur la base des r\u00e9sultats de mai et juin, nous pouvons dire que la vague de l&rsquo;offensive estivale de l&rsquo;ennemi depuis le territoire russe s&rsquo;essouffle cette ann\u00e9e\u00a0\u00bb, a expliqu\u00e9 le militaire. Vendredi, Moscou n&rsquo;avait pas encore r\u00e9agit \u00e0 ces affirmations. <\/p>\n<p>Ces derniers mois, les forces russes ont r\u00e9alis\u00e9 des avanc\u00e9es lentes et co\u00fbteuses sur certaines parties de la ligne de front, longue d&rsquo;environ 1 000 kilom\u00e8tres.<\/p>\n<p>Une zone tr\u00e8s disput\u00e9e<\/p>\n<p>Leurs avanc\u00e9es progressives se sont faites au prix de lourdes pertes et d&rsquo;\u00e9quipements endommag\u00e9s. L&rsquo;arm\u00e9e ukrainienne, en inf\u00e9riorit\u00e9 num\u00e9rique, s&rsquo;est fortement appuy\u00e9e sur les drones pour repousser les troupes russes.<\/p>\n<p>Situ\u00e9e \u00e0 une vingtaine de kilom\u00e8tre du front, la ville ukrainienne de Soumy comptait avant la guerre environ 250 000 habitants.<\/p>\n<p>Le commandant Syrkskyi a d\u00e9clar\u00e9 qu&rsquo;un groupe sp\u00e9cial de d\u00e9fense avait \u00e9t\u00e9 form\u00e9 pour am\u00e9liorer la s\u00e9curit\u00e9 et la d\u00e9fense de la ville et des communaut\u00e9s environnantes. L&rsquo;accent est mis sur l&rsquo;am\u00e9lioration des fortifications et l&rsquo;acc\u00e9l\u00e9ration de la construction de barri\u00e8res d\u00e9fensives suppl\u00e9mentaires.<\/p>\n<p>En mars, les forces ukrainiennes se sont retir\u00e9es de certaines parties de la r\u00e9gion russe voisine de Koursk, qu&rsquo;elles contr\u00f4laient apr\u00e8s avoir lanc\u00e9 une incursion en ao\u00fbt 2024.<\/p>\n<p>Leur retrait a permis aux forces russes de reprendre une partie du terrain dans la r\u00e9gion de Koursk, avant d&rsquo;avancer de deux \u00e0 douze kilom\u00e8tres en territoire ukrainien, selon des estimations divergentes.<\/p>\n<p>Pourparlers dans l&rsquo;impasse<\/p>\n<p>Des mois d&rsquo;efforts internationaux men\u00e9s par les \u00c9tats-Unis pour n\u00e9gocier un cessez-le-feu &#8211; qui a largement d\u00e9pass\u00e9 les trois ans &#8211; ont \u00e9chou\u00e9. Le seul r\u00e9sultat tangible des pourparlers a \u00e9t\u00e9 l&rsquo;accord sur une s\u00e9rie d&rsquo;\u00e9changes de prisonniers de guerre. <a href=\"https:\/\/fr.euronews.com\/my-europe\/2025\/06\/27\/guerre-en-ukraine-nouvel-echange-de-soldats-prisonniers\" rel=\"nofollow noopener\" target=\"_blank\"><strong>Le plus r\u00e9cent a eu lieu ce jeudi<\/strong><\/a>.<\/p>\n<p>Le quartier g\u00e9n\u00e9ral ukrainien de coordination des prisonniers de guerre a d\u00e9clar\u00e9 que l&rsquo;\u00e9change concernait des soldats gravement bless\u00e9s ou malades. Le plus jeune d&rsquo;entre eux est \u00e2g\u00e9 de 24 ans et le plus \u00e2g\u00e9 de 62 ans, et les responsables ont ajout\u00e9 que d&rsquo;autres \u00e9changes devraient avoir lieu prochainement.<\/p>\n","protected":false},"excerpt":{"rendered":"Par&amp;nbspSomaya Aqad&amp;nbsp&amp;&amp;nbspEuronews&amp;nbspavec&amp;nbspAP Publi\u00e9 le 27\/06\/2025 &#8211; 20:42 UTC+2\u2022Mis \u00e0 jour 21:07 PUBLICIT\u00c9 Les forces ukrainiennes ont stopp\u00e9 la&hellip;\n","protected":false},"author":2,"featured_media":212198,"comment_status":"","ping_status":"","sticky":false,"template":"","format":"standard","meta":{"footnotes":""},"categories":[1590],"tags":[11,1777,674,131,2025,12,220],"class_list":{"0":"post-212197","1":"post","2":"type-post","3":"status-publish","4":"format-standard","5":"has-post-thumbnail","7":"category-ukraine","8":"tag-actualites","9":"tag-eu","10":"tag-europe","11":"tag-guerre-en-ukraine","12":"tag-invasion-de-la-russie-en-ukraine","13":"tag-news","14":"tag-ukraine"},"share_on_mastodon":{"url":"https:\/\/pubeurope.com\/@fr\/114764049490119041","error":""},"_links":{"self":[{"href":"https:\/\/www.europesays.com\/fr\/wp-json\/wp\/v2\/posts\/212197","targetHints":{"allow":["GET"]}}],"collection":[{"href":"https:\/\/www.europesays.com\/fr\/wp-json\/wp\/v2\/posts"}],"about":[{"href":"https:\/\/www.europesays.com\/fr\/wp-json\/wp\/v2\/types\/post"}],"author":[{"embeddable":true,"href":"https:\/\/www.europesays.com\/fr\/wp-json\/wp\/v2\/users\/2"}],"replies":[{"embeddable":true,"href":"https:\/\/www.europesays.com\/fr\/wp-json\/wp\/v2\/comments?post=212197"}],"version-history":[{"count":0,"href":"https:\/\/www.europesays.com\/fr\/wp-json\/wp\/v2\/posts\/212197\/revisions"}],"wp:featuredmedia":[{"embeddable":true,"href":"https:\/\/www.europesays.com\/fr\/wp-json\/wp\/v2\/media\/212198"}],"wp:attachment":[{"href":"https:\/\/www.europesays.com\/fr\/wp-json\/wp\/v2\/media?parent=212197"}],"wp:term":[{"taxonomy":"category","embeddable":true,"href":"https:\/\/www.europesays.com\/fr\/wp-json\/wp\/v2\/categories?post=212197"},{"taxonomy":"post_tag","embeddable":true,"href":"https:\/\/www.europesays.com\/fr\/wp-json\/wp\/v2\/tags?post=212197"}],"curies":[{"name":"wp","href":"https:\/\/api.w.org\/{rel}","templated":true}]}}