{"id":212203,"date":"2025-06-29T01:28:15","date_gmt":"2025-06-29T01:28:15","guid":{"rendered":"https:\/\/www.europesays.com\/fr\/212203\/"},"modified":"2025-06-29T01:28:15","modified_gmt":"2025-06-29T01:28:15","slug":"lallemagne-demande-le-retrait-de-deepseek-des-boutiques-dapple-et-google-27-06-2025-a-1330","status":"publish","type":"post","link":"https:\/\/www.europesays.com\/fr\/212203\/","title":{"rendered":"L&rsquo;Allemagne demande le retrait de DeepSeek des boutiques d&rsquo;Apple et Google &#8211; 27\/06\/2025 \u00e0 13:30"},"content":{"rendered":"<p>        <img fetchpriority=\"high\" decoding=\"async\" src=\"https:\/\/www.europesays.com\/fr\/wp-content\/uploads\/2025\/06\/63f609f29116ce6ea54de7bbf87a4faf-760x480.jpg\" alt=\"Le logo Deepseek\" loading=\"eager\" width=\"760\" height=\"480\" style=\"max-width: 100%!important; height: auto;\"\/><\/p>\n<p class=\"c-image-news__legend\">Le logo Deepseek<\/p>\n<p>\n par Hakan Ersen\n<\/p>\n<p>\n La commissaire allemande \u00e0 la protection des donn\u00e9es a demand\u00e9 \u00e0 Apple et \u00e0 Google, filiale d&rsquo;Alphabet, de retirer de leurs boutiques en ligne l&rsquo;application DeepSeek de la start-up chinoise sp\u00e9cialis\u00e9e dans l&rsquo;intelligence artificielle (IA) en raison de craintes li\u00e9es aux donn\u00e9es personnelles.\n<\/p>\n<p>\n Dans un communiqu\u00e9, Meike Kamp souligne vendredi avoir formul\u00e9 cette demande car DeepSeek transf\u00e8re ill\u00e9galement, selon elle, des donn\u00e9es personnelles d&rsquo;utilisateurs allemands vers la Chine.\n<\/p>\n<p>\n Les deux g\u00e9ants am\u00e9ricains de la technologie doivent d\u00e9sormais \u00e9tudier rapidement cette requ\u00eate avant de d\u00e9cider de bloquer ou non l&rsquo;application en Allemagne, a-t-elle ajout\u00e9.\n<\/p>\n<p>\n Sollicit\u00e9, DeepSeek n&rsquo;a pas r\u00e9pondu \u00e0 une demande de commentaire, tandis qu&rsquo;Apple et Google n&rsquo;\u00e9taient pas disponibles dans l&rsquo;imm\u00e9diat.\n<\/p>\n<p>\n Dans ses r\u00e8gles d&rsquo;utilisation, DeepSeek indique stocker de nombreuses donn\u00e9es personnelles comme les demandes adress\u00e9es \u00e0 son programme d&rsquo;IA ou les fichiers t\u00e9l\u00e9charg\u00e9s sur des ordinateurs situ\u00e9s en Chine.\n<\/p>\n<p>\n \u00ab\u00a0DeepSeek n&rsquo;a pas \u00e9t\u00e9 en mesure de fournir \u00e0 mon agence des preuves convaincantes que les donn\u00e9es des utilisateurs allemands sont prot\u00e9g\u00e9es en Chine \u00e0 un niveau \u00e9quivalent \u00e0 celui de l&rsquo;Union europ\u00e9enne\u00a0\u00bb, fait valoir Meike Kamp.\n<\/p>\n<p>\n \u00ab\u00a0Les autorit\u00e9s chinoises disposent de droits d&rsquo;acc\u00e8s \u00e9tendus aux donn\u00e9es personnelles dans la sph\u00e8re d&rsquo;influence des entreprises chinoises\u00a0\u00bb, poursuit-elle.\n<\/p>\n<p>\n Meike Kamp explique avoir pris cette d\u00e9cision apr\u00e8s avoir demand\u00e9 \u00e0 DeepSeek, en mai, de se conformer aux r\u00e8gles relatives aux transferts de donn\u00e9es hors de l&rsquo;Union europ\u00e9enne (UE) ou de supprimer par lui-m\u00eame son application des boutiques d&rsquo;Apple et Google. Selon elle, DeepSeek n&rsquo;a jamais r\u00e9pondu \u00e0 sa demande.\n<\/p>\n<p>\n La start-up chinoise a secou\u00e9 le monde des nouvelles technologies en janvier en affirmant avoir mis au point un mod\u00e8le d&rsquo;IA capable de rivaliser avec ceux d&rsquo;entreprises am\u00e9ricaines comme OpenAI, le cr\u00e9ateur de ChatGPT, \u00e0 un co\u00fbt bien moindre.\n<\/p>\n<p>\n L&rsquo;Italie a exclu DeepSeek des magasins d&rsquo;applications au d\u00e9but de l&rsquo;ann\u00e9e, notant un manque d&rsquo;informations sur son utilisation des donn\u00e9es personnelles, tandis que les Pays-Bas ont interdit l&rsquo;application sur les appareils gouvernementaux.\n<\/p>\n<p>\n Aux Etats-Unis, un projet de loi interdisant aux agences am\u00e9ricaines d&rsquo;utiliser des mod\u00e8les d&rsquo;IA d\u00e9velopp\u00e9s en Chine est en pr\u00e9paration.\n<\/p>\n<p>\n Reuters, citant un haut responsable am\u00e9ricain, a rapport\u00e9 cette semaine que DeepSeek avait apport\u00e9 son aide \u00e0 P\u00e9kin dans des op\u00e9rations militaires et de renseignement.\n<\/p>\n<p>\n (Reportage Hakan Ersen et Charlotte van Campenhout; r\u00e9dig\u00e9 par Miranda Murray; version fran\u00e7aise Claude Chendjou, \u00e9dit\u00e9 par Sophie Louet)<\/p>\n","protected":false},"excerpt":{"rendered":"Le logo Deepseek par Hakan Ersen La commissaire allemande \u00e0 la protection des donn\u00e9es a demand\u00e9 \u00e0 Apple&hellip;\n","protected":false},"author":2,"featured_media":212204,"comment_status":"","ping_status":"","sticky":false,"template":"","format":"standard","meta":{"footnotes":""},"categories":[1587],"tags":[400,11,672,398,408,1804,405,1805,1803,1777,674,1801,403,402,399,404,12,1802,401,406,407],"class_list":{"0":"post-212203","1":"post","2":"type-post","3":"status-publish","4":"format-standard","5":"has-post-thumbnail","7":"category-allemagne","8":"tag-action-cac-40","9":"tag-actualites","10":"tag-allemagne","11":"tag-bourse-de-paris","12":"tag-boursorama","13":"tag-bundesrepublik-deutschland","14":"tag-cotations","15":"tag-de","16":"tag-deutschland","17":"tag-eu","18":"tag-europe","19":"tag-germany","20":"tag-indices-devises","21":"tag-investir","22":"tag-investissement","23":"tag-marche-boursier","24":"tag-news","25":"tag-republique-federale-dallemagne","26":"tag-sicav","27":"tag-trackers","28":"tag-warrants"},"share_on_mastodon":{"url":"https:\/\/pubeurope.com\/@fr\/114764061350514451","error":""},"_links":{"self":[{"href":"https:\/\/www.europesays.com\/fr\/wp-json\/wp\/v2\/posts\/212203","targetHints":{"allow":["GET"]}}],"collection":[{"href":"https:\/\/www.europesays.com\/fr\/wp-json\/wp\/v2\/posts"}],"about":[{"href":"https:\/\/www.europesays.com\/fr\/wp-json\/wp\/v2\/types\/post"}],"author":[{"embeddable":true,"href":"https:\/\/www.europesays.com\/fr\/wp-json\/wp\/v2\/users\/2"}],"replies":[{"embeddable":true,"href":"https:\/\/www.europesays.com\/fr\/wp-json\/wp\/v2\/comments?post=212203"}],"version-history":[{"count":0,"href":"https:\/\/www.europesays.com\/fr\/wp-json\/wp\/v2\/posts\/212203\/revisions"}],"wp:featuredmedia":[{"embeddable":true,"href":"https:\/\/www.europesays.com\/fr\/wp-json\/wp\/v2\/media\/212204"}],"wp:attachment":[{"href":"https:\/\/www.europesays.com\/fr\/wp-json\/wp\/v2\/media?parent=212203"}],"wp:term":[{"taxonomy":"category","embeddable":true,"href":"https:\/\/www.europesays.com\/fr\/wp-json\/wp\/v2\/categories?post=212203"},{"taxonomy":"post_tag","embeddable":true,"href":"https:\/\/www.europesays.com\/fr\/wp-json\/wp\/v2\/tags?post=212203"}],"curies":[{"name":"wp","href":"https:\/\/api.w.org\/{rel}","templated":true}]}}