{"id":212211,"date":"2025-06-29T01:32:16","date_gmt":"2025-06-29T01:32:16","guid":{"rendered":"https:\/\/www.europesays.com\/fr\/212211\/"},"modified":"2025-06-29T01:32:16","modified_gmt":"2025-06-29T01:32:16","slug":"une-fusillade-a-nimes-fait-six-blesses-et-laisse-deux-mineurs-dans-un-etat-grave","status":"publish","type":"post","link":"https:\/\/www.europesays.com\/fr\/212211\/","title":{"rendered":"Une fusillade \u00e0 N\u00eemes\u00a0fait six bless\u00e9s et laisse deux mineurs dans un \u00e9tat grave"},"content":{"rendered":"<p>Six jeunes \u00e2g\u00e9s de 15 \u00e0 20 ans, dont quatre mineurs, ont \u00e9t\u00e9 bless\u00e9s dans la <a href=\"https:\/\/www.20minutes.fr\/dossier\/fusillade\" class=\"color-ultramarine c-link\" target=\"_blank\" rel=\"noopener\">fusillade <\/a>de vendredi soir \u00e0 <a href=\"https:\/\/www.20minutes.fr\/dossier\/nimes\" class=\"color-ultramarine c-link\" target=\"_blank\" rel=\"noopener\">N\u00eemes<\/a>, a indiqu\u00e9 samedi la procureure de la R\u00e9publique de la ville dans un communiqu\u00e9.<\/p>\n<p>Cinq sont toujours hospitalis\u00e9s, dont deux, \u00e2g\u00e9s de 15 et 17 ans, \u00ab\u00a0dans un \u00e9tat pr\u00e9occupant\u00a0\u00bb m\u00eame si \u00ab\u00a0leur pronostic vital ne serait cependant plus engag\u00e9\u00a0\u00bb, a pr\u00e9cis\u00e9 C\u00e9cile Gensac.<\/p>\n<p>Tirs en rafale<\/p>\n<p>Les six victimes, dont la magistrate ne pr\u00e9cise pas le sexe, sont \u00e2g\u00e9es de 15 ans, deux de 16 ans, 17 ans, 18 ans et 20 ans. C\u2019est la plus \u00e2g\u00e9e qui est sortie de l\u2019h\u00f4pital. \u00ab\u00a0Trois d\u2019entre elles ont \u00e9t\u00e9 victimes d\u2019\u00e9clats de balles et pr\u00e9sentent un \u00e9tat de sant\u00e9 hors de danger\u00a0\u00bb, poursuit la procureure.<\/p>\n<p>Le communiqu\u00e9 indique qu\u2019\u00e0 l\u2019arriv\u00e9e de la police sur les lieux vers 19 heures des t\u00e9moins de l\u2019attaque \u00ab\u00a0faisaient \u00e9tat de tirs en rafale par des individus arriv\u00e9s et repartis en v\u00e9hicule\u00a0\u00bb.<\/p>\n<\/p>\n<p>\u00ab\u00a0Les investigations techniques et scientifiques entam\u00e9es hier soir se poursuivent actuellement afin d\u2019identifier le ou les auteurs des faits, de d\u00e9terminer les circonstances exactes du passage \u00e0 l\u2019acte, ses causes et ses motivations\u00a0\u00bb, ajoute la magistrate.<\/p>\n<p>Pas de piste privil\u00e9gi\u00e9e<\/p>\n<p>Celle-ci n\u2019avance pas de piste privil\u00e9gi\u00e9e, alors que des sources ont rapidement \u00e9voqu\u00e9 un possible conflit autour du <a href=\"https:\/\/www.20minutes.fr\/dossier\/trafic_de_drogue\" class=\"color-ultramarine c-link\" target=\"_blank\" rel=\"noopener\">trafic de stup\u00e9fiants<\/a>, pr\u00e9sent dans le quartier de Valdegour, o\u00f9 a eu lieu la fusillade, et dans le quartier voisin de Pissevin, gangren\u00e9 par les trafics et d\u00e9j\u00e0 th\u00e9\u00e2tre de plusieurs fusillades sanglantes.<\/p>\n<p>Le communiqu\u00e9 souligne enfin qu\u2019une \u00ab\u00a0enqu\u00eate de flagrance (a \u00e9t\u00e9) ouverte des chefs de tentative de meurtre en bande organis\u00e9e, d\u00e9tention d\u2019arme en r\u00e9union, participation \u00e0 une association de malfaiteurs, d\u00e9t\u00e9rioration par moyen dangereux pour les personnes\u00a0\u00bb, confi\u00e9e conjointement aux directions de la police du Gard et de l\u2019H\u00e9rault.<\/p>\n","protected":false},"excerpt":{"rendered":"Six jeunes \u00e2g\u00e9s de 15 \u00e0 20 ans, dont quatre mineurs, ont \u00e9t\u00e9 bless\u00e9s dans la fusillade de&hellip;\n","protected":false},"author":2,"featured_media":212212,"comment_status":"","ping_status":"","sticky":false,"template":"","format":"standard","meta":{"footnotes":""},"categories":[2],"tags":[47,11,1052,118,1011,27,3832,2679,2681,813,12,2682,2680,25,887],"class_list":{"0":"post-212211","1":"post","2":"type-post","3":"status-publish","4":"format-standard","5":"has-post-thumbnail","7":"category-actualites","8":"tag-actualite","9":"tag-actualites","10":"tag-drogue","11":"tag-faits-divers","12":"tag-fr","13":"tag-france","14":"tag-fusillade","15":"tag-gard","16":"tag-languedoc-roussillon","17":"tag-narcotrafiquants","18":"tag-news","19":"tag-nimes","20":"tag-occitanie","21":"tag-republique-francaise","22":"tag-trafic-de-drogue"},"share_on_mastodon":{"url":"https:\/\/pubeurope.com\/@fr\/114764077115476084","error":""},"_links":{"self":[{"href":"https:\/\/www.europesays.com\/fr\/wp-json\/wp\/v2\/posts\/212211","targetHints":{"allow":["GET"]}}],"collection":[{"href":"https:\/\/www.europesays.com\/fr\/wp-json\/wp\/v2\/posts"}],"about":[{"href":"https:\/\/www.europesays.com\/fr\/wp-json\/wp\/v2\/types\/post"}],"author":[{"embeddable":true,"href":"https:\/\/www.europesays.com\/fr\/wp-json\/wp\/v2\/users\/2"}],"replies":[{"embeddable":true,"href":"https:\/\/www.europesays.com\/fr\/wp-json\/wp\/v2\/comments?post=212211"}],"version-history":[{"count":0,"href":"https:\/\/www.europesays.com\/fr\/wp-json\/wp\/v2\/posts\/212211\/revisions"}],"wp:featuredmedia":[{"embeddable":true,"href":"https:\/\/www.europesays.com\/fr\/wp-json\/wp\/v2\/media\/212212"}],"wp:attachment":[{"href":"https:\/\/www.europesays.com\/fr\/wp-json\/wp\/v2\/media?parent=212211"}],"wp:term":[{"taxonomy":"category","embeddable":true,"href":"https:\/\/www.europesays.com\/fr\/wp-json\/wp\/v2\/categories?post=212211"},{"taxonomy":"post_tag","embeddable":true,"href":"https:\/\/www.europesays.com\/fr\/wp-json\/wp\/v2\/tags?post=212211"}],"curies":[{"name":"wp","href":"https:\/\/api.w.org\/{rel}","templated":true}]}}