{"id":212213,"date":"2025-06-29T01:33:10","date_gmt":"2025-06-29T01:33:10","guid":{"rendered":"https:\/\/www.europesays.com\/fr\/212213\/"},"modified":"2025-06-29T01:33:10","modified_gmt":"2025-06-29T01:33:10","slug":"france-italie-a-quelle-heure-et-sur-quelle-chaine-tv-voir-la-petite-finale-de-leuro-feminin-de-basket","status":"publish","type":"post","link":"https:\/\/www.europesays.com\/fr\/212213\/","title":{"rendered":"France-Italie\u00a0: \u00e0 quelle heure et sur quelle cha\u00eene TV voir la petite finale de l\u2019Euro f\u00e9minin de basket\u00a0?"},"content":{"rendered":"<p class=\"paragraph text_align_left lp-f-body-02\">Ce n\u2019est pas la finale qu\u2019on esp\u00e9rait. Mais c\u2019est celle qui est impos\u00e9e aux <a href=\"https:\/\/www.leparisien.fr\/sports\/basket\/basket-euro-feminin-plombees-par-la-maladresse-les-bleues-nont-ce-quelles-meritent-27-06-2025-246SH72FIRCIRAI7WB6NUF76C4.php\" target=\"_blank\" rel=\"noreferrer noopener\">Bleues apr\u00e8s leur d\u00e9faite vendredi<\/a> en demi-finale de l\u2019Euro face \u00e0 l\u2019Espagne (65-64).<\/p>\n<p class=\"paragraph text_align_left lp-f-body-02\">Contre l\u2019Italie en petite finale, <a href=\"https:\/\/www.leparisien.fr\/sports\/basket\/france-espagne-64-65-enorme-deception-pour-les-bleues-sorties-en-demi-finale-de-leuro-basket-27-06-2025-3JNH433WSFELTCYRHSNU3XUJBY.php\" target=\"_blank\" rel=\"noreferrer noopener\">l\u2019\u00e9quipe de Jean-Aim\u00e9 Toupane <\/a>part \u00e0 la conqu\u00eate d\u2019une 8e m\u00e9daille cons\u00e9cutive dans un Championnat d\u2019Europe. Comme en 2023, ce ne sera pas mieux que du bronze. Et pour l\u2019or qui les fuit depuis 2009, il faudra attendre deux ans de plus.<\/p>\n<p class=\"paragraph text_align_left lp-f-body-02\">Face aux Italiennes qui ont failli cr\u00e9er l\u2019exploit contre les Belges tenantes du titre en demie (64-66), les Fran\u00e7aises doivent avant tout se remobiliser, oublier la cruelle d\u00e9ception d\u2019une demie rat\u00e9e. Il y a une breloque \u00e0 prendre pour ne pas que cet Euro en Gr\u00e8ce soit un \u00e9chec encore plus grand.<\/p>\n<p class=\"paragraph text_align_left lp-f-body-02\">\u00ab On va se remobiliser m\u00eame si nous n\u2019aurons pas la m\u00e9daille que l\u2019on esp\u00e9rait. Le plus important est de bien finir le tournoi \u00bb, promet le s\u00e9lectionneur Jean-Aim\u00e9 Toupane.<\/p>\n<p class=\"paragraph text_align_left lp-f-body-02\"><b>La petite finale de l\u2019Euro f\u00e9minin de basket France-Italie est diffus\u00e9e en direct ce dimanche 29 juin \u00e0 partir de 16h30 sur TMC.<\/b><\/p>\n","protected":false},"excerpt":{"rendered":"Ce n\u2019est pas la finale qu\u2019on esp\u00e9rait. Mais c\u2019est celle qui est impos\u00e9e aux Bleues apr\u00e8s leur d\u00e9faite&hellip;\n","protected":false},"author":2,"featured_media":212214,"comment_status":"","ping_status":"","sticky":false,"template":"","format":"standard","meta":{"footnotes":""},"categories":[4],"tags":[11,1465,1011,27,12,25,60],"class_list":{"0":"post-212213","1":"post","2":"type-post","3":"status-publish","4":"format-standard","5":"has-post-thumbnail","7":"category-france","8":"tag-actualites","9":"tag-basket","10":"tag-fr","11":"tag-france","12":"tag-news","13":"tag-republique-francaise","14":"tag-sports"},"share_on_mastodon":{"url":"https:\/\/pubeurope.com\/@fr\/114764081060909300","error":""},"_links":{"self":[{"href":"https:\/\/www.europesays.com\/fr\/wp-json\/wp\/v2\/posts\/212213","targetHints":{"allow":["GET"]}}],"collection":[{"href":"https:\/\/www.europesays.com\/fr\/wp-json\/wp\/v2\/posts"}],"about":[{"href":"https:\/\/www.europesays.com\/fr\/wp-json\/wp\/v2\/types\/post"}],"author":[{"embeddable":true,"href":"https:\/\/www.europesays.com\/fr\/wp-json\/wp\/v2\/users\/2"}],"replies":[{"embeddable":true,"href":"https:\/\/www.europesays.com\/fr\/wp-json\/wp\/v2\/comments?post=212213"}],"version-history":[{"count":0,"href":"https:\/\/www.europesays.com\/fr\/wp-json\/wp\/v2\/posts\/212213\/revisions"}],"wp:featuredmedia":[{"embeddable":true,"href":"https:\/\/www.europesays.com\/fr\/wp-json\/wp\/v2\/media\/212214"}],"wp:attachment":[{"href":"https:\/\/www.europesays.com\/fr\/wp-json\/wp\/v2\/media?parent=212213"}],"wp:term":[{"taxonomy":"category","embeddable":true,"href":"https:\/\/www.europesays.com\/fr\/wp-json\/wp\/v2\/categories?post=212213"},{"taxonomy":"post_tag","embeddable":true,"href":"https:\/\/www.europesays.com\/fr\/wp-json\/wp\/v2\/tags?post=212213"}],"curies":[{"name":"wp","href":"https:\/\/api.w.org\/{rel}","templated":true}]}}