{"id":212215,"date":"2025-06-29T01:34:31","date_gmt":"2025-06-29T01:34:31","guid":{"rendered":"https:\/\/www.europesays.com\/fr\/212215\/"},"modified":"2025-06-29T01:34:31","modified_gmt":"2025-06-29T01:34:31","slug":"tommy-fleetwood-une-chance-en-or-apres-avoir-touche-le-fond-a-oakmont","status":"publish","type":"post","link":"https:\/\/www.europesays.com\/fr\/212215\/","title":{"rendered":"Tommy Fleetwood : une chance en or apr\u00e8s avoir touch\u00e9 le fond \u00e0 Oakmont"},"content":{"rendered":"<p>\t\t\t\t\t\t<img width=\"770\" height=\"557\" src=\"https:\/\/www.europesays.com\/fr\/wp-content\/uploads\/2025\/06\/golf-paris-2024-jeux-olympiques-scottie-scheffler-tommy-fleetwood-hideki-matsuyama-770x557.jpg\" class=\"img-responsive wp-post-image\" alt=\"GOLF-PARIS-2024-JEUX-OLYMPIQUES-SCOTTIE-SCHEFFLER-TOMMY-FLEETWOOD-HIDEKI-MATSUYAMA Photo Emmanuel DUNAND \/ AFP\" decoding=\"async\" fetchpriority=\"high\"  \/>\t\t\t\t\t<\/p>\n<p>\t\t\t\t\t\t Partager cet article <\/p>\n<p class=\"screen-reader-text juiz_sps_maybe_hidden_text\">Partager la publication \u00ab\u00a0Tommy Fleetwood : une chance en or apr\u00e8s avoir touch\u00e9 le fond \u00e0 Oakmont\u00a0\u00bb<\/p>\n<p><strong>Apr\u00e8s avoir perdu pied \u00e0 l\u2019U.S. Open, Tommy Fleetwood a retrouv\u00e9 son jeu au Travelers Championship et s\u2019appr\u00eate \u00e0 d\u00e9crocher sa premi\u00e8re victoire sur le PGA Tour.<\/strong><\/p>\n<p>\u00a0<\/p>\n<p>Tommy Fleetwood, qui a admis avoir eu l\u2019impression d\u2019avoir perdu son swing lors de l\u2019U.S. Open et avoir d\u00fb bosser d\u2019arrache-pied pour se remettre dans le bon sens, semble rena\u00eetre au <strong>Travelers Championship<\/strong>.<\/p>\n<p>Le golfeur anglais de 34 ans, qui a connu une semaine compliqu\u00e9e avec un cut manqu\u00e9 \u00e0 <strong>Oakmont<\/strong>, a retrouv\u00e9 confiance et r\u00e9gularit\u00e9 sur le parcours du <strong>TPC River Highlands<\/strong>.<\/p>\n<p>\u00a0<\/p>\n<\/p>\n<p>\u00a0<\/p>\n<p>Le meilleur joueur \u00e0 ne pas avoir gagn\u00e9 sur le PGA Tour<\/p>\n<p>Samedi, Tommy Fleetwood a sign\u00e9 une carte impressionnante de 63 (-7), sa meilleure de la saison, pour prendre une avance de trois coups en t\u00eate du tournoi, se rapprochant ainsi d\u2019une premi\u00e8re victoire sur le <strong>PGA Tour<\/strong>. Un titre qui lui \u00e9chappe malgr\u00e9 sept succ\u00e8s sur le <strong>DP World Tour<\/strong> et de nombreuses places d\u2019honneur \u2013 comme aux <strong>Jeux Olympiques de Paris 2024 <\/strong>(photo).<\/p>\n<p>\t\t\t\t\t<a id=\"175142\" href=\"https:\/\/www.onoffgolf.eu\/\" target=\"_blank\" rel=\"sponsorised nofollow noopener\"><img decoding=\"async\" src=\"data:image\/svg+xml,%3Csvg%20xmlns=\" http:=\"\" class=\"img-responsive\" alt=\"\" data-lazy-src=\"https:\/\/www.europesays.com\/fr\/wp-content\/uploads\/2025\/06\/onoff-e01-decouverte-univers-25-1170x275-1.gif\"\/><\/a><\/p>\n<p>Cette opportunit\u00e9 unique de triompher sur le circuit am\u00e9ricain intervient apr\u00e8s des ann\u00e9es de quasi-victoires, et pourrait enfin couronner une carri\u00e8re marqu\u00e9e par la pers\u00e9v\u00e9rance.<\/p>\n<blockquote><p>\nC\u2019est ma premi\u00e8re vraie chance de l\u2019emporter, donc je suis vraiment enthousiaste et impatient d\u2019y \u00eatre.\n<\/p><\/blockquote>\n<p>\u00ab Je suis en t\u00eate de nombreux classements statistiques pour les joueurs qui n\u2019ont jamais remport\u00e9 de victoire sur le circuit PGA Tour, donc c\u2019est toujours agr\u00e9able d\u2019\u00eatre num\u00e9ro un dans quelque chose, a-t-il d\u00e9clar\u00e9 en riant \u00e0 l\u2019issue du 3e tour. J\u2019aimerais beaucoup remporter une victoire sur le PGA Tour. Je pense que c\u2019est quelque chose que tout le monde souhaite dans sa carri\u00e8re, et moi aussi, bien s\u00fbr. Je n\u2019ai encore jamais gagn\u00e9, surtout cette ann\u00e9e, je n\u2019ai pas l\u2019impression de m\u2019\u00eatre donn\u00e9\u2026 Je me suis donn\u00e9 une chance \u00e0 plusieurs reprises cette ann\u00e9e, mais je n\u2019ai pas \u00e9t\u00e9 en position de gagner. C\u2019est ma premi\u00e8re vraie chance de l\u2019emporter, donc je suis vraiment enthousiaste et impatient d\u2019y \u00eatre. \u00bb<\/p>\n<p>Tommy Fleetwood reconna\u00eet la pression li\u00e9e \u00e0 l\u2019attente d\u2019une victoire, tout en affirmant clairement son envie de s\u2019imposer rapidement : \u00ab Encore une fois, il est facile de se mettre la pression, et plus les choses durent, plus les gens en parlent, c\u2019est \u00e9vident. Mais il y a aussi des choses dont je suis tr\u00e8s fier, comme ma r\u00e9gularit\u00e9, ma position au classement FedExCup et au classement mondial, etc. J\u2019ai donc beaucoup de raisons d\u2019\u00eatre heureux, mais, vous savez, je ne vais pas faire l\u2019idiot et dire que je m\u2019en fiche, bien s\u00fbr que je veux gagner, et j\u2019esp\u00e8re que cela arrivera le plus t\u00f4t possible. \u00bb<\/p>\n<p>\u00a0<\/p>\n<p>Photo :\u00a0Emmanuel Dunand \/ AFP<\/p>\n<p>\t\t\t\t\t<a id=\"174987\" href=\"https:\/\/www.sudfrancegolf.com\/fr\/\" target=\"_blank\" rel=\"sponsorised nofollow noopener\"><img decoding=\"async\" src=\"data:image\/svg+xml,%3Csvg%20xmlns=\" http:=\"\" class=\"img-responsive\" alt=\"\" data-lazy-src=\"https:\/\/www.europesays.com\/fr\/wp-content\/uploads\/2025\/06\/giesudfrancegolf-e02-egolf-pass-2025-v2-1170x275-1.gif\"\/><\/a><\/p>\n","protected":false},"excerpt":{"rendered":"Partager cet article Partager la publication \u00ab\u00a0Tommy Fleetwood : une chance en or apr\u00e8s avoir touch\u00e9 le fond&hellip;\n","protected":false},"author":2,"featured_media":212216,"comment_status":"","ping_status":"","sticky":false,"template":"","format":"standard","meta":{"footnotes":""},"categories":[1418],"tags":[1011,27,1472,60],"class_list":{"0":"post-212215","1":"post","2":"type-post","3":"status-publish","4":"format-standard","5":"has-post-thumbnail","7":"category-golf","8":"tag-fr","9":"tag-france","10":"tag-golf","11":"tag-sports"},"share_on_mastodon":{"url":"https:\/\/pubeurope.com\/@fr\/114764084959836483","error":""},"_links":{"self":[{"href":"https:\/\/www.europesays.com\/fr\/wp-json\/wp\/v2\/posts\/212215","targetHints":{"allow":["GET"]}}],"collection":[{"href":"https:\/\/www.europesays.com\/fr\/wp-json\/wp\/v2\/posts"}],"about":[{"href":"https:\/\/www.europesays.com\/fr\/wp-json\/wp\/v2\/types\/post"}],"author":[{"embeddable":true,"href":"https:\/\/www.europesays.com\/fr\/wp-json\/wp\/v2\/users\/2"}],"replies":[{"embeddable":true,"href":"https:\/\/www.europesays.com\/fr\/wp-json\/wp\/v2\/comments?post=212215"}],"version-history":[{"count":0,"href":"https:\/\/www.europesays.com\/fr\/wp-json\/wp\/v2\/posts\/212215\/revisions"}],"wp:featuredmedia":[{"embeddable":true,"href":"https:\/\/www.europesays.com\/fr\/wp-json\/wp\/v2\/media\/212216"}],"wp:attachment":[{"href":"https:\/\/www.europesays.com\/fr\/wp-json\/wp\/v2\/media?parent=212215"}],"wp:term":[{"taxonomy":"category","embeddable":true,"href":"https:\/\/www.europesays.com\/fr\/wp-json\/wp\/v2\/categories?post=212215"},{"taxonomy":"post_tag","embeddable":true,"href":"https:\/\/www.europesays.com\/fr\/wp-json\/wp\/v2\/tags?post=212215"}],"curies":[{"name":"wp","href":"https:\/\/api.w.org\/{rel}","templated":true}]}}