{"id":21223,"date":"2025-04-13T03:11:22","date_gmt":"2025-04-13T03:11:22","guid":{"rendered":"https:\/\/www.europesays.com\/fr\/21223\/"},"modified":"2025-04-13T03:11:22","modified_gmt":"2025-04-13T03:11:22","slug":"liran-et-les-usa-entament-prudemment-des-discussions-sur-le-nucleaire-12-04-2025-a-1411","status":"publish","type":"post","link":"https:\/\/www.europesays.com\/fr\/21223\/","title":{"rendered":"L&rsquo;Iran et les USA entament prudemment des discussions sur le nucl\u00e9aire &#8211; 12\/04\/2025 \u00e0 14:11"},"content":{"rendered":"<p>\n (Actualis\u00e9 avec source omanaise sur l&rsquo;objectif des discussions<br \/>\n\u00a74)\n<\/p>\n<p>\n par Parisa Hafezi\n<\/p>\n<p>\n L&rsquo;Iran et les Etats-Unis ont<br \/>\nentam\u00e9 samedi \u00e0 Oman des discussions indirectes visant \u00e0<br \/>\nrelancer les n\u00e9gociations sur le programme nucl\u00e9aire de T\u00e9h\u00e9ran,<br \/>\nalors que le pr\u00e9sident am\u00e9ricain a menac\u00e9 de recourir \u00e0 la force<br \/>\nmilitaire en l&rsquo;absence d&rsquo;accord.\n<\/p>\n<p>\n T\u00e9h\u00e9ran envisage les n\u00e9gociations avec prudence et se montre<br \/>\nsceptique quant aux chances de parvenir \u00e0 un accord, alors que<br \/>\nDonald Trump a menac\u00e9 \u00e0 plusieurs reprises de bombarder l&rsquo;Iran<br \/>\ns&rsquo;il ne mettait pas fin \u00e0 son programme nucl\u00e9aire.\n<\/p>\n<p>\n Donald Trump exigeait au d\u00e9part que les n\u00e9gociations soient<br \/>\ndirectes alors que l&rsquo;Iran a insist\u00e9 pour qu&rsquo;elles demeurent<br \/>\nindirectes.\n<\/p>\n<p>\n Selon une source omanaise, les discussions visent \u00e0 faire<br \/>\nbaisser la tension dans la r\u00e9gion , \u00e0 obtenir la lib\u00e9ration de<br \/>\nprisonniers et \u00e0 parvenir \u00e0 des \u00ab\u00a0accords limit\u00e9s\u00a0\u00bb sur un<br \/>\nall\u00e8gement des sanctions contre l&rsquo;Iran en \u00e9change d&rsquo;un<br \/>\n\u00ab\u00a0contr\u00f4le\u00a0\u00bb de son programme nucl\u00e9aire.\n<\/p>\n<p>\n Les d\u00e9l\u00e9gations sont men\u00e9es c\u00f4t\u00e9 iranien par le chef de la<br \/>\ndiplomatie, Abbas Araqchi, qui \u00e9tait le n\u00e9gociateur en chef de<br \/>\nT\u00e9h\u00e9ran \u00e0 l&rsquo;\u00e9poque de l&rsquo;accord sur le nucl\u00e9aire conclu avec les<br \/>\ngrandes puissances en 2015, et c\u00f4t\u00e9 am\u00e9ricain par l&rsquo;\u00e9missaire<br \/>\nsp\u00e9cial pour le Proche-Orient de Donald Trump, l&rsquo;homme<br \/>\nd&rsquo;affaires Steve Witkoff.\n<\/p>\n<p>\n La t\u00e9l\u00e9vision d&rsquo;\u00c9tat iranienne a publi\u00e9 sur son site<br \/>\ninternet une vid\u00e9o de la rencontre entre Abbas Araqchi et le<br \/>\nministre omanais des Affaires \u00e9trang\u00e8res, Badr al Boussa\u00efdi, \u00e0<br \/>\nMascate.\n<\/p>\n<p>\n \u00ab\u00a0Dans le cadre des discussions indirectes entre l&rsquo;Iran<br \/>\net les \u00c9tats-Unis, M. Araqchi a transmis \u00e0 son homologue omanais<br \/>\nles points cl\u00e9s et les positions de T\u00e9h\u00e9ran \u00e0 transmettre \u00e0 la<br \/>\npartie am\u00e9ricaine\u00a0\u00bb, ont rapport\u00e9 les m\u00e9dias officiels iraniens.\n<\/p>\n<p>\n Des signes d&rsquo;avanc\u00e9e dans les discussions pourraient<br \/>\nfaire baisser un peu la tension dans la r\u00e9gion apr\u00e8s deux ann\u00e9es<br \/>\nde guerres entre Isra\u00ebl et les alli\u00e9s r\u00e9gionaux de l&rsquo;Iran, du<br \/>\nHamas palestinien au Hezbollah libanais, en passant par les<br \/>\nHouthis au Y\u00e9men.\n<\/p>\n<p>\n Un \u00e9chec accentuerait \u00e0 l&rsquo;inverse les craintes d&rsquo;un<br \/>\nconflit de plus grande ampleur, Isra\u00ebl comme les \u00c9tats-Unis<br \/>\nayant jur\u00e9 d&#8217;emp\u00eacher par tous les moyens l&rsquo;Iran de se doter de<br \/>\nl&rsquo;arme atomique, ambition que T\u00e9h\u00e9ran assure ne pas avoir.\n<\/p>\n<p>\n \u00ab\u00a0SUR UN PIED D&rsquo;\u00c9GALIT\u00c9\u00a0\u00bb\n<\/p>\n<p>\n \u00ab\u00a0Il est possible de parvenir \u00e0 un accord initial sur la<br \/>\npoursuite des n\u00e9gociations si l&rsquo;autre partie (les \u00c9tats-Unis)<br \/>\naccepte de participer aux pourparlers sur un pied d&rsquo;\u00e9galit\u00e9\u00a0\u00bb, a<br \/>\nd\u00e9clar\u00e9 Abbas Araqchi \u00e0 la t\u00e9l\u00e9vision iranienne.\n<\/p>\n<p>\n Le guide supr\u00eame iranien, l&rsquo;ayatollah Ali Khamenei, qui<br \/>\nest le d\u00e9cisionnaire ultime en mati\u00e8re de nucl\u00e9aire, a donn\u00e9 \u00e0<br \/>\nson chef de la diplomatie les \u00ab\u00a0pleins pouvoirs\u00a0\u00bb pour mener les<br \/>\npourparlers, a d\u00e9clar\u00e9 un responsable iranien \u00e0 Reuters.\n<\/p>\n<p>\n \u00ab\u00a0La dur\u00e9e des discussions, qui ne porteront que sur la<br \/>\nquestion nucl\u00e9aire, d\u00e9pendra du s\u00e9rieux et de la bonne volont\u00e9<br \/>\nde la partie am\u00e9ricaine\u00a0\u00bb, a pr\u00e9cis\u00e9 ce responsable sous le sceau<br \/>\nde l&rsquo;anonymat.\n<\/p>\n<p>\n L&rsquo;Iran a exclu de mettre dans la balance ses capacit\u00e9s<br \/>\nde d\u00e9fense, en particulier son programme de missiles<br \/>\nbalistiques.\n<\/p>\n<p>\n Des pourparlers indirects avaient d\u00e9j\u00e0 \u00e9t\u00e9 organis\u00e9s entre<br \/>\nWashington et T\u00e9h\u00e9ran durant le mandat de l&rsquo;ancien pr\u00e9sident<br \/>\nam\u00e9ricain Joe Biden, sans d\u00e9boucher sur de quelconques avanc\u00e9es.\n<\/p>\n<p>\n Les derni\u00e8res discussions directes officiellement connues<br \/>\nentre les deux gouvernements ont eu lieu lorsque le locataire de<br \/>\nla Maison blanche \u00e9tait Barack Obama, qui a chapeaut\u00e9 les<br \/>\nn\u00e9gociations ayant abouti \u00e0 l&rsquo;accord de 2015 sur le programme<br \/>\nnucl\u00e9aire iranien.\n<\/p>\n<p>\n Ce pacte a \u00e9t\u00e9 r\u00e9voqu\u00e9 par Donald Trump en 2018 lors de son<br \/>\npremier mandat pr\u00e9sidentiel, avec le r\u00e9tablissement des<br \/>\nsanctions \u00e9conomiques am\u00e9ricaines contre l&rsquo;Iran. T\u00e9h\u00e9ran s&rsquo;est<br \/>\nensuite affranchi de l&rsquo;accord, d\u00e9passant largement depuis lors<br \/>\nles limites fix\u00e9es en mati\u00e8re d&rsquo;enrichissement de l&rsquo;uranium,<br \/>\ntout en niant vouloir se doter de l&rsquo;arme atomique.\n<\/p>\n<p>\n (R\u00e9dig\u00e9 par Parisa Hafezi \u00e0 Duba\u00ef ; version fran\u00e7aise Camille<br \/>\nRaynaud et Tangi Sala\u00fcn)<\/p>\n","protected":false},"excerpt":{"rendered":"(Actualis\u00e9 avec source omanaise sur l&rsquo;objectif des discussions \u00a74) par Parisa Hafezi L&rsquo;Iran et les Etats-Unis ont entam\u00e9&hellip;\n","protected":false},"author":2,"featured_media":2486,"comment_status":"","ping_status":"","sticky":false,"template":"","format":"standard","meta":{"footnotes":""},"categories":[1589],"tags":[400,11,398,408,405,73,1866,403,402,399,404,12,401,406,1864,1865,1863,308,407],"class_list":{"0":"post-21223","1":"post","2":"type-post","3":"status-publish","4":"format-standard","5":"has-post-thumbnail","7":"category-etats-unis","8":"tag-action-cac-40","9":"tag-actualites","10":"tag-bourse-de-paris","11":"tag-boursorama","12":"tag-cotations","13":"tag-etats-unis","14":"tag-etats-unis-damerique","15":"tag-indices-devises","16":"tag-investir","17":"tag-investissement","18":"tag-marche-boursier","19":"tag-news","20":"tag-sicav","21":"tag-trackers","22":"tag-united-states","23":"tag-united-states-of-america","24":"tag-us","25":"tag-usa","26":"tag-warrants"},"share_on_mastodon":{"url":"https:\/\/pubeurope.com\/@fr\/114328468381257505","error":""},"_links":{"self":[{"href":"https:\/\/www.europesays.com\/fr\/wp-json\/wp\/v2\/posts\/21223","targetHints":{"allow":["GET"]}}],"collection":[{"href":"https:\/\/www.europesays.com\/fr\/wp-json\/wp\/v2\/posts"}],"about":[{"href":"https:\/\/www.europesays.com\/fr\/wp-json\/wp\/v2\/types\/post"}],"author":[{"embeddable":true,"href":"https:\/\/www.europesays.com\/fr\/wp-json\/wp\/v2\/users\/2"}],"replies":[{"embeddable":true,"href":"https:\/\/www.europesays.com\/fr\/wp-json\/wp\/v2\/comments?post=21223"}],"version-history":[{"count":0,"href":"https:\/\/www.europesays.com\/fr\/wp-json\/wp\/v2\/posts\/21223\/revisions"}],"wp:featuredmedia":[{"embeddable":true,"href":"https:\/\/www.europesays.com\/fr\/wp-json\/wp\/v2\/media\/2486"}],"wp:attachment":[{"href":"https:\/\/www.europesays.com\/fr\/wp-json\/wp\/v2\/media?parent=21223"}],"wp:term":[{"taxonomy":"category","embeddable":true,"href":"https:\/\/www.europesays.com\/fr\/wp-json\/wp\/v2\/categories?post=21223"},{"taxonomy":"post_tag","embeddable":true,"href":"https:\/\/www.europesays.com\/fr\/wp-json\/wp\/v2\/tags?post=21223"}],"curies":[{"name":"wp","href":"https:\/\/api.w.org\/{rel}","templated":true}]}}