{"id":212234,"date":"2025-06-29T01:46:17","date_gmt":"2025-06-29T01:46:17","guid":{"rendered":"https:\/\/www.europesays.com\/fr\/212234\/"},"modified":"2025-06-29T01:46:17","modified_gmt":"2025-06-29T01:46:17","slug":"les-internautes-de-tele-loisirs-senflamment-pour-cette-serie-a-voir-sur-netflix","status":"publish","type":"post","link":"https:\/\/www.europesays.com\/fr\/212234\/","title":{"rendered":"Les internautes de T\u00e9l\u00e9-Loisirs s\u2019enflamment pour cette s\u00e9rie \u00e0 voir sur Netflix"},"content":{"rendered":"<p>Depuis quelques semaines, la premi\u00e8re saison d\u2019une s\u00e9rie br\u00fblante est disponible sur Netflix. Les abonn\u00e9s fran\u00e7ais sont d\u00e9j\u00e0 conquis !<\/p>\n<p>Rien de tel qu\u2019une histoire de pompiers pour avoir un coup de chaud suppl\u00e9mentaire sous les chaleurs br\u00fblantes des derniers jours. Certains abonn\u00e9s Netflix se sont pris de passion pour une s\u00e9rie dramatique am\u00e9ricaine, <a href=\"https:\/\/www.programme-tv.net\/news\/series-tv\/379837-si-vous-aimez-9-1-1-ne-manquez-pas-cette-serie-qui-arrive-pour-la-premiere-fois-sur-netflix\/\" data-api-deeplink=\"teleloisirs:\/\/news\/379837\" target=\"_blank\" rel=\"noopener\">Fire Country<\/a>. On y suit Bode Donovan, d\u00e9tenu en Californie, qui esp\u00e8re se racheter en s\u2019engageant en tant que pompier volontaire en parall\u00e8le de sa peine. Dans cet \u00c9tat am\u00e9ricain, des accords entre les prisons et le d\u00e9partement de protection des for\u00eats et de lutte contre les incendies existent pour faire travailler les d\u00e9linquants et les pousser \u00e0 faire le bien pour la communaut\u00e9. Une r\u00e9alit\u00e9 observ\u00e9e lors des r\u00e9cents incendies dans la r\u00e9gion. Bode Donovan est assign\u00e9 \u00e0 une mission dans sa ville natale. Il y retrouve d\u2019anciennes connaissances mais aussi d\u2019autres d\u00e9tenus et des pompiers aguerris.<\/p>\n<p>                        Les abonn\u00e9s Netflix sont conquis par Fire Country<\/p>\n<p>Sur le groupe Facebook Netflix France, g\u00e9r\u00e9 par T\u00e9l\u00e9-Loisirs, les internautes semblent ravis de la premi\u00e8re saison de Fire Country \u2013 la seule des trois \u00e0 \u00eatre disponible sur Netflix pour le moment, les deux suivantes \u00e9tant cependant d\u00e9j\u00e0 sur Paramount+. \u00ab\u00a0J\u2019ai ador\u00e9 et vivement la deuxi\u00e8me saison\u00a0\u00bb, dit une fan. \u00ab\u00a0Vivement la suite\u00a0\u00bb, abonde une autre. \u00ab\u00a0Je sens que je vais avoir un go\u00fbt de trop peu quand elle sera finie celle-l\u00e0\u00a0\u00bb, dit m\u00eame une conquise.<\/p>\n<p>De tr\u00e8s bonnes nouvelles pour les fans de Fire Country<\/p>\n<p>Ces fans peuvent \u00eatre ravis : en plus des deux autres saisons qui ne sauraient tarder \u00e0 \u00eatre ajout\u00e9es sur Netflix, une saison 4 est en cours de production. L\u2019occasion de continuer \u00e0 suivre Max Thieriot (Point Break, <a href=\"https:\/\/www.programme-tv.net\/news\/series-tv\/358493-4-irm-en-4-mois-la-triste-raison-du-depart-de-david-boreanaz-de-la-serie-seal-team\/\" data-api-deeplink=\"teleloisirs:\/\/news\/358493\" target=\"_blank\" rel=\"noopener\">SEAL Team<\/a>) dans la peau de Bode Donovan, aux c\u00f4t\u00e9s de Kevin Alejandro (<a href=\"https:\/\/www.programme-tv.net\/news\/people\/304100-ils-ont-joue-ensemble-dans-parenthood-lauren-graham-et-peter-krause-annoncent-leur-separation-apres-10-ans-damour\/\" data-api-deeplink=\"teleloisirs:\/\/news\/304100\" target=\"_blank\" rel=\"noopener\">Parenthood<\/a>, True Blood, Lucifer) ou encore de Jordan Calloway (<a href=\"https:\/\/www.programme-tv.net\/news\/series-tv\/323791-personne-ne-ressemble-a-un-ado-de-17-ans-cette-star-de-riverdale-tacle-gentiment-sa-propre-serie\/\" data-api-deeplink=\"teleloisirs:\/\/news\/323791\" target=\"_blank\" rel=\"noopener\">Riverdale<\/a>). Mieux encore, un spin-off de Fire Country arrive d\u00e8s l\u2019automne 2025. Il s\u2019intitule Sheriff Country et se concentre sur le personnage de Mickey Fox, jou\u00e9 par <a href=\"https:\/\/www.programme-tv.net\/biographie\/31436-baccarin-morena\/\" data-link-people=\"0366f61e-f5fd-4475-a079-b0aa833938d5\" target=\"_blank\" rel=\"noopener\">Morena Baccarin<\/a> (<a href=\"https:\/\/www.programme-tv.net\/news\/series-tv\/379564-les-fans-de-stargate-sg-1-veulent-absolument-voir-les-retrouvailles-de-ces-deux-stars-dans-virgin-river\/\" data-api-deeplink=\"teleloisirs:\/\/news\/379564\" target=\"_blank\" rel=\"noopener\">Stargate SG-1<\/a>), pr\u00e9sent\u00e9e dans la saison 2 de Fire Country.<\/p>\n<p>Article \u00e9crit en collaboration avec 6M\u00e9dias.<\/p>\n","protected":false},"excerpt":{"rendered":"Depuis quelques semaines, la premi\u00e8re saison d\u2019une s\u00e9rie br\u00fblante est disponible sur Netflix. Les abonn\u00e9s fran\u00e7ais sont d\u00e9j\u00e0&hellip;\n","protected":false},"author":2,"featured_media":212235,"comment_status":"","ping_status":"","sticky":false,"template":"","format":"standard","meta":{"footnotes":""},"categories":[1356],"tags":[7411,244,58,59,35191,35190,1011,27,127,1722,129,252,1364],"class_list":{"0":"post-212234","1":"post","2":"type-post","3":"status-publish","4":"format-standard","5":"has-post-thumbnail","7":"category-television","8":"tag-cbs","9":"tag-commentaire","10":"tag-divertissement","11":"tag-entertainment","12":"tag-fire-country","13":"tag-fire-country-su00e9rie-52152032","14":"tag-fr","15":"tag-france","16":"tag-netflix","17":"tag-pub-streaming-netflix","18":"tag-svod","19":"tag-television","20":"tag-tv"},"share_on_mastodon":{"url":"https:\/\/pubeurope.com\/@fr\/114764132221351976","error":""},"_links":{"self":[{"href":"https:\/\/www.europesays.com\/fr\/wp-json\/wp\/v2\/posts\/212234","targetHints":{"allow":["GET"]}}],"collection":[{"href":"https:\/\/www.europesays.com\/fr\/wp-json\/wp\/v2\/posts"}],"about":[{"href":"https:\/\/www.europesays.com\/fr\/wp-json\/wp\/v2\/types\/post"}],"author":[{"embeddable":true,"href":"https:\/\/www.europesays.com\/fr\/wp-json\/wp\/v2\/users\/2"}],"replies":[{"embeddable":true,"href":"https:\/\/www.europesays.com\/fr\/wp-json\/wp\/v2\/comments?post=212234"}],"version-history":[{"count":0,"href":"https:\/\/www.europesays.com\/fr\/wp-json\/wp\/v2\/posts\/212234\/revisions"}],"wp:featuredmedia":[{"embeddable":true,"href":"https:\/\/www.europesays.com\/fr\/wp-json\/wp\/v2\/media\/212235"}],"wp:attachment":[{"href":"https:\/\/www.europesays.com\/fr\/wp-json\/wp\/v2\/media?parent=212234"}],"wp:term":[{"taxonomy":"category","embeddable":true,"href":"https:\/\/www.europesays.com\/fr\/wp-json\/wp\/v2\/categories?post=212234"},{"taxonomy":"post_tag","embeddable":true,"href":"https:\/\/www.europesays.com\/fr\/wp-json\/wp\/v2\/tags?post=212234"}],"curies":[{"name":"wp","href":"https:\/\/api.w.org\/{rel}","templated":true}]}}