{"id":212247,"date":"2025-06-29T01:54:09","date_gmt":"2025-06-29T01:54:09","guid":{"rendered":"https:\/\/www.europesays.com\/fr\/212247\/"},"modified":"2025-06-29T01:54:09","modified_gmt":"2025-06-29T01:54:09","slug":"ce-nest-plus-seulement-une-pride-cest-une-manif-anti-orban-liberation","status":"publish","type":"post","link":"https:\/\/www.europesays.com\/fr\/212247\/","title":{"rendered":"\u00abCe n\u2019est plus seulement une Pride, c\u2019est une manif anti-Orban\u00bb \u2013 Lib\u00e9ration"},"content":{"rendered":"<p class=\"sc-ksZaOG ehjQrN text-element\">Jamais Marche des fiert\u00e9s n\u2019a \u00e9t\u00e9 aussi massivement suivie en Hongrie. Pr\u00e8s de deux cent mille personnes \u2013 selon les estimations des organisateurs et de media ind\u00e9pendants &#8211; ont d\u00e9fil\u00e9 \u00e0 Budapest ce samedi. Du jamais vu pour cette 30e \u00e9dition, car la parade mobilise habituellement entre 30 000 et 50 000 personnes. \u00abC\u2019est la plus grande Pride de l\u2019histoire, et c\u2019est aussi la plus belle !\u00bb applaudissait Szilvi, cheveux peints en bleu, qui tentait de se rafra\u00eechir avec un \u00e9ventail arc-en-ciel.<\/p>\n<p class=\"sc-ksZaOG ehjQrN text-element\">C\u2019est aussi la plus importante manifestation anti-Orban, depuis que le Premier ministre national-populiste est au pouvoir (depuis 2010). \u00abOrban a tent\u00e9 d\u2019emp\u00eacher la tenue de la Pride, et tout ce qu\u2019il a r\u00e9colt\u00e9, c\u2019est une \u00e9norme mobilisation\u00bb, observait Melissa Camara, eurod\u00e9put\u00e9e belge (\u00e9cologiste) qui arborait le slogan \u00abLibert\u00e9, \u00e9galit\u00e9, sororit\u00e9\u00bb sur son tee-shirt blanc. <a href=\"https:\/\/www.liberation.fr\/international\/europe\/face-a-linterdiction-de-la-pride-a-budapest-de-nombreux-elus-francais-feront-le-deplacement-si-cest-la-peur-qui-gagne-cest-lextreme-droite-qui-gagne-20250627_SSLDDQPODRHLTGOUOYAN5PKVJE\/\" target=\"_blank\" rel=\"noreferrer noopener\" title=\"https:\/\/www.liberation.fr\/international\/europe\/face-a-linterdiction-de-la-pride-a-budapest-de-nombreux-elus-francais-feront-le-deplacement-si-cest-la-peur-qui-gagne-cest-lextreme-droite-qui-gagne-20250627_SSLDDQPODRHLTGOUOYAN5PKVJE\/\">Pr\u00e8s de 70 de d\u00e9put\u00e9s europ\u00e9ens et des dizaines de personnalit\u00e9s politiques se sont d\u00e9plac\u00e9s<\/a><\/p>\n","protected":false},"excerpt":{"rendered":"Jamais Marche des fiert\u00e9s n\u2019a \u00e9t\u00e9 aussi massivement suivie en Hongrie. Pr\u00e8s de deux cent mille personnes \u2013&hellip;\n","protected":false},"author":2,"featured_media":212248,"comment_status":"","ping_status":"","sticky":false,"template":"","format":"standard","meta":{"footnotes":""},"categories":[5],"tags":[11,1011,27,804,14,9087,12,7247,28],"class_list":{"0":"post-212247","1":"post","2":"type-post","3":"status-publish","4":"format-standard","5":"has-post-thumbnail","7":"category-international","8":"tag-actualites","9":"tag-fr","10":"tag-france","11":"tag-hongrie","12":"tag-international","13":"tag-lgbt","14":"tag-news","15":"tag-viktor-orban","16":"tag-world"},"share_on_mastodon":{"url":"https:\/\/pubeurope.com\/@fr\/114764163621388234","error":""},"_links":{"self":[{"href":"https:\/\/www.europesays.com\/fr\/wp-json\/wp\/v2\/posts\/212247","targetHints":{"allow":["GET"]}}],"collection":[{"href":"https:\/\/www.europesays.com\/fr\/wp-json\/wp\/v2\/posts"}],"about":[{"href":"https:\/\/www.europesays.com\/fr\/wp-json\/wp\/v2\/types\/post"}],"author":[{"embeddable":true,"href":"https:\/\/www.europesays.com\/fr\/wp-json\/wp\/v2\/users\/2"}],"replies":[{"embeddable":true,"href":"https:\/\/www.europesays.com\/fr\/wp-json\/wp\/v2\/comments?post=212247"}],"version-history":[{"count":0,"href":"https:\/\/www.europesays.com\/fr\/wp-json\/wp\/v2\/posts\/212247\/revisions"}],"wp:featuredmedia":[{"embeddable":true,"href":"https:\/\/www.europesays.com\/fr\/wp-json\/wp\/v2\/media\/212248"}],"wp:attachment":[{"href":"https:\/\/www.europesays.com\/fr\/wp-json\/wp\/v2\/media?parent=212247"}],"wp:term":[{"taxonomy":"category","embeddable":true,"href":"https:\/\/www.europesays.com\/fr\/wp-json\/wp\/v2\/categories?post=212247"},{"taxonomy":"post_tag","embeddable":true,"href":"https:\/\/www.europesays.com\/fr\/wp-json\/wp\/v2\/tags?post=212247"}],"curies":[{"name":"wp","href":"https:\/\/api.w.org\/{rel}","templated":true}]}}