{"id":212255,"date":"2025-06-29T01:58:16","date_gmt":"2025-06-29T01:58:16","guid":{"rendered":"https:\/\/www.europesays.com\/fr\/212255\/"},"modified":"2025-06-29T01:58:16","modified_gmt":"2025-06-29T01:58:16","slug":"mercato-asse-une-offre-en-or-ghaneenne","status":"publish","type":"post","link":"https:\/\/www.europesays.com\/fr\/212255\/","title":{"rendered":"MERCATO ASSE : UNE OFFRE EN OR GHAN\u00c9ENNE"},"content":{"rendered":"<p>Eirik Horneland a identifi\u00e9 l\u2019entrejeu comme secteur prioritaire \u00e0 renforcer, jetant son d\u00e9volu sur un profil particuli\u00e8rement s\u00e9duisant \u00e9voluant en Autriche. Emmanuel Agyemang, milieu polyvalent de 21 ans sous contrat avec Wolfsberger, correspond parfaitement aux crit\u00e8res recherch\u00e9s par le staff technique st\u00e9phanois pour densifier le c\u0153ur de jeu.<\/p>\n<p>Un profil box-to-box qui s\u00e9duit<\/p>\n<p>Le jeune Ghan\u00e9en pr\u00e9sente toutes les caract\u00e9ristiques du milieu moderne : capacit\u00e9 \u00e0 couvrir les phases offensives comme d\u00e9fensives, technique individuelle solide et vista collective d\u00e9velopp\u00e9e. Ses statistiques de la saison \u00e9coul\u00e9e t\u00e9moignent de cette polyvalence avec trois r\u00e9alisations et six passes d\u00e9cisives en vingt-huit apparitions.<\/p>\n<p>Cette production offensive non n\u00e9gligeable, coupl\u00e9e \u00e0 son impact d\u00e9fensif, en fait un candidat id\u00e9al pour s\u2019int\u00e9grer rapidement dans le dispositif tactique d\u2019Horneland, voire pr\u00e9tendre \u00e0 une place de titulaire.<\/p>\n<p>L\u2019ombre d\u2019Ekwah plane sur le dossier<\/p>\n<p>Paradoxalement, cette piste s\u2019active alors que l\u2019ASSE vient d\u2019exercer l\u2019option d\u2019achat de Pierre Ekwah. Le milieu franco-s\u00e9n\u00e9galais de 23 ans, pourtant conserv\u00e9 par la direction, pourrait finalement ne pas s\u2019inscrire dans les plans futurs du club.<\/p>\n<p>Cette situation ambigu\u00eb explique l\u2019urgence avec laquelle Ivan Gazidis et sa cellule de recrutement prospectent pour d\u00e9nicher un rempla\u00e7ant cr\u00e9dible \u00e0 ce poste strat\u00e9gique.<\/p>\n<p>Premi\u00e8re offre jug\u00e9e insuffisante<\/p>\n<p>Les dirigeants st\u00e9phanois ont franchi le cap en formulant une proposition concr\u00e8te d\u2019un million d\u2019euros pour s\u2019attacher les services du prodige ghan\u00e9en. Cette ouverture des n\u00e9gociations t\u00e9moigne de l\u2019int\u00e9r\u00eat r\u00e9el port\u00e9 au joueur par les d\u00e9cideurs verts.<\/p>\n<p>Cependant, selon les r\u00e9v\u00e9lations d\u2019Africafoot, cette premi\u00e8re approche financi\u00e8re n\u2019a pas convaincu les responsables autrichiens, peu dispos\u00e9s \u00e0 c\u00e9der leur p\u00e9pite pour ce montant.<\/p>\n<p>Le prix de l\u2019ambition<\/p>\n<p>Les exigences de Wolfsberger se r\u00e9v\u00e8lent nettement sup\u00e9rieures aux esp\u00e9rances st\u00e9phanoises. Le club autrichien r\u00e9clamerait au minimum trois millions d\u2019euros pour lib\u00e9rer son milieu de terrain, soit le triple de l\u2019offre initiale formalis\u00e9e par Gazidis.<\/p>\n<p>Cette diff\u00e9rence d\u2019\u00e9valuation place l\u2019ASSE devant un dilemme : accepter de revoir ses pr\u00e9tentions financi\u00e8res \u00e0 la hausse ou se tourner vers d\u2019autres alternatives sur le march\u00e9.<\/p>\n<p>Potentiel contre r\u00e9alisme budg\u00e9taire<\/p>\n<p>Le profil d\u2019Agyemang justifie partiellement ces exigences tarifaires. \u00c9voluant en Bundesliga autrichienne, championnat reconnu pour la qualit\u00e9 de sa formation, le joueur dispose d\u2019une exp\u00e9rience europ\u00e9enne pr\u00e9cieuse pour un club ambitieux comme l\u2019ASSE.<\/p>\n<p>Son jeune \u00e2ge et sa marge de progression constituent des garanties suppl\u00e9mentaires pour un investissement \u00e0 moyen terme, argumentaire que devront peser les dirigeants st\u00e9phanois.<\/p>\n<p>Retour \u00e0 la charge probable<\/p>\n<p>Face \u00e0 un profil aussi prometteur, Ivan Gazidis pourrait rapidement revenir \u00e0 la table des n\u00e9gociations avec une proposition revaloris\u00e9e. L\u2019enjeu de la remont\u00e9e en Ligue 1 justifie de tels investissements, surtout pour un joueur capable d\u2019apporter une plus-value imm\u00e9diate.<\/p>\n<p>Cette bataille financi\u00e8re illustre parfaitement les d\u00e9fis du mercato moderne, o\u00f9 les clubs de Ligue 2 doivent rivaliser avec des exigences de plus en plus importantes pour attirer les talents \u00e9mergents.<\/p>\n","protected":false},"excerpt":{"rendered":"Eirik Horneland a identifi\u00e9 l\u2019entrejeu comme secteur prioritaire \u00e0 renforcer, jetant son d\u00e9volu sur un profil particuli\u00e8rement s\u00e9duisant&hellip;\n","protected":false},"author":2,"featured_media":212256,"comment_status":"","ping_status":"","sticky":false,"template":"","format":"standard","meta":{"footnotes":""},"categories":[9653],"tags":[1111,11,461,2430,1777,674,2257,1011,27,3367,12,25,4001,517],"class_list":{"0":"post-212255","1":"post","2":"type-post","3":"status-publish","4":"format-standard","5":"has-post-thumbnail","7":"category-saint-etienne","8":"tag-actu","9":"tag-actualites","10":"tag-asse","11":"tag-auvergne-rhone-alpes","12":"tag-eu","13":"tag-europe","14":"tag-foot","15":"tag-fr","16":"tag-france","17":"tag-loire","18":"tag-news","19":"tag-republique-francaise","20":"tag-saint-etienne","21":"tag-sport"},"share_on_mastodon":{"url":"https:\/\/pubeurope.com\/@fr\/114764179214966328","error":""},"_links":{"self":[{"href":"https:\/\/www.europesays.com\/fr\/wp-json\/wp\/v2\/posts\/212255","targetHints":{"allow":["GET"]}}],"collection":[{"href":"https:\/\/www.europesays.com\/fr\/wp-json\/wp\/v2\/posts"}],"about":[{"href":"https:\/\/www.europesays.com\/fr\/wp-json\/wp\/v2\/types\/post"}],"author":[{"embeddable":true,"href":"https:\/\/www.europesays.com\/fr\/wp-json\/wp\/v2\/users\/2"}],"replies":[{"embeddable":true,"href":"https:\/\/www.europesays.com\/fr\/wp-json\/wp\/v2\/comments?post=212255"}],"version-history":[{"count":0,"href":"https:\/\/www.europesays.com\/fr\/wp-json\/wp\/v2\/posts\/212255\/revisions"}],"wp:featuredmedia":[{"embeddable":true,"href":"https:\/\/www.europesays.com\/fr\/wp-json\/wp\/v2\/media\/212256"}],"wp:attachment":[{"href":"https:\/\/www.europesays.com\/fr\/wp-json\/wp\/v2\/media?parent=212255"}],"wp:term":[{"taxonomy":"category","embeddable":true,"href":"https:\/\/www.europesays.com\/fr\/wp-json\/wp\/v2\/categories?post=212255"},{"taxonomy":"post_tag","embeddable":true,"href":"https:\/\/www.europesays.com\/fr\/wp-json\/wp\/v2\/tags?post=212255"}],"curies":[{"name":"wp","href":"https:\/\/api.w.org\/{rel}","templated":true}]}}