{"id":212259,"date":"2025-06-29T02:04:13","date_gmt":"2025-06-29T02:04:13","guid":{"rendered":"https:\/\/www.europesays.com\/fr\/212259\/"},"modified":"2025-06-29T02:04:13","modified_gmt":"2025-06-29T02:04:13","slug":"legende-de-montpellier-et-nimes-et-ancien-international-francais-jacky-vergnes-est-decede-a-76-ans","status":"publish","type":"post","link":"https:\/\/www.europesays.com\/fr\/212259\/","title":{"rendered":"L\u00e9gende de Montpellier et N\u00eemes et ancien international fran\u00e7ais, Jacky Vergnes est d\u00e9c\u00e9d\u00e9 \u00e0 76\u00a0ans"},"content":{"rendered":"<p class=\"paragraph text_align_left lp-f-body-02\">Il est coinc\u00e9 \u00e0 la 21e place du classement des meilleurs buteurs de l\u2019histoire de la <a href=\"https:\/\/www.leparisien.fr\/sports\/football\/ligue-1\/\" target=\"_blank\" rel=\"noreferrer nofollow noopener\">Ligue 1<\/a> avec ses 153 r\u00e9alisations, entre Josip Skoblar et Jean-Pierre Papin. C\u2019est dire le talent qui \u00e9tait le sien. Ce samedi, l\u2019ancien international fran\u00e7ais Jacques \u00ab Jacky \u00bb Vergnes est d\u00e9c\u00e9d\u00e9 \u00e0 l\u2019\u00e2ge de 76 ans.<\/p>\n<p class=\"paragraph text_align_left lp-f-body-02\">Entre 1966 et 1982, l\u2019attaquant h\u00e9raultais a port\u00e9 les couleurs de nombreux clubs fran\u00e7ais. Form\u00e9 \u00e0 Montpellier, il a ensuite jou\u00e9 pour le <a href=\"https:\/\/www.leparisien.fr\/sports\/football\/jouer-la-montee-en-ligue-1-dici-3-ans-a-5-ans-le-president-du-red-star-a-des-raisons-detre-optimiste-28-06-2025-IMRVKSZNYJEJTBC37YICWO5I3U.php\" target=\"_blank\" rel=\"noreferrer nofollow noopener\">Red Star<\/a>, N\u00eemes, Bastia, Reims, Laval, Strasbourg, Bordeaux, avant de revenir finir sa carri\u00e8re dans son club formateur. Et partout o\u00f9 il est pass\u00e9, il a trouv\u00e9 le chemin des filets.<\/p>\n<blockquote class=\"twitter-tweet\">\n<p lang=\"fr\" dir=\"ltr\">\ud83d\udcab Le MHSC a appris avec tristesse le d\u00e9c\u00e8s de Jacky Vergnes <br \/>A sa famille et ses proches nous pr\u00e9sentons toutes nos condol\u00e9ances \ud83d\ude4f <a href=\"https:\/\/t.co\/82XbNbiw38\" rel=\"nofollow\">pic.twitter.com\/82XbNbiw38<\/a><\/p>\n<p>\u2014 MHSC (@MontpellierHSC) <a href=\"https:\/\/twitter.com\/MontpellierHSC\/status\/1938909049275167118?ref_src=twsrc%5Etfw\" rel=\"nofollow noopener\" target=\"_blank\">June 28, 2025<\/a><\/p><\/blockquote>\n<p class=\"paragraph text_align_left lp-f-body-02\">C\u2019est avec les Crocodiles n\u00eemois que Vergnes a connu ses plus belles ann\u00e9es sportives, notamment en 1971-1972. Cette saison-l\u00e0, il avait inscrit 25 buts en Championnat, disput\u00e9 la Coupe de l\u2019UEFA et connu sa seule s\u00e9lection chez les Bleus. Lors de cet unique match, face \u00e0 la Norv\u00e8ge \u00e0 Oslo, l\u2019\u00e9quipe de France s\u2019\u00e9tait impos\u00e9e 3-1 et Jacky Vergnes avait ouvert le score.<\/p>\n<p><script async src=\"https:\/\/platform.twitter.com\/widgets.js\" charset=\"utf-8\"><\/script><\/p>\n","protected":false},"excerpt":{"rendered":"Il est coinc\u00e9 \u00e0 la 21e place du classement des meilleurs buteurs de l\u2019histoire de la Ligue 1&hellip;\n","protected":false},"author":2,"featured_media":212260,"comment_status":"","ping_status":"","sticky":false,"template":"","format":"standard","meta":{"footnotes":""},"categories":[9599],"tags":[1111,11,1777,674,63,1011,27,66,2208,12,2680,25,60],"class_list":{"0":"post-212259","1":"post","2":"type-post","3":"status-publish","4":"format-standard","5":"has-post-thumbnail","7":"category-montpellier","8":"tag-actu","9":"tag-actualites","10":"tag-eu","11":"tag-europe","12":"tag-football","13":"tag-fr","14":"tag-france","15":"tag-ligue-1","16":"tag-montpellier","17":"tag-news","18":"tag-occitanie","19":"tag-republique-francaise","20":"tag-sports"},"share_on_mastodon":{"url":"https:\/\/pubeurope.com\/@fr\/114764202845803155","error":""},"_links":{"self":[{"href":"https:\/\/www.europesays.com\/fr\/wp-json\/wp\/v2\/posts\/212259","targetHints":{"allow":["GET"]}}],"collection":[{"href":"https:\/\/www.europesays.com\/fr\/wp-json\/wp\/v2\/posts"}],"about":[{"href":"https:\/\/www.europesays.com\/fr\/wp-json\/wp\/v2\/types\/post"}],"author":[{"embeddable":true,"href":"https:\/\/www.europesays.com\/fr\/wp-json\/wp\/v2\/users\/2"}],"replies":[{"embeddable":true,"href":"https:\/\/www.europesays.com\/fr\/wp-json\/wp\/v2\/comments?post=212259"}],"version-history":[{"count":0,"href":"https:\/\/www.europesays.com\/fr\/wp-json\/wp\/v2\/posts\/212259\/revisions"}],"wp:featuredmedia":[{"embeddable":true,"href":"https:\/\/www.europesays.com\/fr\/wp-json\/wp\/v2\/media\/212260"}],"wp:attachment":[{"href":"https:\/\/www.europesays.com\/fr\/wp-json\/wp\/v2\/media?parent=212259"}],"wp:term":[{"taxonomy":"category","embeddable":true,"href":"https:\/\/www.europesays.com\/fr\/wp-json\/wp\/v2\/categories?post=212259"},{"taxonomy":"post_tag","embeddable":true,"href":"https:\/\/www.europesays.com\/fr\/wp-json\/wp\/v2\/tags?post=212259"}],"curies":[{"name":"wp","href":"https:\/\/api.w.org\/{rel}","templated":true}]}}