{"id":212289,"date":"2025-06-29T02:25:09","date_gmt":"2025-06-29T02:25:09","guid":{"rendered":"https:\/\/www.europesays.com\/fr\/212289\/"},"modified":"2025-06-29T02:25:09","modified_gmt":"2025-06-29T02:25:09","slug":"ce-changement-va-bouleverser-les-locations-saisonnieres","status":"publish","type":"post","link":"https:\/\/www.europesays.com\/fr\/212289\/","title":{"rendered":"ce changement va bouleverser les locations saisonni\u00e8res"},"content":{"rendered":"<p><strong>Lyon, ville embl\u00e9matique de la gastronomie et du patrimoine fran\u00e7ais, attire chaque ann\u00e9e des millions de visiteurs.<\/strong> Face \u00e0 l&rsquo;essor fulgurant des plateformes de location courte dur\u00e9e comme Airbnb, la m\u00e9tropole a d\u00e9cid\u00e9 d&rsquo;agir pour pr\u00e9server son \u00e9quilibre urbain et r\u00e9pondre aux pr\u00e9occupations croissantes des habitants.<\/p>\n<p>Une nouvelle r\u00e9glementation limite d\u00e9sormais les locations de r\u00e9sidences principales \u00e0 90 nuits par an. Cette mesure vise \u00e0 prot\u00e9ger le march\u00e9 immobilier local tout en garantissant une cohabitation harmonieuse entre touristes et r\u00e9sidents permanents. <strong>D\u00e9couvrez comment cette initiative pourrait transformer le paysage locatif lyonnais<\/strong> et influencer d&rsquo;autres grandes villes fran\u00e7aises.<\/p>\n<p>Proposition de d\u00e9lib\u00e9ration et objectifs<\/p>\n<p>Lors du prochain conseil municipal de Lyon, une d\u00e9lib\u00e9ration inspir\u00e9e de la loi Le Meur de novembre 2024 sera soumise au vote. Cette mesure vise \u00e0<strong> r\u00e9duire le nombre maximal de nuit\u00e9es autoris\u00e9es pour la location de r\u00e9sidences principales, passant de 120 \u00e0 90 nuits par an.<\/strong><\/p>\n<p><strong>L&rsquo;objectif est de renforcer les contr\u00f4les sur les meubl\u00e9s de tourisme non d\u00e9clar\u00e9s,<\/strong> souvent exploit\u00e9s par des professionnels d&rsquo;Airbnb. Dans un contexte o\u00f9 la pression fonci\u00e8re et le manque de logements se font sentir \u00e0 Lyon, <strong>cette initiative cherche \u00e0 pr\u00e9server le parc locatif traditionnel<\/strong> en limitant l&rsquo;impact des locations touristiques sur le <a href=\"https:\/\/www.enquete-debat.fr\/immobilier\/marche-immobilier-des-signes-de-reprise-mais-un-chemin-seme-dembuches\/\" rel=\"nofollow noopener\" target=\"_blank\">march\u00e9 immobilier <\/a>local.<\/p>\n<p>Contexte et justification des restrictions<\/p>\n<p>\u00c0 Lyon, la mont\u00e9e en puissance d&rsquo;Airbnb a suscit\u00e9 de vives critiques, notamment en raison de son impact sur le <a href=\"https:\/\/www.enquete-debat.fr\/immobilier\/comment-le-dpe-impacte-t-il-le-marche-locatif\/\" rel=\"nofollow noopener\" target=\"_blank\">march\u00e9 locatif.<\/a><strong> La ville fait face \u00e0 une pression fonci\u00e8re croissante et \u00e0 un d\u00e9ficit de logements disponibles,<\/strong> exacerb\u00e9s par la conversion de r\u00e9sidences en meubl\u00e9s touristiques.<\/p>\n<p>Une \u00e9tude ant\u00e9rieure avait r\u00e9v\u00e9l\u00e9 que jusqu&rsquo;\u00e0 10 % du parc immobilier dans certains quartiers centraux \u00e9tait d\u00e9di\u00e9 \u00e0 Airbnb. <strong>Cette situation aggrave la p\u00e9nurie de logements pour les habitants permanents.<\/strong> Les autorit\u00e9s locales cherchent donc \u00e0 r\u00e9guler ce ph\u00e9nom\u00e8ne pour prot\u00e9ger l&rsquo;acc\u00e8s au logement traditionnel, tout en r\u00e9pondant aux pr\u00e9occupations des r\u00e9sidents sur l&rsquo;accessibilit\u00e9 et la disponibilit\u00e9 des habitations.<\/p>\n<p>Historique et actions r\u00e9centes<\/p>\n<p>Sous la mandature de G\u00e9rard Collomb, <strong>Lyon avait d\u00e9j\u00e0 initi\u00e9 des mesures pour encadrer les locations Airbnb,<\/strong> notamment en imposant une d\u00e9claration obligatoire des meubl\u00e9s touristiques et un syst\u00e8me de compensation.<strong> Depuis 2020, les \u00e9cologistes ont renforc\u00e9 ces restrictions,<\/strong> limitant drastiquement le nombre de nouvelles autorisations.<\/p>\n<p><strong>L&rsquo;adoption d&rsquo;une interface API a permis aux autorit\u00e9s de mieux contr\u00f4ler les nuit\u00e9es lou\u00e9es<\/strong> via diverses plateformes. Cette technologie a r\u00e9v\u00e9l\u00e9 que certains logements d\u00e9passaient largement le seuil autoris\u00e9. Cependant, les meubl\u00e9s ayant respect\u00e9 les obligations de compensation ne sont pas concern\u00e9s par ces nouvelles limitations. <strong>Ces efforts visent \u00e0 prot\u00e9ger le parc locatif traditionnel face \u00e0 l&rsquo;essor des locations touristiques non d\u00e9clar\u00e9es.<\/strong><\/p>\n","protected":false},"excerpt":{"rendered":"Lyon, ville embl\u00e9matique de la gastronomie et du patrimoine fran\u00e7ais, attire chaque ann\u00e9e des millions de visiteurs. Face&hellip;\n","protected":false},"author":2,"featured_media":212290,"comment_status":"","ping_status":"","sticky":false,"template":"","format":"standard","meta":{"footnotes":""},"categories":[1889],"tags":[1111,11,7345,2430,1777,674,1011,27,1116,2428,12,25],"class_list":{"0":"post-212289","1":"post","2":"type-post","3":"status-publish","4":"format-standard","5":"has-post-thumbnail","7":"category-lyon","8":"tag-actu","9":"tag-actualites","10":"tag-airbnb","11":"tag-auvergne-rhone-alpes","12":"tag-eu","13":"tag-europe","14":"tag-fr","15":"tag-france","16":"tag-immobilier","17":"tag-lyon","18":"tag-news","19":"tag-republique-francaise"},"share_on_mastodon":{"url":"https:\/\/pubeurope.com\/@fr\/114764285480394238","error":""},"_links":{"self":[{"href":"https:\/\/www.europesays.com\/fr\/wp-json\/wp\/v2\/posts\/212289","targetHints":{"allow":["GET"]}}],"collection":[{"href":"https:\/\/www.europesays.com\/fr\/wp-json\/wp\/v2\/posts"}],"about":[{"href":"https:\/\/www.europesays.com\/fr\/wp-json\/wp\/v2\/types\/post"}],"author":[{"embeddable":true,"href":"https:\/\/www.europesays.com\/fr\/wp-json\/wp\/v2\/users\/2"}],"replies":[{"embeddable":true,"href":"https:\/\/www.europesays.com\/fr\/wp-json\/wp\/v2\/comments?post=212289"}],"version-history":[{"count":0,"href":"https:\/\/www.europesays.com\/fr\/wp-json\/wp\/v2\/posts\/212289\/revisions"}],"wp:featuredmedia":[{"embeddable":true,"href":"https:\/\/www.europesays.com\/fr\/wp-json\/wp\/v2\/media\/212290"}],"wp:attachment":[{"href":"https:\/\/www.europesays.com\/fr\/wp-json\/wp\/v2\/media?parent=212289"}],"wp:term":[{"taxonomy":"category","embeddable":true,"href":"https:\/\/www.europesays.com\/fr\/wp-json\/wp\/v2\/categories?post=212289"},{"taxonomy":"post_tag","embeddable":true,"href":"https:\/\/www.europesays.com\/fr\/wp-json\/wp\/v2\/tags?post=212289"}],"curies":[{"name":"wp","href":"https:\/\/api.w.org\/{rel}","templated":true}]}}