{"id":212302,"date":"2025-06-29T02:34:12","date_gmt":"2025-06-29T02:34:12","guid":{"rendered":"https:\/\/www.europesays.com\/fr\/212302\/"},"modified":"2025-06-29T02:34:12","modified_gmt":"2025-06-29T02:34:12","slug":"bhl-de-limportance-detre-constant-2","status":"publish","type":"post","link":"https:\/\/www.europesays.com\/fr\/212302\/","title":{"rendered":"BHL, de l&rsquo;importance d&rsquo;\u00eatre constant"},"content":{"rendered":"<p>\u00ab Alors, comment est le moral ? \u00bb Entre deux d\u00e9placements film\u00e9s sur les lignes de front ukrainiennes, Bernard-Henri L\u00e9vy d\u00e9gaine sa question f\u00e9tiche qui pourrait tout aussi bien \u00e9maner d\u2019un g\u00e9n\u00e9ral, d\u2019un chef d\u2019\u00c9tat ou d\u2019un fr\u00e8re d\u2019armes. R\u00e9ponse : le moral, \u00e7a va, merci pour lui\u2026<\/p>\n<p>\u00c0 la fois h\u00e9ros et t\u00e9moin, l\u2019intellectuel para\u00eet au top de sa forme <a href=\"https:\/\/www.parismatch.com\/culture\/cinema\/le-film-de-bhl-sur-lukraine-projete-au-festival-de-cannes-251275\" rel=\"nofollow noopener\" target=\"_blank\" data-ylk=\"slk:dans ce quatri\u00e8me documentaire, filmant son propre engagement;elm:context_link;itc:0;sec:content-canvas\" class=\"link \">dans ce quatri\u00e8me documentaire, filmant son propre engagement<\/a>, sa propre l\u00e9gende, cette guerre en Ukraine qu\u2019il a faite sienne depuis l\u2019invasion de la Crim\u00e9e par la Russie en 2014 et la r\u00e9volution de Ma\u00efdan qui s\u2019en est suivie. Au nom de nobles id\u00e9aux d\u00e9mocratiques, de sa foi en l\u2019Europe, de ses convictions\u2026<\/p>\n<p>Car s\u2019il y a une chose que l\u2019on ne peut pas d\u00e9nier \u00e0 Bernard-Henri L\u00e9vy, c\u2019est sa constance. Il en va de ses id\u00e9es philosophiques, comme de son apparence. Ce n\u2019est pas parce que mille fois on s\u2019est moqu\u00e9 de ses chemises blanches et vestes de costume noires gliss\u00e9es sous un gilet pare-balles qu\u2019il changera d\u2019uniforme. Et ce n\u2019est pas parce que l\u2019arm\u00e9e de la f\u00e9d\u00e9ration de Russie gagne parfois du terrain, qu\u2019il cessera de clamer, avec l\u2019emphase qui le caract\u00e9rise, qu\u2019\u00e0 la fin l\u2019Ukraine vaincra.<\/p>\n<p>\u00ab Churchill du XXI\u00e8me si\u00e8cle \u00bb<\/p>\n<p>Ce film, cor\u00e9alis\u00e9 avec son complice, le photographe Marc Roussel, m\u00ealant images d\u2019archives de leurs pr\u00e9c\u00e9dents reportages \u00e0 celles plus r\u00e9centes de juillet 2024, f\u00e9vrier et avril 2025, en fait la d\u00e9monstration \u00e0 travers dix tableaux qui se veulent un journal de bord sans appel. Comment BHL pourrait-il &#8230;<\/p>\n<p><a href=\"https:\/\/www.parismatch.com\/culture\/cinema\/guerre-en-ukraine-bhl-de-limportance-detre-constant-253446?at_medium=affiliate&amp;at_campaign=Yahoo\" rel=\"nofollow noopener\" target=\"_blank\" data-ylk=\"slk:Lire la suite sur ParisMatch;elm:context_link;itc:0;sec:content-canvas\" class=\"link \">Lire la suite sur ParisMatch<\/a><\/p>\n","protected":false},"excerpt":{"rendered":"\u00ab Alors, comment est le moral ? \u00bb Entre deux d\u00e9placements film\u00e9s sur les lignes de front ukrainiennes,&hellip;\n","protected":false},"author":2,"featured_media":212303,"comment_status":"","ping_status":"","sticky":false,"template":"","format":"standard","meta":{"footnotes":""},"categories":[1590],"tags":[11,34008,35201,1777,674,1887,35202,12,220],"class_list":{"0":"post-212302","1":"post","2":"type-post","3":"status-publish","4":"format-standard","5":"has-post-thumbnail","7":"category-ukraine","8":"tag-actualites","9":"tag-bernard-henri-levy","10":"tag-chef-detat","11":"tag-eu","12":"tag-europe","13":"tag-federation-de-russie","14":"tag-journal-de-bord","15":"tag-news","16":"tag-ukraine"},"share_on_mastodon":{"url":"https:\/\/pubeurope.com\/@fr\/114764320889580292","error":""},"_links":{"self":[{"href":"https:\/\/www.europesays.com\/fr\/wp-json\/wp\/v2\/posts\/212302","targetHints":{"allow":["GET"]}}],"collection":[{"href":"https:\/\/www.europesays.com\/fr\/wp-json\/wp\/v2\/posts"}],"about":[{"href":"https:\/\/www.europesays.com\/fr\/wp-json\/wp\/v2\/types\/post"}],"author":[{"embeddable":true,"href":"https:\/\/www.europesays.com\/fr\/wp-json\/wp\/v2\/users\/2"}],"replies":[{"embeddable":true,"href":"https:\/\/www.europesays.com\/fr\/wp-json\/wp\/v2\/comments?post=212302"}],"version-history":[{"count":0,"href":"https:\/\/www.europesays.com\/fr\/wp-json\/wp\/v2\/posts\/212302\/revisions"}],"wp:featuredmedia":[{"embeddable":true,"href":"https:\/\/www.europesays.com\/fr\/wp-json\/wp\/v2\/media\/212303"}],"wp:attachment":[{"href":"https:\/\/www.europesays.com\/fr\/wp-json\/wp\/v2\/media?parent=212302"}],"wp:term":[{"taxonomy":"category","embeddable":true,"href":"https:\/\/www.europesays.com\/fr\/wp-json\/wp\/v2\/categories?post=212302"},{"taxonomy":"post_tag","embeddable":true,"href":"https:\/\/www.europesays.com\/fr\/wp-json\/wp\/v2\/tags?post=212302"}],"curies":[{"name":"wp","href":"https:\/\/api.w.org\/{rel}","templated":true}]}}