{"id":212306,"date":"2025-06-29T02:36:29","date_gmt":"2025-06-29T02:36:29","guid":{"rendered":"https:\/\/www.europesays.com\/fr\/212306\/"},"modified":"2025-06-29T02:36:29","modified_gmt":"2025-06-29T02:36:29","slug":"brexit-un-bilan-mitige-mais-pas-dramatique","status":"publish","type":"post","link":"https:\/\/www.europesays.com\/fr\/212306\/","title":{"rendered":"Brexit: un bilan mitig\u00e9, mais pas dramatique"},"content":{"rendered":"<p>              <a tabindex=\"-1\" title=\"Ren\u00e9 Schwok\" href=\"https:\/\/www.letemps.ch\/profil\/rene-schwok\" target=\"_blank\" rel=\"noopener\"><\/p>\n<p>                    <img decoding=\"async\" src=\"https:\/\/www.europesays.com\/fr\/wp-content\/uploads\/2025\/06\/1751164589_153_small.jpeg\" class=\"lazy\" alt=\"\"\/><\/p>\n<p><\/a>        <\/p>\n<p>              <a href=\"https:\/\/www.letemps.ch\/profil\/rene-schwok\" target=\"_blank\" rel=\"noopener\">Ren\u00e9 Schwok<\/a><\/p>\n<p>              professeur en \u00e9tudes europ\u00e9ennes honoraire \u00e0 l&rsquo;Universit\u00e9 de Gen\u00e8ve<\/p>\n<p>    Publi\u00e9 le 07 f\u00e9vrier 2025 \u00e0 15:56. \/ Modifi\u00e9 le 08 f\u00e9vrier 2025 \u00e0 12:06.<\/p>\n<p> 3 min. de lecture<\/p>\n<p>Le 1er\u00a0f\u00e9vrier 2020, le Royaume-Uni quittait officiellement l\u2019Union europ\u00e9enne. Quatre ans apr\u00e8s la p\u00e9riode de transition, qui a dur\u00e9 un an, on peut esquisser un premier bilan provisoire. Ce que l\u2019on n\u2019avait pas pu faire auparavant car de longues p\u00e9riodes de transition depuis le r\u00e9f\u00e9rendum de 2016 avaient brouill\u00e9 les cartes. De plus, l\u2019\u00e9pid\u00e9mie de covid, ainsi que la guerre en Ukraine avaient nui \u00e0 la clart\u00e9 de l\u2019analyse.<\/p>\n<p>Il faut bien diff\u00e9rencier deux probl\u00e9matiques que l\u2019on a trop souvent tendance \u00e0 confondre.<\/p>\n","protected":false},"excerpt":{"rendered":"Ren\u00e9 Schwok professeur en \u00e9tudes europ\u00e9ennes honoraire \u00e0 l&rsquo;Universit\u00e9 de Gen\u00e8ve Publi\u00e9 le 07 f\u00e9vrier 2025 \u00e0 15:56.&hellip;\n","protected":false},"author":2,"featured_media":212307,"comment_status":"","ping_status":"","sticky":false,"template":"","format":"standard","meta":{"footnotes":""},"categories":[1588],"tags":[11,1777,674,12,301,473,1853,1851,1850,1852],"class_list":{"0":"post-212306","1":"post","2":"type-post","3":"status-publish","4":"format-standard","5":"has-post-thumbnail","7":"category-royaume-uni","8":"tag-actualites","9":"tag-eu","10":"tag-europe","11":"tag-news","12":"tag-premium","13":"tag-royaume-uni","14":"tag-royaume-uni-de-grande-bretagne-et-dirlande-du-nord","15":"tag-uk","16":"tag-united-kingdom","17":"tag-united-kingdom-of-great-britain-and-northern-ireland"},"share_on_mastodon":{"url":"https:\/\/pubeurope.com\/@fr\/114764328777512350","error":""},"_links":{"self":[{"href":"https:\/\/www.europesays.com\/fr\/wp-json\/wp\/v2\/posts\/212306","targetHints":{"allow":["GET"]}}],"collection":[{"href":"https:\/\/www.europesays.com\/fr\/wp-json\/wp\/v2\/posts"}],"about":[{"href":"https:\/\/www.europesays.com\/fr\/wp-json\/wp\/v2\/types\/post"}],"author":[{"embeddable":true,"href":"https:\/\/www.europesays.com\/fr\/wp-json\/wp\/v2\/users\/2"}],"replies":[{"embeddable":true,"href":"https:\/\/www.europesays.com\/fr\/wp-json\/wp\/v2\/comments?post=212306"}],"version-history":[{"count":0,"href":"https:\/\/www.europesays.com\/fr\/wp-json\/wp\/v2\/posts\/212306\/revisions"}],"wp:featuredmedia":[{"embeddable":true,"href":"https:\/\/www.europesays.com\/fr\/wp-json\/wp\/v2\/media\/212307"}],"wp:attachment":[{"href":"https:\/\/www.europesays.com\/fr\/wp-json\/wp\/v2\/media?parent=212306"}],"wp:term":[{"taxonomy":"category","embeddable":true,"href":"https:\/\/www.europesays.com\/fr\/wp-json\/wp\/v2\/categories?post=212306"},{"taxonomy":"post_tag","embeddable":true,"href":"https:\/\/www.europesays.com\/fr\/wp-json\/wp\/v2\/tags?post=212306"}],"curies":[{"name":"wp","href":"https:\/\/api.w.org\/{rel}","templated":true}]}}