{"id":212308,"date":"2025-06-29T02:37:09","date_gmt":"2025-06-29T02:37:09","guid":{"rendered":"https:\/\/www.europesays.com\/fr\/212308\/"},"modified":"2025-06-29T02:37:09","modified_gmt":"2025-06-29T02:37:09","slug":"langleterre-conserve-son-titre-en-battant-lallemagne-3-2-en-finale-de-leuro-espoirs","status":"publish","type":"post","link":"https:\/\/www.europesays.com\/fr\/212308\/","title":{"rendered":"L&rsquo;Angleterre conserve son titre en battant l&rsquo;Allemagne 3-2 en finale de l&rsquo;Euro Espoirs"},"content":{"rendered":"<p>L&rsquo;Angleterre, tenant du titre, a remport\u00e9 l&rsquo;Euro-2025 Espoirs en battant l&rsquo;Allemagne en finale 3-2 apr\u00e8s prolongation gr\u00e2ce \u00e0 un but du Marseillais Jonathan Rowe en prolongation, samedi \u00e0 Bratislava.<\/p>\n<p>Les jeunes Anglais ont men\u00e9 2-0 gr\u00e2ce \u00e0 leur jeu rapide, avec des buts sign\u00e9s Harvey Elliott (5e) et Omari Hutchinson (25e), mais les Allemands ont \u00e9galis\u00e9 par les joueurs de Mayence, Nelson Weiper (45e+1), d&rsquo;un puissant coup de t\u00eate, et le petit Paul Nebel (1,69 m) d&rsquo;une frappe dans la lucarne.<\/p>\n<p>Mais <a href=\"https:\/\/www.flashscore.fr\/joueur\/rowe-jon\/WQQaRzMF\/\" target=\"_blank\" rel=\"nofollow noopener\">Rowe<\/a>, d&rsquo;une t\u00eate plongeante au d\u00e9but de la prolongation (92e), a offert \u00e0 l&rsquo;Angleterre un quatri\u00e8me Euro Espoirs apr\u00e8s les titres de 1982, 1984 et 2023 lors de la pr\u00e9c\u00e9dente \u00e9dition.<\/p>\n","protected":false},"excerpt":{"rendered":"L&rsquo;Angleterre, tenant du titre, a remport\u00e9 l&rsquo;Euro-2025 Espoirs en battant l&rsquo;Allemagne en finale 3-2 apr\u00e8s prolongation gr\u00e2ce \u00e0&hellip;\n","protected":false},"author":2,"featured_media":212309,"comment_status":"","ping_status":"","sticky":false,"template":"","format":"standard","meta":{"footnotes":""},"categories":[1587],"tags":[11,672,1804,1805,1803,1777,674,1801,12,1802],"class_list":{"0":"post-212308","1":"post","2":"type-post","3":"status-publish","4":"format-standard","5":"has-post-thumbnail","7":"category-allemagne","8":"tag-actualites","9":"tag-allemagne","10":"tag-bundesrepublik-deutschland","11":"tag-de","12":"tag-deutschland","13":"tag-eu","14":"tag-europe","15":"tag-germany","16":"tag-news","17":"tag-republique-federale-dallemagne"},"share_on_mastodon":{"url":"https:\/\/pubeurope.com\/@fr\/114764332676528039","error":""},"_links":{"self":[{"href":"https:\/\/www.europesays.com\/fr\/wp-json\/wp\/v2\/posts\/212308","targetHints":{"allow":["GET"]}}],"collection":[{"href":"https:\/\/www.europesays.com\/fr\/wp-json\/wp\/v2\/posts"}],"about":[{"href":"https:\/\/www.europesays.com\/fr\/wp-json\/wp\/v2\/types\/post"}],"author":[{"embeddable":true,"href":"https:\/\/www.europesays.com\/fr\/wp-json\/wp\/v2\/users\/2"}],"replies":[{"embeddable":true,"href":"https:\/\/www.europesays.com\/fr\/wp-json\/wp\/v2\/comments?post=212308"}],"version-history":[{"count":0,"href":"https:\/\/www.europesays.com\/fr\/wp-json\/wp\/v2\/posts\/212308\/revisions"}],"wp:featuredmedia":[{"embeddable":true,"href":"https:\/\/www.europesays.com\/fr\/wp-json\/wp\/v2\/media\/212309"}],"wp:attachment":[{"href":"https:\/\/www.europesays.com\/fr\/wp-json\/wp\/v2\/media?parent=212308"}],"wp:term":[{"taxonomy":"category","embeddable":true,"href":"https:\/\/www.europesays.com\/fr\/wp-json\/wp\/v2\/categories?post=212308"},{"taxonomy":"post_tag","embeddable":true,"href":"https:\/\/www.europesays.com\/fr\/wp-json\/wp\/v2\/tags?post=212308"}],"curies":[{"name":"wp","href":"https:\/\/api.w.org\/{rel}","templated":true}]}}