{"id":212315,"date":"2025-06-29T02:41:12","date_gmt":"2025-06-29T02:41:12","guid":{"rendered":"https:\/\/www.europesays.com\/fr\/212315\/"},"modified":"2025-06-29T02:41:12","modified_gmt":"2025-06-29T02:41:12","slug":"avec-73-departements-en-vigilance-orange-la-france-dans-un-week-end-caniculaire-liberation","status":"publish","type":"post","link":"https:\/\/www.europesays.com\/fr\/212315\/","title":{"rendered":"Avec 73 d\u00e9partements en vigilance orange, la France dans un week-end caniculaire \u2013 Lib\u00e9ration"},"content":{"rendered":"<p class=\"sc-ksZaOG ehjQrN text-element\">L\u2019\u00e9pisode de canicule se poursuit sur le sud de la France ce samedi pour la deuxi\u00e8me journ\u00e9e cons\u00e9cutive. Quatorze d\u00e9partements ont \u00e9t\u00e9 plac\u00e9s en vigilance orange d\u00e8s ce samedi, avant une extension vers le nord du pays, qui entra\u00eene notamment des risques d\u2019incendies multipli\u00e9s.<\/p>\n<p class=\"sc-ksZaOG ehjQrN text-element\">L\u2019Aude, le Vaucluse, le Var, les Alpes-Maritimes, la Haute-Corse, les Alpes-de-Haute-Provence, l\u2019Ard\u00e8che, la Dr\u00f4me, l\u2019Is\u00e8re et le Rh\u00f4ne ont rejoint, d\u00e8s ce samedi midi, les Bouches-du-Rh\u00f4ne, le Gard, l\u2019H\u00e9rault et les Pyr\u00e9n\u00e9es-Orientales, concern\u00e9es depuis vendredi par cet \u00ab\u00e9pisode caniculaire pr\u00e9coce\u00bb. Celui-ci doit s\u2019\u00e9tendre progressivement vers le nord et gagner en intensit\u00e9 dimanche : 73 d\u00e9partements au total seront alors plac\u00e9s en vigilance orange, de l\u2019Ile-de-France \u00e0 l\u2019arc m\u00e9diterran\u00e9en, et de la Vend\u00e9e au Doubs, <a href=\"https:\/\/vigilance.meteofrance.fr\/fr\/demain\" target=\"_blank\" rel=\"noreferrer nofollow noopener\" title=\"https:\/\/vigilance.meteofrance.fr\/fr\/demain\">a annonc\u00e9 M\u00e9t\u00e9o-France<\/a> samedi apr\u00e8s-midi. Plus t\u00f4t dans la journ\u00e9e, le dispositif n\u2019\u00e9tait cens\u00e9 concerner \u00abque\u00bb 53 d\u00e9partements. D\u00e9sormais, seule une poign\u00e9e de d\u00e9partements s\u2019\u00e9talant du Finist\u00e8re \u00e0 la Moselle, ainsi que les Hautes-Alpes et la Haute-Corse, \u00e9chappent encore \u00e0 la vigilance orange. Le ph\u00e9nom\u00e8ne doit durer au moins jusqu\u2019\u00e0 mardi.<\/p>\n<p class=\"sc-ksZaOG ehjQrN text-element\">L\u2019institut m\u00e9t\u00e9orologique pr\u00e9voit des temp\u00e9ratures pouvant atteindre entre 30 et 35\u00b0C en r\u00e9gion Ile-de-France, 34 \u00e0 38\u00b0C sur les deux tiers sud du pays, voire localement plus, notamment dans le Sud-Ouest, tandis que 39 \u00e0 40\u00b0C seront \u00abr\u00e9guli\u00e8rement atteints pr\u00e8s de la M\u00e9diterran\u00e9e\u00bb. Samedi apr\u00e8s-midi, la pr\u00e9fecture d\u2019Ile-de-France a en outre d\u00e9clench\u00e9 le plan vigilance canicule dans la r\u00e9gion \u00e0 compter de dimanche midi. Celui-ci entra\u00eene notamment une sensibilisation des \u00e9tablissements de sant\u00e9 et une mobilisation des gestionnaires de centres d\u2019accueil.<\/p>\n<p class=\"sc-ksZaOG ehjQrN text-element\">Cette vague de chaleur promet des nuits \u00abtr\u00e8s d\u00e9sagr\u00e9ables\u00bb lors desquelles le mercure ne devrait pas descendre en dessous de 20 degr\u00e9s, selon Tristan Amm, pr\u00e9visionniste chez M\u00e9t\u00e9o-France. \u00abLes temp\u00e9ratures minimales sont souvent comprises entre 19 et 23\u00b0C, et jusqu\u2019\u00e0 26 degr\u00e9s pr\u00e8s de la M\u00e9diterran\u00e9e\u00bb, pr\u00e9vient ainsi l\u2019institut. \u00abOn sera souvent de 12 \u00e0 15 degr\u00e9s au-dessus des normales et il est possible que des niveaux proches des records soient atteints localement sur les temp\u00e9ratures minimales\u00bb, observe Tristan Amm.<\/p>\n<p class=\"sc-ksZaOG ehjQrN text-element\">Le num\u00e9ro vert canicule (1), qui permet d\u2019obtenir des conseils \u00abpour se prot\u00e9ger et prot\u00e9ger son entourage\u00bb, a \u00e9t\u00e9 r\u00e9activ\u00e9 ce samedi matin d\u00e8s 8 heures, a annonc\u00e9 le minist\u00e8re de la Sant\u00e9.<\/p>\n<p class=\"sc-ksZaOG ehjQrN text-element\">La cause de ce nouveau pic est un \u00abd\u00f4me de chaleur\u00bb : un large et puissant anticyclone forme une sorte de couvercle qui vient bloquer l\u2019air en basses couches, emp\u00eachant l\u2019entr\u00e9e de perturbations, tout en le r\u00e9chauffant progressivement.<\/p>\n<p class=\"sc-ksZaOG ehjQrN text-element\"><a href=\"https:\/\/www.liberation.fr\/societe\/un-blocage-anticyclonique-en-omega-meteo-france-annonce-un-premier-week-end-dete-caniculaire-20250618_2ARAB2JBKFBZDGRUQ426NZDCVQ\/?redirected=1\" target=\"_blank\" rel=\"noreferrer nofollow noopener\" title=\"https:\/\/www.liberation.fr\/societe\/un-blocage-anticyclonique-en-omega-meteo-france-annonce-un-premier-week-end-dete-caniculaire-20250618_2ARAB2JBKFBZDGRUQ426NZDCVQ\/?redirected=1\">Depuis le 19 juin<\/a>, la France traverse sa 50e vague de chaleur nationale depuis 1947, et <a href=\"https:\/\/www.liberation.fr\/environnement\/climat\/le-mois-de-juin-a-ete-le-plus-chaud-le-plus-jamais-enregistre-sur-terre-20230706_FCM7L2TE3BEOVAMU7V7KHUAJRI\/\" target=\"_blank\" rel=\"noreferrer nofollow noopener\" title=\"https:\/\/www.liberation.fr\/environnement\/climat\/le-mois-de-juin-a-ete-le-plus-chaud-le-plus-jamais-enregistre-sur-terre-20230706_FCM7L2TE3BEOVAMU7V7KHUAJRI\/\">sa 33e du XXIe si\u00e8cle<\/a>, cons\u00e9quence du r\u00e9chauffement climatique qui augmente l\u2019intensit\u00e9 et la fr\u00e9quence des canicules. Et impossible d\u2019en pr\u00e9voir la fin avec certitude : elle va durer \u00abau moins jusqu\u2019\u00e0 mardi\u00bb, mais pour la fin, \u00abest-ce que ce sera mercredi, jeudi ou vendredi, c\u2019est trop t\u00f4t pour le dire\u00bb, pr\u00e9cise le pr\u00e9visionniste.<\/p>\n<p class=\"sc-ksZaOG ehjQrN text-element\">La vague de chaleur concerne tout le sud de l\u2019Europe, avec une vingtaine de villes d\u2019Italie, dont Rome et Venise, plac\u00e9es en alerte. Au Portugal, les deux tiers du pays seront en alerte orange dimanche, avec 42\u00b0C pr\u00e9vus \u00e0 Lisbonne et un risque maximal d\u2019incendie. En Espagne, le pic de chaleur est attendu \u00e0 partir de dimanche avec un mercure au-del\u00e0 des 40\u00b0C sur une grande partie du territoire.<\/p>\n<p class=\"sc-ksZaOG ehjQrN text-element\">Pour faire face \u00e0 canicule, mairies, pr\u00e9fectures et pompiers multiplient mises en garde et recommandations. Des massifs forestiers sont interdits par crainte d\u2019incendies, des locaux climatis\u00e9s restent ouverts malgr\u00e9 le week-end, des distributions d\u2019eau sont organis\u00e9es\u2026<\/p>\n<p class=\"sc-ksZaOG ehjQrN text-element\">A Marseille, o\u00f9 certains habitants ont trouv\u00e9 refuge vendredi dans les centres commerciaux climatis\u00e9s, la mairie a annonc\u00e9 la gratuit\u00e9 des piscines municipales et publi\u00e9 une cartographie des lieux publics disposant de la climatisation. Dans cette ville au b\u00e2ti scolaire souvent ancien, la chaleur a mis ces derniers jours les \u00e9coliers \u00e0 rude \u00e9preuve, obligeant parfois parents et enseignants \u00e0 fournir eux-m\u00eames des ventilateurs.<\/p>\n<p class=\"sc-ksZaOG ehjQrN text-element\">La ville de Tours a justement annonc\u00e9 la fermeture de toutes ses \u00e9coles lundi et mardi apr\u00e8s-midi. La municipalit\u00e9 appelle \u00ab\u00e0 la vigilance et prend des mesures pour prot\u00e9ger les enfants, le personnel de l\u2019\u00c9ducation nationale et de la ville\u00bb. Les \u00e9coles resteront ouvertes les matin\u00e9es de lundi et mardi mais \u00ables enfants devront \u00eatre r\u00e9cup\u00e9r\u00e9s \u00e0 11h30 ou \u00e0 13h30 apr\u00e8s le d\u00e9jeuner, imp\u00e9rativement\u00bb, pr\u00e9cise la municipalit\u00e9 dans un communiqu\u00e9. \u00abCes mesures ont \u00e9t\u00e9 prises en lien \u00e9troit avec les services de l\u2019\u00c9ducation nationale, qui assurent la continuit\u00e9 p\u00e9dagogique pour les \u00e9l\u00e8ves\u00bb, a expliqu\u00e9 la ville, ajoutant qu\u2019elle restait \u00abmobilis\u00e9e pour accompagner les familles et garantir la s\u00e9curit\u00e9 des \u00e9l\u00e8ves\u00bb.<\/p>\n<p class=\"sc-ksZaOG ehjQrN text-element\">Alors qu\u2019il reste une semaine de cours, l\u2019association de parents FCPE a demand\u00e9 vendredi \u00e0 la ministre de l\u2019Education nationale Elisabeth Borne de donner, d\u2019\u00aburgence\u00bb, \u00abdes consignes claires\u00bb aux personnels des \u00e9tablissements scolaires afin d\u2019adapter l\u2019accueil des \u00e9l\u00e8ves. La ville de Nice assure pour sa part que pr\u00e8s de 250 ventilateurs portables d\u2019appoint \u00abont \u00e9t\u00e9 livr\u00e9s ces deux derni\u00e8res semaines\u00bb \u00e0 la demande des chefs d\u2019\u00e9tablissement et qu\u2019une distribution de ventilateurs aux personnes \u00e2g\u00e9es isol\u00e9es a \u00e9galement \u00e9t\u00e9 mise en place.<\/p>\n<p class=\"sc-ksZaOG ehjQrN text-element\"><b>Mise \u00e0 jour<\/b> \u00e0 13 h 14, avec les pr\u00e9cisions de M\u00e9t\u00e9o-France sur les temp\u00e9ratures attendues ; \u00e0 16 h 21 avec le plan vigilance canicule en Ile-de-France ; \u00e0 16 h 39 avec 20 d\u00e9partements suppl\u00e9mentaires en vigilance orange dimanche ; \u00e0 18 h 40 avec les \u00e9coles ferm\u00e9es \u00e0 Tours.<\/p>\n","protected":false},"excerpt":{"rendered":"L\u2019\u00e9pisode de canicule se poursuit sur le sud de la France ce samedi pour la deuxi\u00e8me journ\u00e9e cons\u00e9cutive.&hellip;\n","protected":false},"author":2,"featured_media":212316,"comment_status":"","ping_status":"","sticky":false,"template":"","format":"standard","meta":{"footnotes":""},"categories":[2],"tags":[11,6698,1011,27,12,5140,25],"class_list":{"0":"post-212315","1":"post","2":"type-post","3":"status-publish","4":"format-standard","5":"has-post-thumbnail","7":"category-actualites","8":"tag-actualites","9":"tag-canicule","10":"tag-fr","11":"tag-france","12":"tag-news","13":"tag-rechauffement-climatique","14":"tag-republique-francaise"},"share_on_mastodon":{"url":"https:\/\/pubeurope.com\/@fr\/114764348370530267","error":""},"_links":{"self":[{"href":"https:\/\/www.europesays.com\/fr\/wp-json\/wp\/v2\/posts\/212315","targetHints":{"allow":["GET"]}}],"collection":[{"href":"https:\/\/www.europesays.com\/fr\/wp-json\/wp\/v2\/posts"}],"about":[{"href":"https:\/\/www.europesays.com\/fr\/wp-json\/wp\/v2\/types\/post"}],"author":[{"embeddable":true,"href":"https:\/\/www.europesays.com\/fr\/wp-json\/wp\/v2\/users\/2"}],"replies":[{"embeddable":true,"href":"https:\/\/www.europesays.com\/fr\/wp-json\/wp\/v2\/comments?post=212315"}],"version-history":[{"count":0,"href":"https:\/\/www.europesays.com\/fr\/wp-json\/wp\/v2\/posts\/212315\/revisions"}],"wp:featuredmedia":[{"embeddable":true,"href":"https:\/\/www.europesays.com\/fr\/wp-json\/wp\/v2\/media\/212316"}],"wp:attachment":[{"href":"https:\/\/www.europesays.com\/fr\/wp-json\/wp\/v2\/media?parent=212315"}],"wp:term":[{"taxonomy":"category","embeddable":true,"href":"https:\/\/www.europesays.com\/fr\/wp-json\/wp\/v2\/categories?post=212315"},{"taxonomy":"post_tag","embeddable":true,"href":"https:\/\/www.europesays.com\/fr\/wp-json\/wp\/v2\/tags?post=212315"}],"curies":[{"name":"wp","href":"https:\/\/api.w.org\/{rel}","templated":true}]}}