{"id":212318,"date":"2025-06-29T02:45:10","date_gmt":"2025-06-29T02:45:10","guid":{"rendered":"https:\/\/www.europesays.com\/fr\/212318\/"},"modified":"2025-06-29T02:45:10","modified_gmt":"2025-06-29T02:45:10","slug":"video-finale-top-14-toulouse-bordeaux-begles-revivez-lessai-sous-les-poteaux-de-matthieu-jalibert","status":"publish","type":"post","link":"https:\/\/www.europesays.com\/fr\/212318\/","title":{"rendered":"Vid\u00e9o. Finale Top 14. Toulouse &#8211; Bordeaux-B\u00e8gles : revivez l&rsquo;essai sous les poteaux de Matthieu Jalibert"},"content":{"rendered":"<p>\n                L&rsquo;Union Bordeaux-B\u00e8gles est revenue parfaitement des vestiaires, en reprenant le score \u00e0 son avantage. Voil\u00e0 comment.\n            <\/p>\n<p>Ils \u00e9taient men\u00e9s aux vestiaires ? Eh bien les discours dans les vestiaires ont fait en sorte de rem\u00e9dier \u00e0 \u00e7a. Les Girondins de l&rsquo;UBB sont revenus en jeu avec le bon \u00e9tat d&rsquo;esprit, et Matthieu Jalibert a conclu un temps fort des siens sous les poteaux.<\/p>\n<p>Apr\u00e8s une touche \u00e0 5 m\u00e8tres bien lanc\u00e9e par Maxime Lamothe, Damian Penaud \u00e9tait trouv\u00e9 dans la zone autour du ballon port\u00e9 pr\u00e9c\u00e9dent. Et l&rsquo;ouverture au large en suivant \u00e9tait la bonne chose \u00e0 faire.<\/p>\n<p>C&rsquo;est ainsi que Bordeaux-B\u00e8gles r\u00e9agissait positivement aux r\u00e9cents faits de jeu (sorties sur blessures \u00e0 la mi-temps de Louis Bielle-Biarrey et Romain Ntamack). Bien qu&rsquo;on allait voir d&rsquo;autres rebondissements&#8230;<\/p>\n","protected":false},"excerpt":{"rendered":"L&rsquo;Union Bordeaux-B\u00e8gles est revenue parfaitement des vestiaires, en reprenant le score \u00e0 son avantage. Voil\u00e0 comment. Ils \u00e9taient&hellip;\n","protected":false},"author":2,"featured_media":212319,"comment_status":"","ping_status":"","sticky":false,"template":"","format":"standard","meta":{"footnotes":""},"categories":[1416],"tags":[1011,27,479,1468,60],"class_list":{"0":"post-212318","1":"post","2":"type-post","3":"status-publish","4":"format-standard","5":"has-post-thumbnail","7":"category-rugby","8":"tag-fr","9":"tag-france","10":"tag-rugby","11":"tag-rugby-football","12":"tag-sports"},"share_on_mastodon":{"url":"https:\/\/pubeurope.com\/@fr\/114764364080044093","error":""},"_links":{"self":[{"href":"https:\/\/www.europesays.com\/fr\/wp-json\/wp\/v2\/posts\/212318","targetHints":{"allow":["GET"]}}],"collection":[{"href":"https:\/\/www.europesays.com\/fr\/wp-json\/wp\/v2\/posts"}],"about":[{"href":"https:\/\/www.europesays.com\/fr\/wp-json\/wp\/v2\/types\/post"}],"author":[{"embeddable":true,"href":"https:\/\/www.europesays.com\/fr\/wp-json\/wp\/v2\/users\/2"}],"replies":[{"embeddable":true,"href":"https:\/\/www.europesays.com\/fr\/wp-json\/wp\/v2\/comments?post=212318"}],"version-history":[{"count":0,"href":"https:\/\/www.europesays.com\/fr\/wp-json\/wp\/v2\/posts\/212318\/revisions"}],"wp:featuredmedia":[{"embeddable":true,"href":"https:\/\/www.europesays.com\/fr\/wp-json\/wp\/v2\/media\/212319"}],"wp:attachment":[{"href":"https:\/\/www.europesays.com\/fr\/wp-json\/wp\/v2\/media?parent=212318"}],"wp:term":[{"taxonomy":"category","embeddable":true,"href":"https:\/\/www.europesays.com\/fr\/wp-json\/wp\/v2\/categories?post=212318"},{"taxonomy":"post_tag","embeddable":true,"href":"https:\/\/www.europesays.com\/fr\/wp-json\/wp\/v2\/tags?post=212318"}],"curies":[{"name":"wp","href":"https:\/\/api.w.org\/{rel}","templated":true}]}}