{"id":212341,"date":"2025-06-29T02:59:11","date_gmt":"2025-06-29T02:59:11","guid":{"rendered":"https:\/\/www.europesays.com\/fr\/212341\/"},"modified":"2025-06-29T02:59:11","modified_gmt":"2025-06-29T02:59:11","slug":"2000-a-3000-supporters-rassembles-pour-le-depart-de-textor","status":"publish","type":"post","link":"https:\/\/www.europesays.com\/fr\/212341\/","title":{"rendered":"2000 \u00e0 3000 supporters rassembl\u00e9s pour le d\u00e9part de Textor"},"content":{"rendered":"<p>                            <img width=\"770\" height=\"433\" src=\"https:\/\/www.europesays.com\/fr\/wp-content\/uploads\/2025\/06\/AFP__20250628__646E2JQ__v1__HighRes__FblFraLigue1Ligue2Lyon-770x433.jpg\" class=\"attachment-article size-article wp-post-image\" alt=\"Les supporters de l'OL manifestent contre John Textor\" decoding=\"async\" fetchpriority=\"high\"  \/><\/p>\n<p>Les supporters de l\u2019OL manifestent contre John Textor (Photo by JEFF PACHOUD \/ AFP)<\/p>\n<p>Ce samedi, sous la chaleur d\u00e9cinoise, les supporters de l\u2019OL ont r\u00e9pondu \u00e0 l\u2019appel des groupes de supporters. Deux \u00e0 trois mille se sont amass\u00e9s devant le Parc OL pour demander le d\u00e9part de John Textor.<\/p>\n<p>En ces temps de fortes canicules dans toute la France, c\u2019est pourtant avis de temp\u00eate \u00e0 Lyon depuis bient\u00f4t une semaine. Mardi soir, la\u00a0<a href=\"https:\/\/www.olympique-et-lyonnais.com\/dncg-coup-de-tonnerre-pour-l-ol-envoye-en-ligue-2,367314.html\" rel=\"nofollow noopener\" target=\"_blank\">d\u00e9cision<\/a>\u00a0de la DNCG de r\u00e9trograder l\u2019<strong>OL<\/strong>\u00a0en Ligue 2 a sonn\u00e9 comme un coup de massue sur la t\u00eate de tout un club. Peut-\u00eatre encore plus sur celles des supporters lyonnais. Cette rel\u00e9gation a \u00e9t\u00e9 la goutte de trop pour les fid\u00e8les du Parc OL qui ont d\u00e9cid\u00e9 d\u2019agir. Trop tard pour certains. N\u00e9anmoins, ce samedi, entre deux \u00e0 trois mille supporters ont r\u00e9pondu pr\u00e9sents sous la chaleur de D\u00e9cines. Des tr\u00e8s jeunes, des un peu moins jeunes, mais tous avec cet\u00a0\u00ab\u00a0amour du club\u00a0\u00bb\u00a0comme l\u2019ont martel\u00e9 les leaders des groupes Bad Gones et Lyon 1950.<\/p>\n<p>Si le message se voulait un brin humoristique en se tournant vers le positif,\u00a0\u00ab\u00a0on n\u2019est pas contre quelqu\u2019un, mais plut\u00f4t pour son d\u00e9part\u00a0\u00bb, le rassemblement a montr\u00e9 qu\u2019il y avait urgence chez les supporters. Forc\u00e9ment, les deux principaux groupes ont accapar\u00e9 la parole, faisant un \u00e9tat des lieux des relations avec le club, John <strong>Textor<\/strong> et surtout une critique de la multipropri\u00e9t\u00e9 et de cet\u00a0\u00ab\u00a0argent qui a travers\u00e9 l\u2019Atlantique, non pas pour rester en Am\u00e9rique du Nord, mais pour aller jusqu\u2019en Am\u00e9rique du Sud pour renforcer un club qui \u00e9tait cens\u00e9 \u00eatre le num\u00e9ro 2 dans la hi\u00e9rarchie\u00a0\u00bb.<\/p>\n<p>\u00ab\u00a0C\u2019est un Am\u00e9ricain qui ne sert \u00e0 rien, Textor, casse-toi, l\u2019OL n\u2019est pas \u00e0 toi\u00a0\u00bb<\/p>\n<p>L\u2019ambiance est rest\u00e9e bon enfant pendant l\u2019heure de rassemblement, les groupes martelant que\u00a0\u00ab\u00a0leur image \u00e9tait en jeu et qu\u2019il n\u2019\u00e9tait pas question de tout g\u00e2cher\u00a0\u00bb. Il y a bien eu des fumig\u00e8nes qui ont embras\u00e9 le ciel de D\u00e9cines pour mettre un terme chaotique \u00e0 ce rendez-vous, mais les insultes n\u2019ont pas forc\u00e9ment fus\u00e9. John <strong>Textor<\/strong>, alias le\u00a0\u00ab\u00a0cowboy\u00a0\u00bb, en a forc\u00e9ment pris pour son grade, que ce soit avec des banderole\u00a0\u00ab\u00a0Textor dehors\u00a0\u00bb,\u00a0\u00ab\u00a0Text\u2019hors de Lyon\u00a0\u00bb\u00a0ou un chant imagin\u00e9 et qui a fait son effet dans l\u2019assistance.\u00a0\u00ab\u00a0C\u2019est un Am\u00e9ricain qui ne sert \u00e0 rien, Textor, casse-toi, Textor, casse-toi, l\u2019OL n\u2019est pas \u00e0 toi\u00a0\u00bb. Avant que tout le monde ne retourne \u00e0 ses occupations, les Bad Gones ont annonc\u00e9\u00a0\u00ab\u00a0vouloir continuer \u00e0 faire pression\u00a0\u00bb\u00a0jusqu\u2019\u00e0 la d\u00e9cision finale de la commission d\u2019appel de la DNCG vers la mi-juillet. Reste \u00e0 savoir de quelle fa\u00e7on.<\/p>\n","protected":false},"excerpt":{"rendered":"Les supporters de l\u2019OL manifestent contre John Textor (Photo by JEFF PACHOUD \/ AFP) Ce samedi, sous la&hellip;\n","protected":false},"author":2,"featured_media":212342,"comment_status":"","ping_status":"","sticky":false,"template":"","format":"standard","meta":{"footnotes":""},"categories":[9],"tags":[1011,27,241,978,60],"class_list":{"0":"post-212341","1":"post","2":"type-post","3":"status-publish","4":"format-standard","5":"has-post-thumbnail","7":"category-sports","8":"tag-fr","9":"tag-france","10":"tag-ol","11":"tag-olympique-lyonnais","12":"tag-sports"},"share_on_mastodon":{"url":"https:\/\/pubeurope.com\/@fr\/114764419247948283","error":""},"_links":{"self":[{"href":"https:\/\/www.europesays.com\/fr\/wp-json\/wp\/v2\/posts\/212341","targetHints":{"allow":["GET"]}}],"collection":[{"href":"https:\/\/www.europesays.com\/fr\/wp-json\/wp\/v2\/posts"}],"about":[{"href":"https:\/\/www.europesays.com\/fr\/wp-json\/wp\/v2\/types\/post"}],"author":[{"embeddable":true,"href":"https:\/\/www.europesays.com\/fr\/wp-json\/wp\/v2\/users\/2"}],"replies":[{"embeddable":true,"href":"https:\/\/www.europesays.com\/fr\/wp-json\/wp\/v2\/comments?post=212341"}],"version-history":[{"count":0,"href":"https:\/\/www.europesays.com\/fr\/wp-json\/wp\/v2\/posts\/212341\/revisions"}],"wp:featuredmedia":[{"embeddable":true,"href":"https:\/\/www.europesays.com\/fr\/wp-json\/wp\/v2\/media\/212342"}],"wp:attachment":[{"href":"https:\/\/www.europesays.com\/fr\/wp-json\/wp\/v2\/media?parent=212341"}],"wp:term":[{"taxonomy":"category","embeddable":true,"href":"https:\/\/www.europesays.com\/fr\/wp-json\/wp\/v2\/categories?post=212341"},{"taxonomy":"post_tag","embeddable":true,"href":"https:\/\/www.europesays.com\/fr\/wp-json\/wp\/v2\/tags?post=212341"}],"curies":[{"name":"wp","href":"https:\/\/api.w.org\/{rel}","templated":true}]}}