{"id":212343,"date":"2025-06-29T03:00:14","date_gmt":"2025-06-29T03:00:14","guid":{"rendered":"https:\/\/www.europesays.com\/fr\/212343\/"},"modified":"2025-06-29T03:00:14","modified_gmt":"2025-06-29T03:00:14","slug":"le-grand-moment-de-solitude-de-magali-ripoll-dans-noubliez-pas-les-paroles","status":"publish","type":"post","link":"https:\/\/www.europesays.com\/fr\/212343\/","title":{"rendered":"le grand moment de solitude de Magali Ripoll dans \u00abN\u2019oubliez pas les paroles\u00bb"},"content":{"rendered":"<p>Chanteuse au sein de l\u2019orchestre du jeu musical de France 2 anim\u00e9 par Nagui, la native du Creusot a r\u00e9v\u00e9l\u00e9 avoir v\u00e9cu un moment particuli\u00e8rement g\u00eanant durant un tournage.<\/p>\n<p class=\"fig-paragraph\">Depuis le lancement de\u00a0<a href=\"https:\/\/tvmag.lefigaro.fr\/programme-tv\/programme\/n-oubliez-pas-les-paroles-d1240069181\" target=\"_blank\" rel=\"noopener nofollow\" data-gtm-custom-categorie=\"navigation\" data-gtm-custom-action=\"crossclick\" data-gtm-custom-label=\"Contextuel\" data-gtm-event=\"customEventSPE\"><strong>\u00ab N\u2019oubliez pas les paroles\u00a0\u00bb<\/strong><\/a> \u00a0fin 2007 sur France 2, <strong>Magali Ripoll<\/strong> fait partie des \u00ab Zikos\u00a0\u00bb de Nagui \u00e0 savoir l\u2019orchestre qui accompagne les participants. Artiste compl\u00e8te, cette musicienne, chanteuse et com\u00e9dienne apporte son talent et sa bonne humeur au jeu de karaok\u00e9 diffus\u00e9 quotidiennement depuis pr\u00e8s de 18 ans.<\/p>\n<p class=\"fig-paragraph\">Au fil des saisons, la native du Creusot en Bourgogne est devenue un visage familier des millions de t\u00e9l\u00e9spectateurs qui se passionnent pour les exploits des candidats de \u00ab N\u2019oubliez pas les paroles\u00a0\u00bb. Maman de deux enfants,\u00a0<a href=\"https:\/\/tvmag.lefigaro.fr\/programme-tv\/qui-est-magali-ripoll-la-musicienne-dans-n-oubliez-pas-les-paroles_f9d9d866-4d86-11ea-a780-12f9fe64c4eb?tblci=GiDGCpADP60zMCA5FKyc6RC8hUD9SLup3WJLaF8drJ34ayDwzEYondK95f_PuoQ9\" target=\"_blank\" data-fig-type=\"Article\" rel=\"noopener nofollow\" data-gtm-custom-categorie=\"navigation\" data-gtm-custom-action=\"crossclick\" data-gtm-custom-label=\"Contextuel\" data-gtm-event=\"customEventSPE\" data-fig-domain=\"TVMAG\"><strong>Magali Ripoll<\/strong><\/a> \u00a0va poursuivre sa collaboration avec Nagui cet \u00e9t\u00e9 en prenant part au dispositif de\u00a0<a href=\"https:\/\/tvmag.lefigaro.fr\/programme-tv\/actu-tele\/vachette-jeux-generique-tout-ce-qu-il-faut-savoir-sur-le-retour-d-intervilles-20250605?tblci=GiDGCpADP60zMCA5FKyc6RC8hUD9SLup3WJLaF8drJ34ayDwzEYondK95f_PuoQ9\" target=\"_blank\" data-fig-type=\"Article\" rel=\"noopener nofollow\" data-gtm-custom-categorie=\"navigation\" data-gtm-custom-action=\"crossclick\" data-gtm-custom-label=\"Contextuel\" data-gtm-event=\"customEventSPE\" data-fig-domain=\"TVMAG\">la nouvelle formule d\u2019 \u00ab Intervilles\u00a0\u00bb<\/a>\u00a0aux c\u00f4t\u00e9s de Camille Cerf, Val\u00e9rie B\u00e8gue, Bruno Guillon et Yoann Riou.<\/p>\n<p class=\"fig-body-link\">\n            \u00c0 lire aussi<br \/>\n        <a class=\"fig-body-link__link\" href=\"http:\/\/tvmag.lefigaro.fr\/programme-tv\/actu-tele\/qui-est-benoit-le-plus-grand-champion-de-l-histoire-du-jeu-n-oubliez-pas-les-paroles-sur-france-2-20250211\" target=\"_blank\" data-fig-type=\"Article\" rel=\"noopener nofollow\" data-gtm-custom-categorie=\"navigation\" data-gtm-custom-action=\"crossclick\" data-gtm-custom-label=\"Contextuel\" data-gtm-event=\"customEventSPE\" data-fig-domain=\"TVMAG\">Qui est Beno\u00eet, le plus grand champion de l\u2019histoire du jeu \u00abN\u2019oubliez pas les paroles\u00bb sur France 2\u00a0?<br \/>\n    <\/a>\n<\/p>\n<blockquote class=\"fig-quote&#10;    \">\n<p class=\"fig-quote__text\">\u00ab Nagui fait le maximum pour caler les dates d\u2019enregistrement de l\u2019\u00e9mission en fonction de mes disponibilit\u00e9s\u00a0\u00bb<\/p>\n<p>            Magali Ripoll\n    <\/p><\/blockquote>\n<p class=\"fig-paragraph\">\u00ab Tant que je pr\u00e9serve un \u00e9quilibre et du temps pour mes concerts, tout va bien\u00a0\u00bb, a confi\u00e9 Magali Ripoll au magazine Voici au sujet de sa longue collaboration avec\u00a0<a href=\"http:\/\/tvmag.lefigaro.fr\/programme-tv\/actu-tele\/bonne-nouvelle-nagui-annonce-un-changement-majeur-dans-n-oubliez-pas-les-paroles-20241120\" target=\"_blank\" data-fig-type=\"Article\" rel=\"noopener nofollow\" data-gtm-custom-categorie=\"navigation\" data-gtm-custom-action=\"crossclick\" data-gtm-custom-label=\"Contextuel\" data-gtm-event=\"customEventSPE\" data-fig-domain=\"TVMAG\">\u00ab N\u2019oubliez pas les paroles\u00a0\u00bb<\/a>. \u00ab Nagui l\u2019a compris et fait le maximum pour caler les dates d\u2019enregistrement de l\u2019\u00e9mission en fonction de mes disponibilit\u00e9s. Mais pour en arriver l\u00e0, il a fallu que je fasse mes preuves.\u00a0\u00bb<\/p>\n<p class=\"fig-paragraph\">S\u2019il lui est d\u00e9j\u00e0 arriv\u00e9 d\u2019oublier les paroles d\u2019une chanson dans une \u00e9mission qui exige de les conna\u00eetre par c\u0153ur, Magali Ripoll r\u00e9v\u00e8le avoir v\u00e9cu un moment de solitude bien pire que cela. \u00ab Un jour, je devais chanter Ta marini\u00e8re, la chanson d\u2019<a href=\"http:\/\/tvmag.lefigaro.fr\/programme-tv\/people\/cela-fait-deux-fois-qu-elle-annule-hoshi-plante-les-grosses-tetes-sur-rtl-20250130\" target=\"_blank\" data-fig-type=\"Article\" rel=\"noopener nofollow\" data-gtm-custom-categorie=\"navigation\" data-gtm-custom-action=\"crossclick\" data-gtm-custom-label=\"Contextuel\" data-gtm-event=\"customEventSPE\" data-fig-domain=\"TVMAG\">Hoshi<\/a> , tout en enlevant la mienne. Sauf que j\u2019avais attrap\u00e9 le t-shirt que j\u2019avais en dessous et je m\u2019\u00e9tais retrouv\u00e9e en soutien-gorge. Un truc moche couleur chair pour qu\u2019on ne le voie pas \u00e0 travers&#8230; La honte.\u00a0\u00bb<\/p>\n<p class=\"fig-paragraph\">Les num\u00e9ros du jeu de France 2 \u00e9tant enregistr\u00e9s en avance, Nagui a accept\u00e9 que cet incident vestimentaire soit coup\u00e9 au montage.<\/p>\n","protected":false},"excerpt":{"rendered":"Chanteuse au sein de l\u2019orchestre du jeu musical de France 2 anim\u00e9 par Nagui, la native du Creusot&hellip;\n","protected":false},"author":2,"featured_media":212344,"comment_status":"","ping_status":"","sticky":false,"template":"","format":"standard","meta":{"footnotes":""},"categories":[8],"tags":[497,496,499,58,59,1011,27,594,500,10477,504,505,495,503,502,501,498],"class_list":{"0":"post-212343","1":"post","2":"type-post","3":"status-publish","4":"format-standard","5":"has-post-thumbnail","7":"category-divertissement","8":"tag-actu-tv","9":"tag-actualite-tv","10":"tag-buzz-tv","11":"tag-divertissement","12":"tag-entertainment","13":"tag-fr","14":"tag-france","15":"tag-france-2","16":"tag-medias","17":"tag-nagui","18":"tag-news-tele","19":"tag-news-television","20":"tag-news-tv","21":"tag-programme-tele","22":"tag-programme-tv","23":"tag-quiz-tv","24":"tag-tv-actu"},"share_on_mastodon":{"url":"https:\/\/pubeurope.com\/@fr\/114764423105814385","error":""},"_links":{"self":[{"href":"https:\/\/www.europesays.com\/fr\/wp-json\/wp\/v2\/posts\/212343","targetHints":{"allow":["GET"]}}],"collection":[{"href":"https:\/\/www.europesays.com\/fr\/wp-json\/wp\/v2\/posts"}],"about":[{"href":"https:\/\/www.europesays.com\/fr\/wp-json\/wp\/v2\/types\/post"}],"author":[{"embeddable":true,"href":"https:\/\/www.europesays.com\/fr\/wp-json\/wp\/v2\/users\/2"}],"replies":[{"embeddable":true,"href":"https:\/\/www.europesays.com\/fr\/wp-json\/wp\/v2\/comments?post=212343"}],"version-history":[{"count":0,"href":"https:\/\/www.europesays.com\/fr\/wp-json\/wp\/v2\/posts\/212343\/revisions"}],"wp:featuredmedia":[{"embeddable":true,"href":"https:\/\/www.europesays.com\/fr\/wp-json\/wp\/v2\/media\/212344"}],"wp:attachment":[{"href":"https:\/\/www.europesays.com\/fr\/wp-json\/wp\/v2\/media?parent=212343"}],"wp:term":[{"taxonomy":"category","embeddable":true,"href":"https:\/\/www.europesays.com\/fr\/wp-json\/wp\/v2\/categories?post=212343"},{"taxonomy":"post_tag","embeddable":true,"href":"https:\/\/www.europesays.com\/fr\/wp-json\/wp\/v2\/tags?post=212343"}],"curies":[{"name":"wp","href":"https:\/\/api.w.org\/{rel}","templated":true}]}}