{"id":212349,"date":"2025-06-29T03:03:09","date_gmt":"2025-06-29T03:03:09","guid":{"rendered":"https:\/\/www.europesays.com\/fr\/212349\/"},"modified":"2025-06-29T03:03:09","modified_gmt":"2025-06-29T03:03:09","slug":"le-bilan-dune-explosion-dans-un-lycee-pendant-le-baccalaureat-revu-a-20-morts","status":"publish","type":"post","link":"https:\/\/www.europesays.com\/fr\/212349\/","title":{"rendered":"Le bilan d\u2019une explosion dans un lyc\u00e9e pendant le baccalaur\u00e9at revu \u00e0 20 morts"},"content":{"rendered":"<p>La <a href=\"https:\/\/www.20minutes.fr\/monde\/centrafrique\/\" target=\"_blank\" class=\"color-ultramarine c-link\" rel=\"nofollow noopener\">Centrafrique<\/a> est sous le choc d\u2019un terrible drame. Le bilan humain d\u2019un mouvement de foule mercredi dans un lyc\u00e9e de Bangui o\u00f9 se d\u00e9roulaient les \u00e9preuves du <a href=\"https:\/\/www.20minutes.fr\/dossier\/bac\" target=\"_blank\" class=\"color-ultramarine c-link\" rel=\"nofollow noopener\">baccalaur\u00e9at<\/a> a \u00e9t\u00e9 revu \u00e0 la baisse samedi \u00e0 20 morts, contre 29 annonc\u00e9s pr\u00e9c\u00e9demment.<\/p>\n<p>La <a href=\"https:\/\/www.20minutes.fr\/societe\/bousculade\/\" target=\"_blank\" class=\"color-ultramarine c-link\" rel=\"nofollow noopener\">bousculade<\/a>, durant laquelle surveillants et \u00e9l\u00e8ves ont tent\u00e9 de fuir, certains en sautant depuis le premier \u00e9tage de l\u2019\u00e9tablissement Barth\u00e9l\u00e9my Boganda, a \u00e9t\u00e9 provoqu\u00e9e par l\u2019explosion d\u2019un transformateur \u00e9lectrique.<\/p>\n<p>Quatre bless\u00e9s graves<\/p>\n<p>Le porte-parole du gouvernement et ministre de la Communication Maxime Balalou a annonc\u00e9 samedi \u00ab\u00a020 d\u00e9c\u00e8s enregistr\u00e9s parmi nos jeunes dans les diff\u00e9rentes morgues, 69 cas d\u2019hospitalisation le premier jour, 65 cas sous surveillance le jeudi 26\u00a0juin 2025, dont 4 cas graves\u00a0\u00bb. Il a \u00e9galement d\u00e9plor\u00e9 la mort du pr\u00e9sident d\u2019un des deux centres d\u2019examen du lyc\u00e9e Boganda, \u00ab\u00a0des suites d\u2019un malaise li\u00e9 \u00e0 cet \u00e9v\u00e9nement\u00a0\u00bb.<\/p>\n<\/p>\n<p>Parall\u00e8lement, sept membres de la soci\u00e9t\u00e9 civile ont \u00e9t\u00e9 lib\u00e9r\u00e9s samedi apr\u00e8s avoir \u00e9t\u00e9 interpell\u00e9s la veille \u00e0 l\u2019issue d\u2019un rassemblement non autoris\u00e9 \u00e0 <a href=\"https:\/\/www.20minutes.fr\/dossier\/bangui\" target=\"_blank\" class=\"color-ultramarine c-link\" rel=\"nofollow noopener\">Bangui<\/a> en m\u00e9moire des lyc\u00e9ens tu\u00e9s. \u00ab\u00a0J\u2019ai \u00e9t\u00e9 entendu pendant deux heures ce matin\u00a0\u00bb, a affirm\u00e9 Gervais Lakosso, le coordonnateur du Groupe de Travail de la Soci\u00e9t\u00e9 Civile (GTSC) arr\u00eat\u00e9 vendredi soir apr\u00e8s le rassemblement non autoris\u00e9. Les responsables du GTSC ont \u00e9t\u00e9 interpell\u00e9s vendredi pour \u00ab\u00a0organisation d\u2019une manifestation interdite et trouble \u00e0 l\u2019ordre public\u00a0\u00bb, a-t-il pr\u00e9cis\u00e9. Selon le porte-parole du gouvernement, le chef de l\u2019Etat Faustin-Archange Touad\u00e9ra a demand\u00e9 samedi la remise en libert\u00e9 des personnes interpell\u00e9es.<\/p>\n<p>Trois jours de deuil national<\/p>\n<p>L\u2019hommage, qui a rassembl\u00e9 une centaine de participants venus d\u00e9poser une bougie vendredi soir, avait \u00e9t\u00e9 interdit en raison notamment d\u2019un risque de d\u00e9bordement. Un deuil national de trois jours a par contre \u00e9t\u00e9 d\u00e9cr\u00e9t\u00e9 et une enqu\u00eate ouverte sur les circonstances du drame.<\/p>\n<p><a href=\"https:\/\/www.20minutes.fr\/monde\/centrafrique\/\" target=\"_blank\" class=\"c-link c-btn c-btn--primary\" rel=\"nofollow noopener\">Notre dossier sur la Centrafrique<\/a><\/p>\n<p>Des responsables de la soci\u00e9t\u00e9 nationale d\u2019\u00e9lectricit\u00e9, Enerca, ont \u00e9t\u00e9 suspendus de leurs fonctions et entendus dans cette affaire.<\/p>\n","protected":false},"excerpt":{"rendered":"La Centrafrique est sous le choc d\u2019un terrible drame. Le bilan humain d\u2019un mouvement de foule mercredi dans&hellip;\n","protected":false},"author":2,"featured_media":212350,"comment_status":"","ping_status":"","sticky":false,"template":"","format":"standard","meta":{"footnotes":""},"categories":[5],"tags":[47,11,31761,34375,35203,28403,2688,1011,27,14,2633,74,12,133,28],"class_list":{"0":"post-212349","1":"post","2":"type-post","3":"status-publish","4":"format-standard","5":"has-post-thumbnail","7":"category-international","8":"tag-actualite","9":"tag-actualites","10":"tag-bac-baccalaureat","11":"tag-bangui","12":"tag-bousculade","13":"tag-centrafrique","14":"tag-explosion","15":"tag-fr","16":"tag-france","17":"tag-international","18":"tag-lycee","19":"tag-monde","20":"tag-news","21":"tag-video","22":"tag-world"},"share_on_mastodon":{"url":"https:\/\/pubeurope.com\/@fr\/114764434886185532","error":""},"_links":{"self":[{"href":"https:\/\/www.europesays.com\/fr\/wp-json\/wp\/v2\/posts\/212349","targetHints":{"allow":["GET"]}}],"collection":[{"href":"https:\/\/www.europesays.com\/fr\/wp-json\/wp\/v2\/posts"}],"about":[{"href":"https:\/\/www.europesays.com\/fr\/wp-json\/wp\/v2\/types\/post"}],"author":[{"embeddable":true,"href":"https:\/\/www.europesays.com\/fr\/wp-json\/wp\/v2\/users\/2"}],"replies":[{"embeddable":true,"href":"https:\/\/www.europesays.com\/fr\/wp-json\/wp\/v2\/comments?post=212349"}],"version-history":[{"count":0,"href":"https:\/\/www.europesays.com\/fr\/wp-json\/wp\/v2\/posts\/212349\/revisions"}],"wp:featuredmedia":[{"embeddable":true,"href":"https:\/\/www.europesays.com\/fr\/wp-json\/wp\/v2\/media\/212350"}],"wp:attachment":[{"href":"https:\/\/www.europesays.com\/fr\/wp-json\/wp\/v2\/media?parent=212349"}],"wp:term":[{"taxonomy":"category","embeddable":true,"href":"https:\/\/www.europesays.com\/fr\/wp-json\/wp\/v2\/categories?post=212349"},{"taxonomy":"post_tag","embeddable":true,"href":"https:\/\/www.europesays.com\/fr\/wp-json\/wp\/v2\/tags?post=212349"}],"curies":[{"name":"wp","href":"https:\/\/api.w.org\/{rel}","templated":true}]}}