{"id":212357,"date":"2025-06-29T03:07:09","date_gmt":"2025-06-29T03:07:09","guid":{"rendered":"https:\/\/www.europesays.com\/fr\/212357\/"},"modified":"2025-06-29T03:07:09","modified_gmt":"2025-06-29T03:07:09","slug":"saint-regis-du-coin-affrontement-sur-le-rallye-du-forez","status":"publish","type":"post","link":"https:\/\/www.europesays.com\/fr\/212357\/","title":{"rendered":"SAINT-R\u00c9GIS-DU-COIN : AFFRONTEMENT SUR LE RALLYE DU FOREZ"},"content":{"rendered":"<p>Cette manifestation sportive, qui a n\u00e9cessit\u00e9 la fermeture de plusieurs tron\u00e7ons routiers, a cristallis\u00e9 les tensions au sein de cette petite commune de 260 \u00e2mes. L\u2019\u00e9v\u00e9nement a contraint les habitants \u00e0 anticiper leurs d\u00e9placements sous peine de voir leurs v\u00e9hicules bloqu\u00e9s pendant toute la dur\u00e9e des \u00e9preuves, premi\u00e8re source de m\u00e9contentement pour une partie de la population.<\/p>\n<p>Mobilisation citoyenne contre les nuisances<\/p>\n<p>Face \u00e0 cette situation, vingt-cinq foyers se sont organis\u00e9s en collectif pour exprimer leur opposition \u00e0 cette manifestation. Ces habitants contestataires d\u00e9noncent un impact environnemental majeur qu\u2019ils estiment incompatible avec les valeurs de leur territoire.<\/p>\n<p>Leurs calculs \u00e9voquent une consommation de 10 000 \u00e0 15 000 litres de carburant, sans compter les perturbations inflig\u00e9es \u00e0 la faune locale et les nuisances sonores subies par les r\u00e9sidents.<\/p>\n<p>L\u2019argument principal des opposants porte sur l\u2019incoh\u00e9rence entre cette manifestation et le positionnement territorial de la commune. Saint-R\u00e9gis-du-Coin, int\u00e9gr\u00e9e au Parc r\u00e9gional du Pilat et labellis\u00e9e \u00ab\u00a0sport nature\u00a0\u00bb, accueille paradoxalement une comp\u00e9tition automobile g\u00e9n\u00e9ratrice de pollutions diverses.<\/p>\n<p>Cette contradiction apparente alimente le sentiment d\u2019incompr\u00e9hension des habitants mobilis\u00e9s contre l\u2019\u00e9v\u00e9nement.<\/p>\n<p>Pour mat\u00e9rialiser leur d\u00e9saccord, les contestataires ont marqu\u00e9 le parcours de slogans trac\u00e9s \u00e0 la chaux. L\u2019inscription \u00ab\u00a0course contre le bon-sens\u00a0\u00bb r\u00e9sume parfaitement leur position face \u00e0 cette manifestation qu\u2019ils jugent anachronique.<\/p>\n<p>Cette forme d\u2019expression directe sur la voie publique a provoqu\u00e9 l\u2019ire municipale, qui y voit un d\u00e9passement des r\u00e8gles d\u00e9mocratiques habituelles.<\/p>\n<p>Dialogue municipal en amont du conflit<\/p>\n<p>La municipalit\u00e9 affirme avoir re\u00e7u une d\u00e9l\u00e9gation de quatre repr\u00e9sentants du collectif la veille du rallye. Cette rencontre a permis aux opposants d\u2019exposer leurs griefs, notamment leur sentiment que les inconv\u00e9nients de la manifestation auraient \u00e9t\u00e9 occult\u00e9s lors de la pr\u00e9sentation au conseil municipal.<\/p>\n<p>Les \u00e9lus r\u00e9futent cette accusation, revendiquant un d\u00e9bat complet et argument\u00e9 avant le vote majoritaire validant le passage de la course.<\/p>\n<p>Le maire et son adjoint justifient cette autorisation par leur volont\u00e9 de cr\u00e9er un \u00ab\u00a0r\u00e9el dynamisme\u00a0\u00bb communal. Cette vision s\u2019inscrit dans une strat\u00e9gie plus large de promotion territoriale, m\u00eame si elle divise manifestement la population locale.<\/p>\n<p>Cette approche illustre le dilemme permanent des petites communes entre pr\u00e9servation environnementale et attractivit\u00e9 \u00e9v\u00e9nementielle.<\/p>\n<p>Escalade judiciaire annonc\u00e9e<\/p>\n<p>L\u2019affaire prend une tournure contentieuse avec l\u2019annonce municipale d\u2019un d\u00e9p\u00f4t de plainte contre les auteurs des inscriptions \u00e0 la chaux. La mairie qualifie ces marquages de \u00ab\u00a0non-respect du domaine public\u00a0\u00bb, durcissant le conflit au-del\u00e0 du simple d\u00e9saccord politique.<\/p>\n<p>Cette judiciarisation r\u00e9v\u00e8le l\u2019ampleur des tensions g\u00e9n\u00e9r\u00e9es par cette manifestation au sein de la communaut\u00e9 villageoise.<\/p>\n","protected":false},"excerpt":{"rendered":"Cette manifestation sportive, qui a n\u00e9cessit\u00e9 la fermeture de plusieurs tron\u00e7ons routiers, a cristallis\u00e9 les tensions au sein&hellip;\n","protected":false},"author":2,"featured_media":212358,"comment_status":"","ping_status":"","sticky":false,"template":"","format":"standard","meta":{"footnotes":""},"categories":[9653],"tags":[1111,11,2430,1777,674,1011,27,3367,12,35204,35205,25,9838,4001,31617],"class_list":{"0":"post-212357","1":"post","2":"type-post","3":"status-publish","4":"format-standard","5":"has-post-thumbnail","7":"category-saint-etienne","8":"tag-actu","9":"tag-actualites","10":"tag-auvergne-rhone-alpes","11":"tag-eu","12":"tag-europe","13":"tag-fr","14":"tag-france","15":"tag-loire","16":"tag-news","17":"tag-pilat","18":"tag-rallye-du-forez","19":"tag-republique-francaise","20":"tag-roanne","21":"tag-saint-etienne","22":"tag-saint-regis-du-coin"},"share_on_mastodon":{"url":"https:\/\/pubeurope.com\/@fr\/114764450589164507","error":""},"_links":{"self":[{"href":"https:\/\/www.europesays.com\/fr\/wp-json\/wp\/v2\/posts\/212357","targetHints":{"allow":["GET"]}}],"collection":[{"href":"https:\/\/www.europesays.com\/fr\/wp-json\/wp\/v2\/posts"}],"about":[{"href":"https:\/\/www.europesays.com\/fr\/wp-json\/wp\/v2\/types\/post"}],"author":[{"embeddable":true,"href":"https:\/\/www.europesays.com\/fr\/wp-json\/wp\/v2\/users\/2"}],"replies":[{"embeddable":true,"href":"https:\/\/www.europesays.com\/fr\/wp-json\/wp\/v2\/comments?post=212357"}],"version-history":[{"count":0,"href":"https:\/\/www.europesays.com\/fr\/wp-json\/wp\/v2\/posts\/212357\/revisions"}],"wp:featuredmedia":[{"embeddable":true,"href":"https:\/\/www.europesays.com\/fr\/wp-json\/wp\/v2\/media\/212358"}],"wp:attachment":[{"href":"https:\/\/www.europesays.com\/fr\/wp-json\/wp\/v2\/media?parent=212357"}],"wp:term":[{"taxonomy":"category","embeddable":true,"href":"https:\/\/www.europesays.com\/fr\/wp-json\/wp\/v2\/categories?post=212357"},{"taxonomy":"post_tag","embeddable":true,"href":"https:\/\/www.europesays.com\/fr\/wp-json\/wp\/v2\/tags?post=212357"}],"curies":[{"name":"wp","href":"https:\/\/api.w.org\/{rel}","templated":true}]}}