{"id":212370,"date":"2025-06-29T03:21:08","date_gmt":"2025-06-29T03:21:08","guid":{"rendered":"https:\/\/www.europesays.com\/fr\/212370\/"},"modified":"2025-06-29T03:21:08","modified_gmt":"2025-06-29T03:21:08","slug":"au-mondial-de-limpro-tout-est-permis","status":"publish","type":"post","link":"https:\/\/www.europesays.com\/fr\/212370\/","title":{"rendered":"Au mondial de l\u2019impro, tout est permis"},"content":{"rendered":"<p class=\"insetTitle\">Une premi\u00e8re soir\u00e9e m\u00ealant humour, sexe et po\u00e9sie<\/p>\n<p>On peut rire de tout. Du sexe un peu cash sans \u00eatre vulgaire, mais aussi de la mort, enfin de tout ce qui l\u2019entoure et des souvenirs qui remontent \u00e0 la surface en ces moments difficiles et qui se transforment en hommage.<\/p>\n<p><a href=\"https:\/\/www.estrepublicain.fr\/culture-loisirs\/2025\/04\/23\/le-festival-de-l-humour-avec-alex-lutz-berangere-krief-et-caroline-vigneaux\" target=\"_blank\" rel=\"noopener\">Pour la premi\u00e8re soir\u00e9e de la premi\u00e8re \u00e9dition du Festival de l\u2019humour,<\/a> c\u2019est dans ces deux univers que B\u00e9rang\u00e8re Krief et Alex Lutz ont emmen\u00e9 le public. \u00ab\u00a0Un petit millier de spectateurs\u00a0\u00bb, selon Eric Aubry, directeur artistique de ce festival.<\/p>\n<p>Face \u00e0 B\u00e9rang\u00e8re Krief, seule sur cette grande sc\u00e8ne install\u00e9e dans le parc de l\u2019h\u00f4tel de ville, Jean-Pierre, son Jean-Pierre d\u2019un soir, qui, install\u00e9 au beau milieu du public en a certainement appris pas mal sur le sexe au f\u00e9minin entre ce lundi soir o\u00f9 elle se fait l\u00e9cher les pieds par un fauve, un mauvais coup, l\u2019exp\u00e9rience lesbienne, sa premi\u00e8re fois\u2026<\/p>\n<p>Sans trop choquer, B\u00e9rang\u00e8re Krief a su faire rire le public aux oreilles pas trop pudiques.<\/p>\n<p>Alex Lutz a lui aussi su s\u00e9duire son auditoire en abordant avec \u00e9motion, po\u00e9sie, amour et bien s\u00fbr humour la mort de son p\u00e8re G\u00e9rard.<\/p>\n<p>S\u2019il est seul sur sc\u00e8ne, le blond qui n\u2019aime pas son corps qui ressemble au pull en mohair d\u2019Isabelle est toutefois bien entour\u00e9. Tour \u00e0 tour par le pr\u00eatre qui c\u00e9l\u00e8bre les obs\u00e8ques de son p\u00e8re, par Jean-Luc, le copain alcoolo et soixante-huitard du d\u00e9funt paternel.<\/p>\n<p>Sans oublier Marie-France, l\u2019amie de la famille, dont le personnage n\u2019\u00e9tait pas sans rappeler celui de la secr\u00e9taire Catherine, incarn\u00e9 pendant plusieurs ann\u00e9es par celui qui, <a href=\"https:\/\/www.estrepublicain.fr\/culture-loisirs\/2020\/06\/25\/alex-lutz-decroche-le-moliere-de-l-humour-pour-la-deuxieme-fois\" target=\"_blank\" rel=\"noopener\">\u00e0 deux reprises (2016 et 2020), a \u00e9t\u00e9 laur\u00e9at du Moli\u00e8re de l\u2019humour.<\/a><\/p>\n<p>Et que dire de ces vieux que nous serons tous un jour et qui se retrouveront en Ehpad \u00e0 reprendre des tubes beaucoup plus rock qu\u2019\u00c9toile des neiges.<\/p>\n<p>\u00c0 l\u2019humour \u00e0 travers tous ces personnages, s\u2019est disput\u00e9 l\u2019amour incarn\u00e9 par la po\u00e9sie de Nilo, ce cheval blanc qu\u2019Alex Lutz montre \u00e0 plusieurs reprises dans son spectacle. Laissant le spectateur suspendu \u00e0 ce moment de gr\u00e2ce.<\/p>\n<p>Pour au final, \u00e0 travers cet hommage \u00e0 son p\u00e8re, d\u00e9livrer un dernier message au public\u00a0: \u00ab\u00a0T\u00e9l\u00e9phonez-vous. Le temps passe vite\u00a0\u00bb.<\/p>\n<p class=\"insetSignature\">K.D.<\/p>\n","protected":false},"excerpt":{"rendered":"Une premi\u00e8re soir\u00e9e m\u00ealant humour, sexe et po\u00e9sie On peut rire de tout. Du sexe un peu cash&hellip;\n","protected":false},"author":2,"featured_media":212371,"comment_status":"","ping_status":"","sticky":false,"template":"","format":"standard","meta":{"footnotes":""},"categories":[2820],"tags":[1111,11,3600,3601,1687,3602,1777,674,1011,27,775,12,25,3140,640],"class_list":{"0":"post-212370","1":"post","2":"type-post","3":"status-publish","4":"format-standard","5":"has-post-thumbnail","7":"category-strasbourg","8":"tag-actu","9":"tag-actualites","10":"tag-bar-le-duc","11":"tag-bar-le-duc-ville-55a","12":"tag-culture-loisirs","13":"tag-edition-bar-le-duc","14":"tag-eu","15":"tag-europe","16":"tag-fr","17":"tag-france","18":"tag-grand-est","19":"tag-news","20":"tag-republique-francaise","21":"tag-spectacle","22":"tag-strasbourg"},"share_on_mastodon":{"url":"https:\/\/pubeurope.com\/@fr\/114764505815220745","error":""},"_links":{"self":[{"href":"https:\/\/www.europesays.com\/fr\/wp-json\/wp\/v2\/posts\/212370","targetHints":{"allow":["GET"]}}],"collection":[{"href":"https:\/\/www.europesays.com\/fr\/wp-json\/wp\/v2\/posts"}],"about":[{"href":"https:\/\/www.europesays.com\/fr\/wp-json\/wp\/v2\/types\/post"}],"author":[{"embeddable":true,"href":"https:\/\/www.europesays.com\/fr\/wp-json\/wp\/v2\/users\/2"}],"replies":[{"embeddable":true,"href":"https:\/\/www.europesays.com\/fr\/wp-json\/wp\/v2\/comments?post=212370"}],"version-history":[{"count":0,"href":"https:\/\/www.europesays.com\/fr\/wp-json\/wp\/v2\/posts\/212370\/revisions"}],"wp:featuredmedia":[{"embeddable":true,"href":"https:\/\/www.europesays.com\/fr\/wp-json\/wp\/v2\/media\/212371"}],"wp:attachment":[{"href":"https:\/\/www.europesays.com\/fr\/wp-json\/wp\/v2\/media?parent=212370"}],"wp:term":[{"taxonomy":"category","embeddable":true,"href":"https:\/\/www.europesays.com\/fr\/wp-json\/wp\/v2\/categories?post=212370"},{"taxonomy":"post_tag","embeddable":true,"href":"https:\/\/www.europesays.com\/fr\/wp-json\/wp\/v2\/tags?post=212370"}],"curies":[{"name":"wp","href":"https:\/\/api.w.org\/{rel}","templated":true}]}}