{"id":212378,"date":"2025-06-29T03:25:14","date_gmt":"2025-06-29T03:25:14","guid":{"rendered":"https:\/\/www.europesays.com\/fr\/212378\/"},"modified":"2025-06-29T03:25:14","modified_gmt":"2025-06-29T03:25:14","slug":"laurence-garnier-elue-vice-presidente-lr","status":"publish","type":"post","link":"https:\/\/www.europesays.com\/fr\/212378\/","title":{"rendered":"Laurence Garnier, \u00e9lue vice-pr\u00e9sidente LR"},"content":{"rendered":"<p>Depuis une douzaine d\u2019ann\u00e9es, Laurence Garnier, l\u2019\u00e9lue nantaise, a su se faire entendre dans les instances nationales du Parti R\u00e9publicain. Cette fois-ci, elle prend du grade puisqu\u2019elle a \u00e9t\u00e9 \u00e9lue, ce samedi 28\u00a0juin, vice-pr\u00e9sidente Les r\u00e9publicains, au c\u00f4t\u00e9 de Bruno Retailleau, par les membres du conseil national du parti. Elle l\u2019annonce elle-m\u00eame sur Twitter\u00a0: \u00ab<strong>\u00a0Les attentes des Fran\u00e7ais sont immenses. Je m\u2019engage pleinement pour y r\u00e9pondre. Au travail\u00a0\u00bb, <\/strong>\u00e9crit-elle.<\/p>\n<p>La s\u00e9natrice de Loire-Atlantique qui a \u00e9t\u00e9 pendant quelques mois secr\u00e9taire d\u2019\u00c9tat charg\u00e9e de la Consommation dans le gouvernement Michel Barnier, aura un r\u00f4le strat\u00e9gique \u00e0 jouer pour les \u00e9lections \u00e0 venir. Notamment pour les municipales, pour lesquelles, \u00e0 Nantes, apr\u00e8s deux \u00e9checs, elle ne se repr\u00e9sente pas, pr\u00e9f\u00e9rant passer le relais \u00e0 Julien Bainvel.<\/p>\n<p>\u00a0<\/p>\n","protected":false},"excerpt":{"rendered":"Depuis une douzaine d\u2019ann\u00e9es, Laurence Garnier, l\u2019\u00e9lue nantaise, a su se faire entendre dans les instances nationales du&hellip;\n","protected":false},"author":2,"featured_media":212379,"comment_status":"","ping_status":"","sticky":false,"template":"","format":"standard","meta":{"footnotes":""},"categories":[2818],"tags":[1111,11,20906,1777,674,1011,27,34022,35207,3228,766,12,2636,25,35208],"class_list":{"0":"post-212378","1":"post","2":"type-post","3":"status-publish","4":"format-standard","5":"has-post-thumbnail","7":"category-nantes","8":"tag-actu","9":"tag-actualites","10":"tag-elue","11":"tag-eu","12":"tag-europe","13":"tag-fr","14":"tag-france","15":"tag-garnier","16":"tag-laurence","17":"tag-lr","18":"tag-nantes","19":"tag-news","20":"tag-pays-de-la-loire","21":"tag-republique-francaise","22":"tag-vice-presidente"},"share_on_mastodon":{"url":"https:\/\/pubeurope.com\/@fr\/114764521403544265","error":""},"_links":{"self":[{"href":"https:\/\/www.europesays.com\/fr\/wp-json\/wp\/v2\/posts\/212378","targetHints":{"allow":["GET"]}}],"collection":[{"href":"https:\/\/www.europesays.com\/fr\/wp-json\/wp\/v2\/posts"}],"about":[{"href":"https:\/\/www.europesays.com\/fr\/wp-json\/wp\/v2\/types\/post"}],"author":[{"embeddable":true,"href":"https:\/\/www.europesays.com\/fr\/wp-json\/wp\/v2\/users\/2"}],"replies":[{"embeddable":true,"href":"https:\/\/www.europesays.com\/fr\/wp-json\/wp\/v2\/comments?post=212378"}],"version-history":[{"count":0,"href":"https:\/\/www.europesays.com\/fr\/wp-json\/wp\/v2\/posts\/212378\/revisions"}],"wp:featuredmedia":[{"embeddable":true,"href":"https:\/\/www.europesays.com\/fr\/wp-json\/wp\/v2\/media\/212379"}],"wp:attachment":[{"href":"https:\/\/www.europesays.com\/fr\/wp-json\/wp\/v2\/media?parent=212378"}],"wp:term":[{"taxonomy":"category","embeddable":true,"href":"https:\/\/www.europesays.com\/fr\/wp-json\/wp\/v2\/categories?post=212378"},{"taxonomy":"post_tag","embeddable":true,"href":"https:\/\/www.europesays.com\/fr\/wp-json\/wp\/v2\/tags?post=212378"}],"curies":[{"name":"wp","href":"https:\/\/api.w.org\/{rel}","templated":true}]}}