{"id":212384,"date":"2025-06-29T03:28:09","date_gmt":"2025-06-29T03:28:09","guid":{"rendered":"https:\/\/www.europesays.com\/fr\/212384\/"},"modified":"2025-06-29T03:28:09","modified_gmt":"2025-06-29T03:28:09","slug":"pourquoi-ce-toulouse-bordeaux-est-lune-des-plus-grandes-finales-de-lhistoire","status":"publish","type":"post","link":"https:\/\/www.europesays.com\/fr\/212384\/","title":{"rendered":"Pourquoi ce Toulouse-Bordeaux est l&rsquo;une des plus grandes finales de l&rsquo;histoire"},"content":{"rendered":"<p>            Par<br \/>\n        <strong><br \/>\n            <a href=\"https:\/\/actu.fr\/auteur\/clement-mazella\" title=\"Consulter tous les articles de Cl\u00e9ment Mazella\" target=\"_blank\" rel=\"noopener\">Cl\u00e9ment Mazella<\/a><br \/>\n        <\/strong><\/p>\n<p>        Publi\u00e9 le<\/p>\n<p>            29 juin 2025 \u00e0 4h39        <\/p>\n<p>\u00ab\u00a0Ce match \u00e9tait incroyable \u00e0 vivre et \u00e0 jouer\u00a0\u00bb. Ces mots, ils sont sign\u00e9s Maxime Lucu, capitaine d\u2019une formation de <a href=\"https:\/\/actu.fr\/rugby\/equipe\/bordeaux-begles_64dd31517b8c09c4fec880dd\/\" target=\"_blank\" rel=\"noopener\">Bordeaux<\/a> qui a fini par craquer et laisser <a href=\"https:\/\/actu.fr\/rugby\/equipe\/toulouse_64dd31517b8c09c4fec880ad\/\" target=\"_blank\" rel=\"noopener\">Toulouse<\/a> soulever le 24e bouclier de Brennus de son histoire. Ces propos, ils repr\u00e9sentent clairement la <strong>dimension dantesque<\/strong> de cette rencontre, achev\u00e9e apr\u00e8s prolongation. Depuis les tribunes, ou devant son poste de t\u00e9l\u00e9vision, beaucoup ont eu l\u2019impression d\u2019assister \u00e0 l\u2019une des plus grandes finales de l\u2019histoire du championnat de France. Il y a un peu de \u00e7a\u2026<\/p>\n<p>Jamais autant de points en finale<\/p>\n<p class=\" wall-content\">D\u00e9j\u00e0, un chiffre : 72, soit le nombre de points inscrits lors de ce Toulouse-Bordeaux d\u2019anthologie. C\u2019est tout simplement un record : jamais une finale du championnat de France n\u2019avait \u00e9t\u00e9 aussi riche en points marqu\u00e9s, battant la performance datant de 2005 et le match Biarritz-Stade Fran\u00e7ais.<\/p>\n<p class=\" wall-content\">Co\u00efncidence : c\u2019\u00e9tait le dernier \u00e0 s\u2019\u00eatre d\u00e9cid\u00e9 en prolongation. \u00ab\u00a0Il faut f\u00e9liciter les deux \u00e9quipes qui ont fait un gros match, un grand match\u00a0\u00bb, saluait le talonneur Julien Marchand.<\/p>\n<p>Combat intense\u2026<\/p>\n<p class=\" wall-content\">Si les 20 premi\u00e8res mi-temps ont ressembl\u00e9 \u00e0 un round d\u2019observation, les contacts, eux, furent d\u2019une intensit\u00e9 folle d\u00e8s le coup d\u2019envoi. \u00ab\u00a0Cela a cogn\u00e9 tr\u00e8s fort\u00a0\u00bb, acquies\u00e7ait le manager toulousain Ugo Mola. \u00ab\u00a0C\u2019\u00e9tait vraiment un gros combat\u00a0\u00bb, appuyait l\u2019ouvreur international de l\u2019UBB Matthieu Jalibert.<\/p>\n<p class=\" wall-content\">Un combat lors duquel Toulouse a su montrer qu\u2019en finale, il est tout autre. Lou\u00e9 pour \u00ab\u00a0son jeu de mains\u00a0\u00bb, le Stade Toulousain a b\u00e2ti toutes ses finales gagn\u00e9s sur un pack en fer forg\u00e9. Ce samedi, il fut bluffant, retrouvant sa superbe le jour J, avec une m\u00eal\u00e9e qui a concass\u00e9 son homologue girondine. \u00ab\u00a0Les joueurs, ce sont peut-\u00eatre des Transformers\u00a0\u00bb, plaisante Mola.\u00a0<\/p>\n<p class=\" wall-content\">\u00ab\u00a0Franchement, on avait une tr\u00e8s, tr\u00e8s grosse envie. Nous avions une \u00e9nergie de dingue. Le dernier entra\u00eenement avant la finale, cela a probablement \u00e9t\u00e9 le meilleur de l\u2019ann\u00e9e. C\u2019est l\u00e0 o\u00f9 nous avons puis\u00e9 les ressources jusqu\u2019\u00e0 la fin\u00a0\u00bb, explique Thibaud Flament.<\/p>\n<p>\u2026 et prolongations<\/p>\n<p class=\" wall-content\">Mais l\u00e0 o\u00f9 cette finale a pris une autre dimension, outre le chass\u00e9-crois\u00e9 entre deux \u00e9quipes qui ont marqu\u00e9 en tout 6 essais, et qui ont r\u00e9pondu du tac o tac \u00e0 chacun des assauts adverses, c\u2019est qu\u2019elle a eu droit \u00e0 une prolongation. Accentuant ce sc\u00e9nario fou et ajoutant encore un peu plus d\u2019ampleur \u00e0 la dramaturgie finale. Une \u00e9galisation \u00e0 la 80e minute, avouez que ce n\u2019est pas rien et que cela marque les esprits.<\/p>\n<p class=\" wall-content\">\u00ab\u00a0Cette finale, c\u2019\u00e9tait une guerre psychologique. C\u2019\u00e9tait un match \u00e9motionnellement dur, mentalement dur, mais il y a aussi beaucoup de fiert\u00e9 d\u2019avoir r\u00e9alis\u00e9 un tel match en finale, d\u2019avoir amen\u00e9 Toulouse dans ses retranchements\u00a0\u00bb, indique Maxime Lucu. \u00ab\u00a0Une finale assez incroyable\u00a0\u00bb, dixit le manager Ugo Mola.<\/p>\n<p class=\" wall-content\">Et ce dernier de conclure : \u00ab\u00a0Honn\u00eatement, je pense que c\u2019est une bonne publicit\u00e9 pour le rugby que deux \u00e9quipes puissent rivaliser ainsi en fin de saison avec ce que l\u2019on sait sur l\u2019\u00e2pret\u00e9 d\u2019une saison\u00a0\u00bb. Oui, c\u2019\u00e9tait vrai beau. Merci Messieurs, on en redemande\u2026\u00a0<\/p>\n<p class=\" wall-content\"><strong>Cl\u00e9ment MAZELLA, au Stade de France<\/strong><\/p>\n<p class=\" wall-content\">Suivez toute l\u2019actualit\u00e9 de vos villes et m\u00e9dias favoris en vous inscrivant \u00e0 <a href=\"https:\/\/moncompte.actu.fr\" title=\"D\u00e9couvez Mon Actu\" rel=\"nofollow noopener\" data-trk=\"{&quot;cta&quot;:{&quot;action&quot;:&quot;https:\\\/\\\/moncompte.actu.fr&quot;,&quot;category&quot;:&quot;mon compte&quot;,&quot;from&quot;:&quot;article footer&quot;,&quot;name&quot;:&quot;Mon actu&quot;,&quot;type&quot;:&quot;cta&quot;}}\" target=\"_blank\">Mon Actu<\/a>.<\/p>\n<ul class=\"ac-article-tag wall-content\">\n<li><a href=\"https:\/\/actu.fr\/tag\/stade-toulousain\" data-trk=\"{&quot;cta&quot;:{&quot;action&quot;:&quot;Stade toulousain&quot;,&quot;category&quot;:&quot;tag&quot;,&quot;from&quot;:&quot;article footer&quot;,&quot;name&quot;:&quot;Stade toulousain&quot;,&quot;type&quot;:&quot;cta&quot;}}\" target=\"_blank\" rel=\"noopener\">#Stade toulousain<\/a><\/li>\n<li><a href=\"https:\/\/actu.fr\/tag\/usb-union-bordeaux-begles\" data-trk=\"{&quot;cta&quot;:{&quot;action&quot;:&quot;UBB Union Bordeaux B\\u00e8gles&quot;,&quot;category&quot;:&quot;tag&quot;,&quot;from&quot;:&quot;article footer&quot;,&quot;name&quot;:&quot;UBB Union Bordeaux B\\u00e8gles&quot;,&quot;type&quot;:&quot;cta&quot;}}\" target=\"_blank\" rel=\"noopener\">#UBB Union Bordeaux B\u00e8gles<\/a><\/li>\n<\/ul>\n","protected":false},"excerpt":{"rendered":"Par Cl\u00e9ment Mazella Publi\u00e9 le 29 juin 2025 \u00e0 4h39 \u00ab\u00a0Ce match \u00e9tait incroyable \u00e0 vivre et \u00e0&hellip;\n","protected":false},"author":2,"featured_media":212385,"comment_status":"","ping_status":"","sticky":false,"template":"","format":"standard","meta":{"footnotes":""},"categories":[2817],"tags":[1111,11,1997,1777,674,1011,27,12,2219,25,479,60,476,478,4435],"class_list":{"0":"post-212384","1":"post","2":"type-post","3":"status-publish","4":"format-standard","5":"has-post-thumbnail","7":"category-bordeaux","8":"tag-actu","9":"tag-actualites","10":"tag-bordeaux","11":"tag-eu","12":"tag-europe","13":"tag-fr","14":"tag-france","15":"tag-news","16":"tag-nouvelle-aquitaine","17":"tag-republique-francaise","18":"tag-rugby","19":"tag-sports","20":"tag-stade-toulousain","21":"tag-top-14","22":"tag-ubb-union-bordeaux-begles"},"share_on_mastodon":{"url":"https:\/\/pubeurope.com\/@fr\/114764533198434023","error":""},"_links":{"self":[{"href":"https:\/\/www.europesays.com\/fr\/wp-json\/wp\/v2\/posts\/212384","targetHints":{"allow":["GET"]}}],"collection":[{"href":"https:\/\/www.europesays.com\/fr\/wp-json\/wp\/v2\/posts"}],"about":[{"href":"https:\/\/www.europesays.com\/fr\/wp-json\/wp\/v2\/types\/post"}],"author":[{"embeddable":true,"href":"https:\/\/www.europesays.com\/fr\/wp-json\/wp\/v2\/users\/2"}],"replies":[{"embeddable":true,"href":"https:\/\/www.europesays.com\/fr\/wp-json\/wp\/v2\/comments?post=212384"}],"version-history":[{"count":0,"href":"https:\/\/www.europesays.com\/fr\/wp-json\/wp\/v2\/posts\/212384\/revisions"}],"wp:featuredmedia":[{"embeddable":true,"href":"https:\/\/www.europesays.com\/fr\/wp-json\/wp\/v2\/media\/212385"}],"wp:attachment":[{"href":"https:\/\/www.europesays.com\/fr\/wp-json\/wp\/v2\/media?parent=212384"}],"wp:term":[{"taxonomy":"category","embeddable":true,"href":"https:\/\/www.europesays.com\/fr\/wp-json\/wp\/v2\/categories?post=212384"},{"taxonomy":"post_tag","embeddable":true,"href":"https:\/\/www.europesays.com\/fr\/wp-json\/wp\/v2\/tags?post=212384"}],"curies":[{"name":"wp","href":"https:\/\/api.w.org\/{rel}","templated":true}]}}