{"id":21239,"date":"2025-04-13T03:22:10","date_gmt":"2025-04-13T03:22:10","guid":{"rendered":"https:\/\/www.europesays.com\/fr\/21239\/"},"modified":"2025-04-13T03:22:10","modified_gmt":"2025-04-13T03:22:10","slug":"avec-pauline-vs-men-pauline-payet-veut-remettre-en-valeur-le-tennis-feminin-en-battant-le-plus-dhommes-possibles","status":"publish","type":"post","link":"https:\/\/www.europesays.com\/fr\/21239\/","title":{"rendered":"Avec \u00ab Pauline vs men \u00bb, Pauline Payet veut remettre en valeur le tennis f\u00e9minin en battant le plus d\u2019hommes possibles"},"content":{"rendered":"<p><strong>Let\u2019s go girl &#8211; Pauline Payet, 45e joueuse fran\u00e7aise, s\u2019est lanc\u00e9 le d\u00e9fi d\u2019affronter des hommes en remontant la pyramide du classement<\/strong><\/p>\n<p>Qu\u2019est-ce que l\u2019audace ? C\u2019est, par exemple, penser que le tennisman du dimanche que nous sommes, aurait pu remporter un point face \u00e0 <a href=\"https:\/\/www.20minutes.fr\/sport\/3345699-20220903-us-open-legende-hommages-serena-williams-fusent-apres-defaite-3e-tour\" rel=\"nofollow noopener\" target=\"_blank\" data-ylk=\"slk:Serena Wiliams, 23 tournois du Grand Chelem au compteur, reine parmi les reines;elm:context_link;itc:0;sec:content-canvas\" class=\"link \">Serena Wiliams, 23 tournois du Grand Chelem au compteur, reine parmi les reines<\/a>. Impossible, on le sait bien. D\u2019autres non. Car un homme sur huit s\u2019estimait ainsi capable de r\u00e9aliser cet exploit selon un sondage publi\u00e9 en 2019 par le site <a href=\"https:\/\/www.thecut.com\/2019\/07\/poll-1-in-8-men-think-they-can-beat-serena-williams.html\" rel=\"nofollow noopener\" target=\"_blank\" data-ylk=\"slk:The Cut;elm:context_link;itc:0;sec:content-canvas\" class=\"link \">The Cut<\/a>. Culott\u00e9, n\u2019est-ce pas ?<\/p>\n<p>Au-del\u00e0 de Queen S, le tennis f\u00e9minin est souvent d\u00e9cr\u00e9dibilis\u00e9 par ces messieurs qui se pensent bien sup\u00e9rieurs \u00e0 toutes ces joueuses professionnelles, avec des commentaires souvent bien graveleux et d\u00e9pr\u00e9ciatifs. Pour tenter de mettre un terme \u00e0 ces id\u00e9es re\u00e7ues, Pauline Payet a d\u00e9cid\u00e9 de relever un d\u00e9fi original : affronter de la testost\u00e9rone en pack de 12 et chaque classement masculin, en commen\u00e7ant par la 3e s\u00e9rie (30) et en remontant pour voir jusqu\u2019o\u00f9 elle peut aller. Une version 2.0 de <a href=\"https:\/\/www.20minutes.fr\/sport\/basketball\/nba\/4076717-20240217-nba-duel-curry-ionescu-version-inedite-bataille-sexes-basket\" rel=\"nofollow noopener\" target=\"_blank\" data-ylk=\"slk:la bataille des sexes entre Billie Jean King et Bobby Riggs en 1973;elm:context_link;itc:0;sec:content-canvas\" class=\"link \">la bataille des sexes entre Billie Jean King et Bobby Riggs en 1973<\/a>.<\/p>\n<p>\u00ab Je suis vraiment au-dessus \u00bb<\/p>\n<p>Ancienne 577e joueuse mondiale et actuellement 45e fran\u00e7aise, <a href=\"https:\/\/www.20minutes.fr\/societe\/reunion\/\" rel=\"nofollow noopener\" target=\"_blank\" data-ylk=\"slk:la R\u00e9unionnaise;elm:context_link;itc:0;sec:content-canvas\" class=\"link \">la R\u00e9unionnaise<\/a> estime qu\u2019il y a \u00ab une m\u00e9connaissance de la diff\u00e9rence de niveau et du niveau r\u00e9el d\u2019une femme contre un homme. Il y a \u00e9norm\u00e9ment de gens qui pensent que je joue troisi\u00e8me s\u00e9rie hommes [de 30 \u00e0 15\/1]. Avec ce \u00ab\u00a0Pauline vs men\u00a0\u00bb, \u00e7a leur montre que, quand m\u00eame, en troisi\u00e8me s\u00e9rie, il n\u2019y a pas de match, je suis vraiment au-dessus, avec toute la modestie que j\u2019ai. \u00bb<\/p>\n<p>Car oui, pour le moment, Pauline Payet, qui est \u00e9gal(&#8230;)<\/p>\n<p><a href=\"https:\/\/www.20minutes.fr\/sport\/tennis\/roland-garros\/4147803-20250412-pauline-vs-men-pauline-payet-veut-remettre-valeur-tennis-feminin-battant-plus-hommes-possibles\" rel=\"nofollow noopener\" target=\"_blank\" data-ylk=\"slk:Lire la suite sur 20minutes;elm:context_link;itc:0;sec:content-canvas\" class=\"link \">Lire la suite sur 20minutes<\/a><\/p>\n<p>\u00c0 lire aussi :<br \/><a href=\"https:\/\/www.20minutes.fr\/sport\/tennis\/monte-carlo\/4146766-20250406-monte-carlo-gasquet-ratait-revers-squillari-rememore-fameuse-defaite-contre-ado-richard-2002\" rel=\"nofollow noopener\" target=\"_blank\" data-ylk=\"slk:Monte-Carlo : \u00ab Gasquet ne ratait pas un revers \u00bb, Squillari se rem\u00e9more sa fameuse d\u00e9faite contre l\u2019ado Richard en 2002;elm:context_link;itc:0;sec:content-canvas\" class=\"link \">Monte-Carlo : \u00ab Gasquet ne ratait pas un revers \u00bb, Squillari se rem\u00e9more sa fameuse d\u00e9faite contre l\u2019ado Richard en 2002<\/a><br \/><a href=\"https:\/\/www.20minutes.fr\/sport\/tennis\/4146578-20250402-tennis-femme-sauve-assure-gael-monfils-arrete-carriere-elena-svitolina\" rel=\"nofollow noopener\" target=\"_blank\" data-ylk=\"slk:Tennis : \u00ab Ma femme m\u2019a sauv\u00e9 \u00bb, assure Ga\u00ebl Monfils, qui aurait arr\u00eat\u00e9 sa carri\u00e8re sans Elena Svitolina;elm:context_link;itc:0;sec:content-canvas\" class=\"link \">Tennis : \u00ab Ma femme m\u2019a sauv\u00e9 \u00bb, assure Ga\u00ebl Monfils, qui aurait arr\u00eat\u00e9 sa carri\u00e8re sans Elena Svitolina<\/a><\/p>\n","protected":false},"excerpt":{"rendered":"Let\u2019s go girl &#8211; Pauline Payet, 45e joueuse fran\u00e7aise, s\u2019est lanc\u00e9 le d\u00e9fi d\u2019affronter des hommes en remontant&hellip;\n","protected":false},"author":2,"featured_media":21240,"comment_status":"","ping_status":"","sticky":false,"template":"","format":"standard","meta":{"footnotes":""},"categories":[1415],"tags":[7983,1011,27,7981,7982,7984,7980,60,1467,7979],"class_list":{"0":"post-21239","1":"post","2":"type-post","3":"status-publish","4":"format-standard","5":"has-post-thumbnail","7":"category-tennis","8":"tag-des-hommes","9":"tag-fr","10":"tag-france","11":"tag-le-defi","12":"tag-pauline","13":"tag-payet","14":"tag-serena-wiliams","15":"tag-sports","16":"tag-tennis","17":"tag-tournois-du-grand-chelem"},"share_on_mastodon":{"url":"https:\/\/pubeurope.com\/@fr\/114328511611529889","error":""},"_links":{"self":[{"href":"https:\/\/www.europesays.com\/fr\/wp-json\/wp\/v2\/posts\/21239","targetHints":{"allow":["GET"]}}],"collection":[{"href":"https:\/\/www.europesays.com\/fr\/wp-json\/wp\/v2\/posts"}],"about":[{"href":"https:\/\/www.europesays.com\/fr\/wp-json\/wp\/v2\/types\/post"}],"author":[{"embeddable":true,"href":"https:\/\/www.europesays.com\/fr\/wp-json\/wp\/v2\/users\/2"}],"replies":[{"embeddable":true,"href":"https:\/\/www.europesays.com\/fr\/wp-json\/wp\/v2\/comments?post=21239"}],"version-history":[{"count":0,"href":"https:\/\/www.europesays.com\/fr\/wp-json\/wp\/v2\/posts\/21239\/revisions"}],"wp:featuredmedia":[{"embeddable":true,"href":"https:\/\/www.europesays.com\/fr\/wp-json\/wp\/v2\/media\/21240"}],"wp:attachment":[{"href":"https:\/\/www.europesays.com\/fr\/wp-json\/wp\/v2\/media?parent=21239"}],"wp:term":[{"taxonomy":"category","embeddable":true,"href":"https:\/\/www.europesays.com\/fr\/wp-json\/wp\/v2\/categories?post=21239"},{"taxonomy":"post_tag","embeddable":true,"href":"https:\/\/www.europesays.com\/fr\/wp-json\/wp\/v2\/tags?post=21239"}],"curies":[{"name":"wp","href":"https:\/\/api.w.org\/{rel}","templated":true}]}}