{"id":212393,"date":"2025-06-29T03:34:18","date_gmt":"2025-06-29T03:34:18","guid":{"rendered":"https:\/\/www.europesays.com\/fr\/212393\/"},"modified":"2025-06-29T03:34:18","modified_gmt":"2025-06-29T03:34:18","slug":"sabrina-agresti-roubache-fait-son-retour-dans-le-match-des-municipales-a-marseille","status":"publish","type":"post","link":"https:\/\/www.europesays.com\/fr\/212393\/","title":{"rendered":"Sabrina Agresti-Roubache fait son retour dans le match des municipales \u00e0 Marseille"},"content":{"rendered":"<p>Dans une interview \u00e0 La Provence, l\u2019ancienne ministre proche d\u2019Emmanuel Macron qui avait d\u00e9clar\u00e9 \u00ab\u00eatre en instance de divorce\u00bb avec Marseille annonce son retour dans le jeu politique pour les municipales, non sans susciter un certain agacement, y compris au sein de Renaissance.<\/p>\n<p class=\"fig-paragraph\">Autrefois omnipr\u00e9sente \u00e0 Marseille, Sabrina Agresti-Roubache avait compl\u00e8tement disparu des radars depuis un an.\u00a0<a href=\"http:\/\/www.lefigaro.fr\/elections\/legislatives\/resultats-des-legislatives-2024-la-ministre-sabrina-agresti-roubache-probablement-absente-du-second-tour-20240630\" data-fig-type=\"NewsFlash\" data-gtm-custom-categorie=\"navigation\" data-gtm-custom-action=\"crossclick\" data-gtm-custom-label=\"Contextuel\" data-gtm-event=\"customEventSPE\" data-fig-domain=\"LEFIGARO\" rel=\"nofollow noopener\" target=\"_blank\">Balay\u00e9e par la vague RN<\/a>\u00a0lors des derni\u00e8res l\u00e9gislatives, la d\u00e9put\u00e9e macroniste marseillaise, proche du couple pr\u00e9sidentiel, avait m\u00eame d\u00e9clar\u00e9 \u00eatre<a href=\"http:\/\/www.lefigaro.fr\/marseille\/l-ex-secretaire-d-etat-sabrina-agresti-roubache-affirme-etre-en-instance-de-divorce-avec-marseille-20241003\" data-fig-type=\"NewsFlash\" data-gtm-custom-categorie=\"navigation\" data-gtm-custom-action=\"crossclick\" data-gtm-custom-label=\"Contextuel\" data-gtm-event=\"customEventSPE\" data-fig-domain=\"LEFIGARO\" rel=\"nofollow noopener\" target=\"_blank\">\u00a0\u00aben instance de divorce\u00bb<\/a>\u00a0avec sa ville natale. Ancienne secr\u00e9taire d\u2019\u00c9tat en charge du plan\u00a0<a href=\"http:\/\/www.lefigaro.fr\/marseille\/pour-emmanuel-macron-le-plan-marseille-en-grand-avance-a-marche-forcee-20250212\" data-fig-type=\"NewsFlash\" data-gtm-custom-categorie=\"navigation\" data-gtm-custom-action=\"crossclick\" data-gtm-custom-label=\"Contextuel\" data-gtm-event=\"customEventSPE\" data-fig-domain=\"LEFIGARO\" rel=\"nofollow noopener\" target=\"_blank\">\u00abMarseille en grand\u00bb<\/a>, elle s\u2019\u00e9tait mise en retrait du jeu politique local, voire de Marseille tout court.<\/p>\n<p class=\"fig-paragraph\">\u00ab Elle a \u00e9t\u00e9 oblig\u00e9e de s\u2019\u00e9loigner, explique Sandra Blanchard, militante Renaissance proche de Sabrina Agresti-Roubache. D\u00e9j\u00e0, la d\u00e9faite a \u00e9t\u00e9 brutale. Elle a \u00e9t\u00e9 bless\u00e9e et a accus\u00e9 le coup. Ensuite, elle \u00e9tait ministre et souvent retenue \u00e0 Paris, d\u2019autant que sa fille y \u00e9tait scolaris\u00e9e. \u00c0 sa sortie du gouvernement, elle est d\u2019abord rest\u00e9e \u00e0 Paris pour sa fille. D\u00e9sormais, elle l\u2019a r\u00e9inscrite \u00e0 Marseille! Aujourd\u2019hui, elle a rebondi et il semblerait qu\u2019elle veuille \u00eatre l\u00e0.\u00bb<\/p>\n<p class=\"fig-paragraph\">Apr\u00e8s des mois de silence, Sabrina Agresti-Roubache s\u2019est offert ce lundi un retour politique en fanfare, en une du quotidien r\u00e9gional La Provence. \u00abIl va falloir compter sur moi\u00a0\u00bb, pr\u00e9vient celle qui avait cr\u00e9\u00e9, avant sa d\u00e9faite aux l\u00e9gislatives,\u00a0<a href=\"http:\/\/www.lefigaro.fr\/marseille\/marseille-sabrina-agresti-roubache-cree-son-microparti-et-jouera-un-role-pour-les-municipales-20240503\" data-fig-type=\"NewsFlash\" data-gtm-custom-categorie=\"navigation\" data-gtm-custom-action=\"crossclick\" data-gtm-custom-label=\"Contextuel\" data-gtm-event=\"customEventSPE\" data-fig-domain=\"LEFIGARO\" rel=\"nofollow noopener\" target=\"_blank\">un microparti\u00a0<\/a>dans la perspective des prochaines municipales. \u00abElle sera candidate, pronostique une source bien inform\u00e9e. Peut-\u00eatre pas t\u00eate de liste principale, mais elle voudra sans doute une t\u00eate de liste de secteur.\u00bb<\/p>\n<p>Un retour d\u00e9tonant<\/p>\n<p class=\"fig-paragraph\">Alors que la liste de droite pour les municipales se dessine en coulisses, et que\u00a0<a href=\"http:\/\/www.lefigaro.fr\/marseille\/a-marseille-macron-raye-de-la-carte-de-sa-ville-de-coeur-20240701\" data-fig-type=\"Article\" data-gtm-custom-categorie=\"navigation\" data-gtm-custom-action=\"crossclick\" data-gtm-custom-label=\"Contextuel\" data-gtm-event=\"customEventSPE\" data-fig-domain=\"LEFIGARO\" rel=\"nofollow noopener\" target=\"_blank\">plus aucun d\u00e9put\u00e9 macroniste n\u2019est \u00e9lu \u00e0 Marseille<\/a>, Sabrina Agresti-Roubache veut faire entendre la voix d\u2019Emmanuel Macron sur le Vieux-Port. \u00abL\u2019\u00e9lectorat macroniste existe \u00e0 Marseille, estime l\u2019int\u00e9ress\u00e9e. Et l\u2019engagement pour la cit\u00e9 phoc\u00e9enne du pr\u00e9sident de la R\u00e9publique \u00e0 travers le plan Marseille en Grand finit par \u00eatre concret pour les habitants. En tout cas, je ne suis pas une suiveuse et il faudra faire avec moi\u00a0!\u00bb<\/p>\n<p class=\"fig-paragraph\">\u00c0 droite, le retour de l\u2019ancienne secr\u00e9taire d\u2019\u00c9tat \u00e0 l\u2019ascension politique fulgurante et au caract\u00e8re bien tremp\u00e9 laisse circonspect \u00ab C\u2019est une personnalit\u00e9 difficile \u00e0 g\u00e9rer\u00bb, s\u2019alarme un cadre marseillais des LR. \u00abIl ne suffit pas d\u2019\u00eatre choisie par le roi pour pouvoir faire une carri\u00e8re\u00bb, tacle un second. \u00abSabrina Agresti-Roubache doit avoir des discussions avec Renaud Muselier si elle veut revenir avec nous, temp\u00e8re le responsable marseillais d\u2019Horizons, Bruno Gilles. M\u00eame si c\u2019est une personnalit\u00e9, il y a des r\u00e8gles \u00e0 respecter et elles s\u2019appliquent pour tout le monde.\u00bb<\/p>\n<p class=\"fig-paragraph\">En tant que chef de file r\u00e9gional de Renaissance, Renaud Muselier est celui qui d\u00e9cidera des candidats macronistes \u00e0 inscrire sur la liste aux prochaines municipales. Et les choses ne semblent pas si bien embarqu\u00e9es pour Sabrina Agresti-Roubache qui agace son pr\u00e9sident de r\u00e9gion dont elle a \u00e9t\u00e9 la colisti\u00e8re.<\/p>\n<p>\u00abPersonne ne l\u2019attendait\u00bb<\/p>\n<p class=\"fig-paragraph\">\u00abSabrina \u00e9tait partie et elle avait divorc\u00e9, fustige Renaud Muselier. Elle revient&#8230; Tant mieux\u00a0! Mais est-ce que, pendant ce temps-l\u00e0, elle a travaill\u00e9 \u00e0 la facilit\u00e9 des unions politiques\u00a0? Je ne l\u2019ai pas vu prendre beaucoup la parole \u00e0 la r\u00e9gion dans l\u2019h\u00e9micycle. D\u00e9fendre Macron, elle le fait sur les plateaux de t\u00e9l\u00e9vision, mais nous d\u00e9fendre chez nous, ici&#8230; Si elle veut s\u2019impliquer, pas de probl\u00e8me. Mais elle a clairement exprim\u00e9 une division avec Madame Boyer. Ce n\u2019est pas comme \u00e7a que cela fonctionne. D\u2019autant plus que ce n\u2019est pas la plus \u00e0 plaindre, car en 2024 elle n\u2019avait pas de candidat LR face \u00e0 elle dans sa circonscription&#8230; Val\u00e9rie Boyer n\u2019avait pas pr\u00e9sent\u00e9 de candidat contre elle\u00a0!\u00a0\u00bb<\/p>\n<p class=\"fig-paragraph\">Sabrina Agresti-Roubache souhaite en effet imposer ses conditions lors des \u00e9lections municipales, et \u00e9carte toute union avec la d\u00e9put\u00e9e LR implant\u00e9e de longue date \u00e0 Marseille\u00a0<a href=\"https:\/\/www.lefigaro.fr\/actualite-france\/valerie-boyer-c-est-toute-la-chaine-penale-qu-il-faut-remettre-en-place-20210819\" data-fig-type=\"Article\" data-gtm-custom-categorie=\"navigation\" data-gtm-custom-action=\"crossclick\" data-gtm-custom-label=\"Contextuel\" data-gtm-event=\"customEventSPE\" data-fig-domain=\"LEFIGARO\" rel=\"nofollow noopener\" target=\"_blank\">Val\u00e9rie Boyer<\/a>. \u00abJe ne me suis pas engag\u00e9e aupr\u00e8s du pr\u00e9sident de la R\u00e9publique pour me ranger aux c\u00f4t\u00e9s de ceux qui nous tapent dessus toute la journ\u00e9e\u00bb, justifie-t-elle dans les colonnes de La Provence<\/p>\n<p class=\"fig-paragraph\">Alors que la droite travaille depuis des mois \u00e0 b\u00e2tir l\u2019union au-del\u00e0 des divisions pass\u00e9es, la sortie passe plut\u00f4t mal. \u00abC\u2019est s\u00fbr que ce n\u2019est pas le plus habile\u00bb, euph\u00e9mise Renaud Muselier. \u00abElle voulait divorcer de Marseille, s\u2019agace un cadre marseillais des LR. Elle fait quoi de la pension alimentaire\u00a0? Elle est nulle. Le seul parcours qu\u2019elle a fait, c\u2019est le n\u00e9ant. Qu\u2019est-ce qu\u2019elle apporte\u00a0? Son parcours ne montre pas la fiabilit\u00e9. Ici, on rassemble aux municipales en faisant des additions, pas du canardage.\u00bb<\/p>\n<p class=\"fig-paragraph\">\u00abElle se met tout le monde \u00e0 dos en disant qu\u2019elle n\u2019aime pas Val\u00e9rie Boyer, croit savoir une militante du camp macroniste. Ce n\u2019est pas un tr\u00e8s bon retour, Il y a une erreur de timing ph\u00e9nom\u00e9nal, tout \u00e7a pour lever le doigt et dire qu\u2019elle existe encore. Mais personne ne l\u2019attendait&#8230; De toute fa\u00e7on, dans le paysage local, elle est tr\u00e8s solitaire.\u00a0\u00bb<\/p>\n<p class=\"fig-paragraph\">\u00abQuand Sabrina Agresti-Roubache exclut une alliance avec Val\u00e9rie Boyer, elle ne fait que dire ce que 70 % de la base militante exprime aujourd\u2019hui, nuance l\u2019ancien d\u00e9put\u00e9 Renaissance de Marseille Lionel Royer-Perreaut. Dans le spectre politique marseillais, elle a sa place et elle peut apporter dans le futur d\u00e9bat municipal.\u00bb En 2020, apr\u00e8s que certains avaient envisag\u00e9 de s\u2019accorder, la droite et les macronistes \u00e9taient finalement partis s\u00e9par\u00e9ment aux derni\u00e8res \u00e9lections municipales de Marseille.<\/p>\n","protected":false},"excerpt":{"rendered":"Dans une interview \u00e0 La Provence, l\u2019ancienne ministre proche d\u2019Emmanuel Macron qui avait d\u00e9clar\u00e9 \u00ab\u00eatre en instance de&hellip;\n","protected":false},"author":2,"featured_media":212394,"comment_status":"","ping_status":"","sticky":false,"template":"","format":"standard","meta":{"footnotes":""},"categories":[2814],"tags":[1111,11,885,1182,1180,1181,1073,1777,674,1011,27,1184,1185,884,3554,12,1177,1176,149,1186,882,3370,25,1178,1183,1179],"class_list":{"0":"post-212393","1":"post","2":"type-post","3":"status-publish","4":"format-standard","5":"has-post-thumbnail","7":"category-marseille","8":"tag-actu","9":"tag-actualites","10":"tag-bouches-du-rhone","11":"tag-calanques","12":"tag-canebiere","13":"tag-cite-phoceenne","14":"tag-emmanuel-macron","15":"tag-eu","16":"tag-europe","17":"tag-fr","18":"tag-france","19":"tag-la-timone","20":"tag-les-baumettes-mediterranee","21":"tag-marseille","22":"tag-municipales","23":"tag-news","24":"tag-notre-dame-de-la-garde","25":"tag-olympique-de-marseille","26":"tag-om","27":"tag-provence","28":"tag-provence-alpes-cote-dazur","29":"tag-renaissance","30":"tag-republique-francaise","31":"tag-saint-charles","32":"tag-sormiou","33":"tag-vieux-port"},"share_on_mastodon":{"url":"https:\/\/pubeurope.com\/@fr\/114764557030004037","error":""},"_links":{"self":[{"href":"https:\/\/www.europesays.com\/fr\/wp-json\/wp\/v2\/posts\/212393","targetHints":{"allow":["GET"]}}],"collection":[{"href":"https:\/\/www.europesays.com\/fr\/wp-json\/wp\/v2\/posts"}],"about":[{"href":"https:\/\/www.europesays.com\/fr\/wp-json\/wp\/v2\/types\/post"}],"author":[{"embeddable":true,"href":"https:\/\/www.europesays.com\/fr\/wp-json\/wp\/v2\/users\/2"}],"replies":[{"embeddable":true,"href":"https:\/\/www.europesays.com\/fr\/wp-json\/wp\/v2\/comments?post=212393"}],"version-history":[{"count":0,"href":"https:\/\/www.europesays.com\/fr\/wp-json\/wp\/v2\/posts\/212393\/revisions"}],"wp:featuredmedia":[{"embeddable":true,"href":"https:\/\/www.europesays.com\/fr\/wp-json\/wp\/v2\/media\/212394"}],"wp:attachment":[{"href":"https:\/\/www.europesays.com\/fr\/wp-json\/wp\/v2\/media?parent=212393"}],"wp:term":[{"taxonomy":"category","embeddable":true,"href":"https:\/\/www.europesays.com\/fr\/wp-json\/wp\/v2\/categories?post=212393"},{"taxonomy":"post_tag","embeddable":true,"href":"https:\/\/www.europesays.com\/fr\/wp-json\/wp\/v2\/tags?post=212393"}],"curies":[{"name":"wp","href":"https:\/\/api.w.org\/{rel}","templated":true}]}}