{"id":21243,"date":"2025-04-13T03:25:10","date_gmt":"2025-04-13T03:25:10","guid":{"rendered":"https:\/\/www.europesays.com\/fr\/21243\/"},"modified":"2025-04-13T03:25:10","modified_gmt":"2025-04-13T03:25:10","slug":"hamilton-se-dit-satisfait-des-ameliorations-apportees-a-sa-ferrari","status":"publish","type":"post","link":"https:\/\/www.europesays.com\/fr\/21243\/","title":{"rendered":"Hamilton se dit satisfait des am\u00e9liorations apport\u00e9es \u00e0 sa Ferrari"},"content":{"rendered":"<p>Lewis Hamilton a fait part de sa satisfaction \u00e0 l\u2019\u00e9gard de l\u2019importante am\u00e9lioration apport\u00e9e par Ferrari au Grand Prix de Bahre\u00efn. L\u2019\u00e9curie italienne a utilis\u00e9 un nouveau plancher lors de la premi\u00e8re journ\u00e9e d\u2019essais, dans l\u2019espoir de rattraper son retard sur la concurrence en F1.<\/p>\n<p>Bien que Hamilton ait r\u00e9ussi \u00e0 remporter la <a href=\"https:\/\/f1only.fr\/course-sprint-chine-2025-victoire-hamilton-ferrari\/\" target=\"_blank\" rel=\"noopener\">course sprint<\/a> en Chine le mois dernier, Ferrari a connu des difficult\u00e9s pour trouver son rythme tout au long des premi\u00e8res manches. McLaren s\u2019est distingu\u00e9 apr\u00e8s les essais de vendredi \u00e0 Bahre\u00efn, le meilleur temps de la s\u00e9ance d\u2019Oscar Piastri \u00e9tant d\u2019une demi-seconde plus rapide que celui de la Ferrari de Charles Leclerc, quatri\u00e8me.<\/p>\n<p>Concernant les nouvelles pi\u00e8ces install\u00e9es sur la SF-25, <a href=\"https:\/\/f1only.fr\/ferrari-interdire-lewis-hamilton-plaindre-monoplace\/\" target=\"_blank\" rel=\"noopener\">Lewis Hamilton<\/a> a d\u00e9clar\u00e9 : \u00ab Les am\u00e9liorations fonctionnent vraiment. Un grand, grand merci \u00e0 tous ceux qui sont rest\u00e9s \u00e0 l\u2019usine pour apporter les am\u00e9liorations. Ce n\u2019est jamais facile, il y a beaucoup de travail en soufflerie, beaucoup de travail dans la fabrication et l\u2019assemblage de ces planchers. C\u2019est bien de voir que nous progressons, nous essayons d\u2019en tirer le meilleur parti. J\u2019esp\u00e8re que nous pourrons faire un bon step en avant. \u00bb<\/p>\n<p>Lewis Hamilton a expliqu\u00e9 qu\u2019il avait besoin d\u2019une voiture plus r\u00e9guli\u00e8re sur laquelle s\u2019appuyer tout au long du tour afin de gagner en vitesse.<\/p>\n<p>\u00ab [Nous avons] juste besoin de r\u00e9gularit\u00e9, d\u2019avoir une voiture facile \u00e0 conduire et r\u00e9guli\u00e8re tout au long du tour \u00bb, a-t-il d\u00e9clar\u00e9. \u00ab Pour le moment, c\u2019est un peu diff\u00e9rent dans les virages lents, moyens et rapides, comme c\u2019est souvent le cas. Nous essayons donc de le peaufiner, de le modifier et de nous assurer que nous avons un bon rythme sur la dur\u00e9e. C\u2019est l\u00e0 que vous devez \u00eatre fort, ici en particulier. \u00bb<\/p>\n","protected":false},"excerpt":{"rendered":"Lewis Hamilton a fait part de sa satisfaction \u00e0 l\u2019\u00e9gard de l\u2019importante am\u00e9lioration apport\u00e9e par Ferrari au Grand&hellip;\n","protected":false},"author":2,"featured_media":21244,"comment_status":"","ping_status":"","sticky":false,"template":"","format":"standard","meta":{"footnotes":""},"categories":[1412],"tags":[5080,5081,1451,5083,5084,5085,5086,5087,2251,5088,1452,1453,1454,1455,1011,27,1975,5089,5090,60,5091,3030],"class_list":{"0":"post-21243","1":"post","2":"type-post","3":"status-publish","4":"format-standard","5":"has-post-thumbnail","7":"category-f1","8":"tag-actualites-f1","9":"tag-actuf1","10":"tag-f1","11":"tag-f1-actu","12":"tag-f1-direct","13":"tag-f1-live","14":"tag-f1-news","15":"tag-f1news","16":"tag-ferrari","17":"tag-fia","18":"tag-formula-1","19":"tag-formula1","20":"tag-formule-1","21":"tag-formule1","22":"tag-fr","23":"tag-france","24":"tag-lewis-hamilton","25":"tag-news-f1","26":"tag-newsf1","27":"tag-sports","28":"tag-tip","29":"tag-top"},"share_on_mastodon":{"url":"https:\/\/pubeurope.com\/@fr\/114328523662377655","error":""},"_links":{"self":[{"href":"https:\/\/www.europesays.com\/fr\/wp-json\/wp\/v2\/posts\/21243","targetHints":{"allow":["GET"]}}],"collection":[{"href":"https:\/\/www.europesays.com\/fr\/wp-json\/wp\/v2\/posts"}],"about":[{"href":"https:\/\/www.europesays.com\/fr\/wp-json\/wp\/v2\/types\/post"}],"author":[{"embeddable":true,"href":"https:\/\/www.europesays.com\/fr\/wp-json\/wp\/v2\/users\/2"}],"replies":[{"embeddable":true,"href":"https:\/\/www.europesays.com\/fr\/wp-json\/wp\/v2\/comments?post=21243"}],"version-history":[{"count":0,"href":"https:\/\/www.europesays.com\/fr\/wp-json\/wp\/v2\/posts\/21243\/revisions"}],"wp:featuredmedia":[{"embeddable":true,"href":"https:\/\/www.europesays.com\/fr\/wp-json\/wp\/v2\/media\/21244"}],"wp:attachment":[{"href":"https:\/\/www.europesays.com\/fr\/wp-json\/wp\/v2\/media?parent=21243"}],"wp:term":[{"taxonomy":"category","embeddable":true,"href":"https:\/\/www.europesays.com\/fr\/wp-json\/wp\/v2\/categories?post=21243"},{"taxonomy":"post_tag","embeddable":true,"href":"https:\/\/www.europesays.com\/fr\/wp-json\/wp\/v2\/tags?post=21243"}],"curies":[{"name":"wp","href":"https:\/\/api.w.org\/{rel}","templated":true}]}}