{"id":212443,"date":"2025-06-29T04:05:23","date_gmt":"2025-06-29T04:05:23","guid":{"rendered":"https:\/\/www.europesays.com\/fr\/212443\/"},"modified":"2025-06-29T04:05:23","modified_gmt":"2025-06-29T04:05:23","slug":"cette-serie-netflix-cartonne-depuis-une-semaine-et-cest-loin-detre-merite-selon-les-abonnes","status":"publish","type":"post","link":"https:\/\/www.europesays.com\/fr\/212443\/","title":{"rendered":"Cette s\u00e9rie Netflix cartonne depuis une semaine, et c\u2019est loin d\u2019\u00eatre m\u00e9rit\u00e9 selon les abonn\u00e9s"},"content":{"rendered":"<p>Une semaine apr\u00e8s sa diffusion sur Netflix, une s\u00e9rie subit de vives critiques de la part des internautes. Pourtant, elle figure dans le top 10 des programmes les plus regard\u00e9s sur la plateforme en France actuellement. Avez-vous reconnu de quelle s\u00e9rie il s\u2019agit ?<\/p>\n<p>En ouvrant votre application Netflix, vous avez s\u00fbrement aper\u00e7u <a href=\"https:\/\/www.programme-tv.net\/news\/series-tv\/381196-olympo-on-pensait-avoir-touche-le-fond-avec-elite-mais-netflix-creuse-encore\/\" data-api-deeplink=\"teleloisirs:\/\/news\/381196\" target=\"_blank\" rel=\"noopener\">la s\u00e9rie Olympo dans la liste des nouveaut\u00e9s<\/a>. Et impossible de passer \u00e0 c\u00f4t\u00e9 : en \u00e0 peine une semaine, les critiques pleuvent et elles sont loin d\u2019\u00eatre tendres. Pour ne pas dire qu\u2019elles sont majoritairement n\u00e9gatives. C\u2019est un v\u00e9ritable d\u00e9ferlement de reproches\u2026 et pourtant, la s\u00e9rie continue de cartonner. Depuis sa sortie, Olympo s\u2019est hiss\u00e9e dans le top 10 des programmes les plus regard\u00e9s sur Netflix en France. Ce samedi 28 juin, elle occupe m\u00eame la 5e place. Un engouement sans doute port\u00e9 par une bande-annonce accrocheuse, qui promettait de l\u2019action et un teen drama efficace. Mais \u00e0 en croire les retours des internautes, c\u2019est tout le contraire. Mais que reprochent les internautes \u00e0 la s\u00e9rie Olympo ? Voici un concentr\u00e9 de ce qui se dit sur cette nouvelle production espagnole.<\/p>\n<p>                        \u00ab\u00a0Je me suis arr\u00eat\u00e9e \u00e0 la fin de l&rsquo;\u00e9pisode deux\u00a0\u00bb : les internautes fustigent la nouvelle s\u00e9rie Netflix, Olympo<\/p>\n<p>En regardant la bande-annonce d\u2019Olympo, vous avez peut-\u00eatre eu un effet de d\u00e9j\u00e0-vu. Et pour cause, cette s\u00e9rie a \u00e9t\u00e9 r\u00e9alis\u00e9e par les producteurs d\u2019\u00c9lite, une autre s\u00e9rie dramatique espagnole centr\u00e9e autour des jeunes adultes qui avait eu un succ\u00e8s retentissant avant de s\u2019achever apr\u00e8s 8 saisons. Et c\u2019est pr\u00e9cis\u00e9ment ce que reprochent les abonn\u00e9s Netflix \u00e0 Olympo, d\u2019\u00eatre un copi\u00e9-coll\u00e9 mal fagot\u00e9 d\u2019\u00c9lite ! \u00ab\u00a0C&rsquo;est particulier. Je dirais c\u00f4t\u00e9 style comme \u00c9lite, mais en milieu du sport. Drogue, dopage et sexe. \u00c7a se laisse regarder. Bien que je pr\u00e9f\u00e8re Elite\u00a0\u00bb, peut-on lire sur Facebook. D\u2019autres t\u00e9l\u00e9spectateurs ont \u00e9t\u00e9 moins tendres et jugent cette nouvelle production sans int\u00e9r\u00eat, certains n\u2019ont m\u00eame pas eu le courage de la terminer et se sont arr\u00eat\u00e9s au second \u00e9pisode. \u00ab\u00a0J\u2019ai regard\u00e9 Olympo par curiosit\u00e9. C\u2019est d\u2019un niveau de nullit\u00e9 abyssal\u00a0\u00bb, \u00ab\u00a0Mais ils sont tous cons dans Olympo ou quoi ?? Ils font tous chier\u00a0\u00bb quand d\u2019autres d\u00e9claraient \u00ab\u00a0Bof, pass\u00e9 en acc\u00e9l\u00e9r\u00e9\u00a0\u00bb.<\/p>\n<p>            De quoi parle la nouvelle s\u00e9rie Netflix, Olympo ?<\/p>\n<p>Si vous h\u00e9sitez \u00e0 vous lancer et \u00e0 vous faire votre propre avis, voici un petit r\u00e9sum\u00e9 rapide de cette nouvelle s\u00e9rie qui fait d\u00e9bat. Vous l\u2019aurez compris, l\u2019id\u00e9e est, comme pour la s\u00e9rie \u00c9lite, de suivre la vie de jeunes adultes. Cette fois, cela ne se passe pas dans un lyc\u00e9e, mais dans un centre de formation situ\u00e9 dans les Pyr\u00e9n\u00e9es o\u00f9 les meilleurs espoirs du sport espagnol s\u2019entra\u00eenent sans rel\u00e2che. Des jeunes prodiges du sport comme<a href=\"https:\/\/www.programme-tv.net\/news\/series-tv\/381896-olympo-netflix-amaia-est-elle-morte-la-fin-de-la-saison-1-expliquee\/\" data-api-deeplink=\"teleloisirs:\/\/news\/381896\" target=\"_blank\" rel=\"noopener\"> Amaia, capitaine de l&rsquo;\u00e9quipe nationale de natation synchronis\u00e9e<\/a>. Cette jeune femme extr\u00eamement exigeante a toujours \u00e9t\u00e9 la meilleure, mais tout s\u2019emballe quand sa meilleure amie commence inexplicablement \u00e0 la surpasser. Lorsqu&rsquo;elle dispara\u00eet apr\u00e8s un cours de natation synchronis\u00e9e qui tourne mal, tout bascule. Mis \u00e0 part la qu\u00eate de l\u2019excellence, d\u2019autres th\u00e9matiques fortes y sont abord\u00e9es comme l\u2019homosexualit\u00e9, la drogue ou encore le dopage. \u00c0 vous de juger !<\/p>\n<blockquote class=\"twitter-tweet\">\n<p lang=\"fr\" dir=\"ltr\">J\u2019ai regard\u00e9 <a href=\"https:\/\/twitter.com\/hashtag\/Olympo?src=hash&amp;ref_src=twsrc%5Etfw\" target=\"_blank\" rel=\"noopener\">#Olympo<\/a> par curiosit\u00e9. C\u2019est d\u2019un niveau de nullit\u00e9 abyssal\u2026<\/p>\n<p>\u2014 Dr. mini BN (@dr_flo_deck) <a href=\"https:\/\/twitter.com\/dr_flo_deck\/status\/1937576517782978763?ref_src=twsrc%5Etfw\" target=\"_blank\" rel=\"noopener\">June 24, 2025<\/a><\/p><\/blockquote>\n<blockquote class=\"twitter-tweet\">\n<p lang=\"fr\" dir=\"ltr\">Mais ils sont tous cons dans Olympo ou quoi ?? Ils font tous chier mdrr<\/p>\n<p>\u2014 Hannie \ud83e\udeb8 (@skz_hjs93) <a href=\"https:\/\/twitter.com\/skz_hjs93\/status\/1937919783267160317?ref_src=twsrc%5Etfw\" target=\"_blank\" rel=\"noopener\">June 25, 2025<\/a><\/p><\/blockquote>\n<p>Article r\u00e9dig\u00e9 en collaboration avec 6M\u00e9dias.<\/p>\n<p>        <script async src=\"https:\/\/platform.twitter.com\/widgets.js\" charset=\"utf-8\"><\/script><\/p>\n","protected":false},"excerpt":{"rendered":"Une semaine apr\u00e8s sa diffusion sur Netflix, une s\u00e9rie subit de vives critiques de la part des internautes.&hellip;\n","protected":false},"author":2,"featured_media":212444,"comment_status":"","ping_status":"","sticky":false,"template":"","format":"standard","meta":{"footnotes":""},"categories":[1356],"tags":[244,58,59,1011,27,35216,35215,10395,1721,129,252,1364],"class_list":{"0":"post-212443","1":"post","2":"type-post","3":"status-publish","4":"format-standard","5":"has-post-thumbnail","7":"category-television","8":"tag-commentaire","9":"tag-divertissement","10":"tag-entertainment","11":"tag-fr","12":"tag-france","13":"tag-olympo-saison-1-52189066","14":"tag-olympo-su00e9rie-52189065","15":"tag-pub-streaming","16":"tag-su00e9rie-netflix","17":"tag-svod","18":"tag-television","19":"tag-tv"},"share_on_mastodon":{"url":"https:\/\/pubeurope.com\/@fr\/114764678755819103","error":""},"_links":{"self":[{"href":"https:\/\/www.europesays.com\/fr\/wp-json\/wp\/v2\/posts\/212443","targetHints":{"allow":["GET"]}}],"collection":[{"href":"https:\/\/www.europesays.com\/fr\/wp-json\/wp\/v2\/posts"}],"about":[{"href":"https:\/\/www.europesays.com\/fr\/wp-json\/wp\/v2\/types\/post"}],"author":[{"embeddable":true,"href":"https:\/\/www.europesays.com\/fr\/wp-json\/wp\/v2\/users\/2"}],"replies":[{"embeddable":true,"href":"https:\/\/www.europesays.com\/fr\/wp-json\/wp\/v2\/comments?post=212443"}],"version-history":[{"count":0,"href":"https:\/\/www.europesays.com\/fr\/wp-json\/wp\/v2\/posts\/212443\/revisions"}],"wp:featuredmedia":[{"embeddable":true,"href":"https:\/\/www.europesays.com\/fr\/wp-json\/wp\/v2\/media\/212444"}],"wp:attachment":[{"href":"https:\/\/www.europesays.com\/fr\/wp-json\/wp\/v2\/media?parent=212443"}],"wp:term":[{"taxonomy":"category","embeddable":true,"href":"https:\/\/www.europesays.com\/fr\/wp-json\/wp\/v2\/categories?post=212443"},{"taxonomy":"post_tag","embeddable":true,"href":"https:\/\/www.europesays.com\/fr\/wp-json\/wp\/v2\/tags?post=212443"}],"curies":[{"name":"wp","href":"https:\/\/api.w.org\/{rel}","templated":true}]}}