{"id":212455,"date":"2025-06-29T04:12:15","date_gmt":"2025-06-29T04:12:15","guid":{"rendered":"https:\/\/www.europesays.com\/fr\/212455\/"},"modified":"2025-06-29T04:12:15","modified_gmt":"2025-06-29T04:12:15","slug":"stellantis-rappelle-250-651-vehicules-aux-etats-unis-28-06-2025-a-2036","status":"publish","type":"post","link":"https:\/\/www.europesays.com\/fr\/212455\/","title":{"rendered":"Stellantis rappelle 250.651 v\u00e9hicules aux \u00c9tats-Unis &#8211; 28\/06\/2025 \u00e0 20:36"},"content":{"rendered":"<p>        <img fetchpriority=\"high\" decoding=\"async\" src=\"https:\/\/www.europesays.com\/fr\/wp-content\/uploads\/2025\/06\/1d4f9b5969148e7d3dd4e7aea20cb1b7-760x508.jpg\" alt=\"Le logo de Stellantis sur le b\u00e2timent de l'entreprise \u00e0 Poissy\" loading=\"eager\" width=\"760\" height=\"508\" style=\"max-width: 100%!important; height: auto;\"\/><\/p>\n<p class=\"c-image-news__legend\">Le logo de Stellantis sur le b\u00e2timent de l&rsquo;entreprise \u00e0 Poissy<\/p>\n<p>\n (Reuters) -Stellantis rappelle 250.651 v\u00e9hicules de sa filiale Chrysler aux \u00c9tats-Unis en raison d&rsquo;airbags rideaux lat\u00e9raux mal scell\u00e9s, a annonc\u00e9 samedi la National Highway Traffic Safety Administration (NHTSA).\n<\/p>\n<p>\n Le rappel concerne certains v\u00e9hicules Pacifica et Voyager 2022-2025.\n<\/p>\n<p>\n Un airbag ne retenant pas suffisamment la pression augmente le risque d&rsquo;\u00e9jection et de blessure lors d&rsquo;un accident, a d\u00e9clar\u00e9 la NHTSA, ajoutant que les concessionnaires inspecteraient et remplaceraient gratuitement les \u00e9quipements concern\u00e9s.\n<\/p>\n<p>\n Dans un communiqu\u00e9, Stellantis a d\u00e9clar\u00e9 ne pas avoir connaissance de blessures ou d&rsquo;accidents li\u00e9s \u00e0 ce d\u00e9faut et a exhort\u00e9 les clients \u00e0 suivre les instructions figurant sur leurs avis de rappel.\n<\/p>\n<p>\n (R\u00e9dig\u00e9 par Rishabh Jaiswal \u00e0 Bangalore, version fran\u00e7aise Benjamin Mallet)<\/p>\n","protected":false},"excerpt":{"rendered":"Le logo de Stellantis sur le b\u00e2timent de l&rsquo;entreprise \u00e0 Poissy (Reuters) -Stellantis rappelle 250.651 v\u00e9hicules de sa&hellip;\n","protected":false},"author":2,"featured_media":212456,"comment_status":"","ping_status":"","sticky":false,"template":"","format":"standard","meta":{"footnotes":""},"categories":[6],"tags":[400,398,408,35,405,33,34,1011,27,403,402,399,404,401,406,407],"class_list":{"0":"post-212455","1":"post","2":"type-post","3":"status-publish","4":"format-standard","5":"has-post-thumbnail","7":"category-economie","8":"tag-action-cac-40","9":"tag-bourse-de-paris","10":"tag-boursorama","11":"tag-business","12":"tag-cotations","13":"tag-economie","14":"tag-economy","15":"tag-fr","16":"tag-france","17":"tag-indices-devises","18":"tag-investir","19":"tag-investissement","20":"tag-marche-boursier","21":"tag-sicav","22":"tag-trackers","23":"tag-warrants"},"share_on_mastodon":{"url":"https:\/\/pubeurope.com\/@fr\/114764706300617494","error":""},"_links":{"self":[{"href":"https:\/\/www.europesays.com\/fr\/wp-json\/wp\/v2\/posts\/212455","targetHints":{"allow":["GET"]}}],"collection":[{"href":"https:\/\/www.europesays.com\/fr\/wp-json\/wp\/v2\/posts"}],"about":[{"href":"https:\/\/www.europesays.com\/fr\/wp-json\/wp\/v2\/types\/post"}],"author":[{"embeddable":true,"href":"https:\/\/www.europesays.com\/fr\/wp-json\/wp\/v2\/users\/2"}],"replies":[{"embeddable":true,"href":"https:\/\/www.europesays.com\/fr\/wp-json\/wp\/v2\/comments?post=212455"}],"version-history":[{"count":0,"href":"https:\/\/www.europesays.com\/fr\/wp-json\/wp\/v2\/posts\/212455\/revisions"}],"wp:featuredmedia":[{"embeddable":true,"href":"https:\/\/www.europesays.com\/fr\/wp-json\/wp\/v2\/media\/212456"}],"wp:attachment":[{"href":"https:\/\/www.europesays.com\/fr\/wp-json\/wp\/v2\/media?parent=212455"}],"wp:term":[{"taxonomy":"category","embeddable":true,"href":"https:\/\/www.europesays.com\/fr\/wp-json\/wp\/v2\/categories?post=212455"},{"taxonomy":"post_tag","embeddable":true,"href":"https:\/\/www.europesays.com\/fr\/wp-json\/wp\/v2\/tags?post=212455"}],"curies":[{"name":"wp","href":"https:\/\/api.w.org\/{rel}","templated":true}]}}