{"id":212457,"date":"2025-06-29T04:13:10","date_gmt":"2025-06-29T04:13:10","guid":{"rendered":"https:\/\/www.europesays.com\/fr\/212457\/"},"modified":"2025-06-29T04:13:10","modified_gmt":"2025-06-29T04:13:10","slug":"trump-ne-tolerera-pas-la-poursuite-du-proces-de-netanyahou-pour-corruption","status":"publish","type":"post","link":"https:\/\/www.europesays.com\/fr\/212457\/","title":{"rendered":"Trump ne \u00abtol\u00e9rera pas\u00bb la poursuite du proc\u00e8s de Netanyahou pour corruption"},"content":{"rendered":"<p>Vendredi, un tribunal isra\u00e9lien a rejet\u00e9 la demande du Premier ministre isra\u00e9lien de suspendre ses auditions pendant deux semaines.<\/p>\n<p class=\"fig-paragraph\">Donald Trump a dit samedi qu&rsquo;il ne \u00abtol\u00e9rera pas\u00bb la poursuite du\u00a0<a href=\"http:\/\/www.lefigaro.fr\/international\/une-chasse-aux-sorcieres-trump-reclame-l-annulation-immediate-du-proces-de-netanyahou-pour-corruption-20250626\" data-fig-type=\"NewsFlash\" data-gtm-custom-categorie=\"navigation\" data-gtm-custom-action=\"crossclick\" data-gtm-custom-label=\"Contextuel\" data-gtm-event=\"customEventSPE\" data-fig-domain=\"LEFIGARO\" target=\"_blank\" rel=\"noopener\">proc\u00e8s pour corruption<\/a>\u00a0du Premier ministre isra\u00e9lien\u00a0<a href=\"http:\/\/www.lefigaro.fr\/international\/nucleaire-balistique-regime-des-mollahs-benyamin-netanyahou-a-t-il-rempli-ses-objectifs-de-guerre-en-iran-20250624\" data-fig-type=\"Article\" data-gtm-custom-categorie=\"navigation\" data-gtm-custom-action=\"crossclick\" data-gtm-custom-label=\"Contextuel\" data-gtm-event=\"customEventSPE\" data-fig-domain=\"LEFIGARO\" target=\"_blank\" rel=\"noopener\">Benyamin Netanyahou<\/a>, dont il avait d\u00e9j\u00e0 r\u00e9clam\u00e9 l&rsquo;annulation. \u00abLes \u00c9tats-Unis d&rsquo;Am\u00e9rique d\u00e9pensent des milliards de dollars par an, bien plus que pour n&rsquo;importe quelle autre nation, pour prot\u00e9ger et soutenir Isra\u00ebl\u00bb, a \u00e9crit le pr\u00e9sident am\u00e9ricain sur sa plateforme Truth Social. \u00abNous n&rsquo;allons pas tol\u00e9rer cela\u00bb, a-t-il ajout\u00e9 en r\u00e9f\u00e9rence au proc\u00e8s en cours en Isra\u00ebl.<\/p>\n<p class=\"fig-paragraph\">Benyamin Netanyahou \u00abest en train de n\u00e9gocier un accord avec le Hamas, ce qui inclura la lib\u00e9ration des otages. Comment est-il possible que le Premier ministre d&rsquo;Isra\u00ebl puisse \u00eatre contraint de rester dans une salle d&rsquo;audience toute la journ\u00e9e?\u00bb, a poursuivi Donald Trump.<\/p>\n<p>Une \u00abchasse aux sorci\u00e8res\u00bb<\/p>\n<p class=\"fig-paragraph\">Vendredi, un tribunal isra\u00e9lien a rejet\u00e9 la demande de Benyamin Netanyahou de suspendre pendant deux semaines ses auditions dans son proc\u00e8s pour corruption. L&rsquo;avocat du Premier ministre isra\u00e9lien avait demand\u00e9 le report des auditions devant reprendre la semaine prochaine en invoquant les \u00abd\u00e9veloppements dans la r\u00e9gion et le monde\u00bb, apr\u00e8s la guerre avec l&rsquo;Iran et avec la poursuite du conflit \u00e0 Gaza. Il a par la suite soumis \u00e0 la cour une nouvelle demande demandant l&rsquo;annulation des deux prochaines audiences.<\/p>\n<p class=\"fig-paragraph\">Donald Trump avait d\u00e9j\u00e0 appel\u00e9 mercredi \u00e0 l&rsquo;annulation du proc\u00e8s, qu&rsquo;il avait qualifi\u00e9 de \u00abchasse aux sorci\u00e8res\u00bb. Il avait sinon pr\u00e9conis\u00e9 qu&rsquo;une gr\u00e2ce soit \u00abaccord\u00e9e \u00e0 un Grand H\u00e9ros\u00bb, au lendemain du cessez-le-feu entre Isra\u00ebl et l&rsquo;Iran. M. Netanyahou a ni\u00e9 tout acte r\u00e9pr\u00e9hensible au cours du proc\u00e8s, report\u00e9 \u00e0 plusieurs reprises depuis son ouverture en mai 2020.<\/p>\n<p class=\"fig-paragraph\">Dans une premi\u00e8re affaire, il est accus\u00e9, avec son \u00e9pouse Sara Netanyahou, d&rsquo;avoir accept\u00e9 des produits de luxe d&rsquo;une valeur de plus de 260.000 dollars, tels que cigares, bijoux et champagne, de la part de milliardaires, en \u00e9change de faveurs politiques. Dans deux autres affaires, M. Netanyahou est accus\u00e9 d&rsquo;avoir tent\u00e9 de n\u00e9gocier une couverture plus favorable dans deux m\u00e9dias isra\u00e9liens.<\/p>\n","protected":false},"excerpt":{"rendered":"Vendredi, un tribunal isra\u00e9lien a rejet\u00e9 la demande du Premier ministre isra\u00e9lien de suspendre ses auditions pendant deux&hellip;\n","protected":false},"author":2,"featured_media":212458,"comment_status":"","ping_status":"","sticky":false,"template":"","format":"standard","meta":{"footnotes":""},"categories":[5],"tags":[259,11,260,3448,75,1011,27,14,261,12,262,28],"class_list":{"0":"post-212457","1":"post","2":"type-post","3":"status-publish","4":"format-standard","5":"has-post-thumbnail","7":"category-international","8":"tag-actualite-internationale","9":"tag-actualites","10":"tag-affaires-etrangeres","11":"tag-benjamin-netanyahou","12":"tag-donald-trump","13":"tag-fr","14":"tag-france","15":"tag-international","16":"tag-ministere-des-affaires-etrangeres","17":"tag-news","18":"tag-politique-etrangere","19":"tag-world"},"share_on_mastodon":{"url":"https:\/\/pubeurope.com\/@fr\/114764710145476464","error":""},"_links":{"self":[{"href":"https:\/\/www.europesays.com\/fr\/wp-json\/wp\/v2\/posts\/212457","targetHints":{"allow":["GET"]}}],"collection":[{"href":"https:\/\/www.europesays.com\/fr\/wp-json\/wp\/v2\/posts"}],"about":[{"href":"https:\/\/www.europesays.com\/fr\/wp-json\/wp\/v2\/types\/post"}],"author":[{"embeddable":true,"href":"https:\/\/www.europesays.com\/fr\/wp-json\/wp\/v2\/users\/2"}],"replies":[{"embeddable":true,"href":"https:\/\/www.europesays.com\/fr\/wp-json\/wp\/v2\/comments?post=212457"}],"version-history":[{"count":0,"href":"https:\/\/www.europesays.com\/fr\/wp-json\/wp\/v2\/posts\/212457\/revisions"}],"wp:featuredmedia":[{"embeddable":true,"href":"https:\/\/www.europesays.com\/fr\/wp-json\/wp\/v2\/media\/212458"}],"wp:attachment":[{"href":"https:\/\/www.europesays.com\/fr\/wp-json\/wp\/v2\/media?parent=212457"}],"wp:term":[{"taxonomy":"category","embeddable":true,"href":"https:\/\/www.europesays.com\/fr\/wp-json\/wp\/v2\/categories?post=212457"},{"taxonomy":"post_tag","embeddable":true,"href":"https:\/\/www.europesays.com\/fr\/wp-json\/wp\/v2\/tags?post=212457"}],"curies":[{"name":"wp","href":"https:\/\/api.w.org\/{rel}","templated":true}]}}