{"id":212463,"date":"2025-06-29T04:17:11","date_gmt":"2025-06-29T04:17:11","guid":{"rendered":"https:\/\/www.europesays.com\/fr\/212463\/"},"modified":"2025-06-29T04:17:11","modified_gmt":"2025-06-29T04:17:11","slug":"saint-etienne-les-restos-du-coeur-disposent-dun-deuxieme-local-tant-attendu-a-la-terrasse","status":"publish","type":"post","link":"https:\/\/www.europesays.com\/fr\/212463\/","title":{"rendered":"Saint-\u00c9tienne. Les Restos du C\u0153ur disposent\u00a0d\u2019un deuxi\u00e8me local \u00ab\u00a0tant attendu\u00a0\u00bb \u00e0 la Terrasse"},"content":{"rendered":"<p>Depuis plusieurs ann\u00e9es, la section st\u00e9phanoise des Restos du c\u0153ur cherchait un deuxi\u00e8me local pour accueillir leurs b\u00e9n\u00e9ficiaires, dont le nombre ne cesse d\u2019augmenter d\u2019ann\u00e9e en ann\u00e9e. Il faut dire qu\u2019\u00e0 Saint-\u00c9tienne, pr\u00e8s de 2\u00a0000 familles comptent sur les Restos pour manger.<\/p>\n<p>Ce vendredi a fait figure de jour de f\u00eate, non pas parce que la mis\u00e8re sociale recule, mais parce que le b\u00e2timent de l\u2019ancienne amicale la\u00efque de la Terrasse est d\u00e9sormais le deuxi\u00e8me local, \u00ab\u00a0tant attendu\u00a0\u00bb, des Restos du c\u0153ur.<\/p>\n<p>\u00ab\u00a0Dans ces 600 m\u00b2, nous allons pouvoir recevoir&#8230;<\/p>\n","protected":false},"excerpt":{"rendered":"Depuis plusieurs ann\u00e9es, la section st\u00e9phanoise des Restos du c\u0153ur cherchait un deuxi\u00e8me local pour accueillir leurs b\u00e9n\u00e9ficiaires,&hellip;\n","protected":false},"author":2,"featured_media":212464,"comment_status":"","ping_status":"","sticky":false,"template":"","format":"standard","meta":{"footnotes":""},"categories":[9653],"tags":[1111,11,2430,7539,1777,674,1011,27,12,25,4001,7538,801,104,1631],"class_list":{"0":"post-212463","1":"post","2":"type-post","3":"status-publish","4":"format-standard","5":"has-post-thumbnail","7":"category-saint-etienne","8":"tag-actu","9":"tag-actualites","10":"tag-auvergne-rhone-alpes","11":"tag-edition-loire-sud","12":"tag-eu","13":"tag-europe","14":"tag-fr","15":"tag-france","16":"tag-news","17":"tag-republique-francaise","18":"tag-saint-etienne","19":"tag-saint-etienne-ville","20":"tag-social","21":"tag-societe","22":"tag-vie-associative"},"share_on_mastodon":{"url":"https:\/\/pubeurope.com\/@fr\/114764725822450208","error":""},"_links":{"self":[{"href":"https:\/\/www.europesays.com\/fr\/wp-json\/wp\/v2\/posts\/212463","targetHints":{"allow":["GET"]}}],"collection":[{"href":"https:\/\/www.europesays.com\/fr\/wp-json\/wp\/v2\/posts"}],"about":[{"href":"https:\/\/www.europesays.com\/fr\/wp-json\/wp\/v2\/types\/post"}],"author":[{"embeddable":true,"href":"https:\/\/www.europesays.com\/fr\/wp-json\/wp\/v2\/users\/2"}],"replies":[{"embeddable":true,"href":"https:\/\/www.europesays.com\/fr\/wp-json\/wp\/v2\/comments?post=212463"}],"version-history":[{"count":0,"href":"https:\/\/www.europesays.com\/fr\/wp-json\/wp\/v2\/posts\/212463\/revisions"}],"wp:featuredmedia":[{"embeddable":true,"href":"https:\/\/www.europesays.com\/fr\/wp-json\/wp\/v2\/media\/212464"}],"wp:attachment":[{"href":"https:\/\/www.europesays.com\/fr\/wp-json\/wp\/v2\/media?parent=212463"}],"wp:term":[{"taxonomy":"category","embeddable":true,"href":"https:\/\/www.europesays.com\/fr\/wp-json\/wp\/v2\/categories?post=212463"},{"taxonomy":"post_tag","embeddable":true,"href":"https:\/\/www.europesays.com\/fr\/wp-json\/wp\/v2\/tags?post=212463"}],"curies":[{"name":"wp","href":"https:\/\/api.w.org\/{rel}","templated":true}]}}