{"id":212473,"date":"2025-06-29T04:29:34","date_gmt":"2025-06-29T04:29:34","guid":{"rendered":"https:\/\/www.europesays.com\/fr\/212473\/"},"modified":"2025-06-29T04:29:34","modified_gmt":"2025-06-29T04:29:34","slug":"chartres-de-bretagne-la-fete-de-la-danse-a-la-grandvoile","status":"publish","type":"post","link":"https:\/\/www.europesays.com\/fr\/212473\/","title":{"rendered":"Chartres-de-Bretagne. La f\u00eate de la danse \u00e0 la Grand\u2019voile"},"content":{"rendered":"<p>Mercredi apr\u00e8s-midi, les \u00e9l\u00e8ves des activit\u00e9s danse de l\u2019\u00e9cole intercommunale de musique et de danse Jean-Wiener \u00e9taient invit\u00e9s \u00e0 participer \u00e0 la f\u00eate de la danse.<\/p>\n<p>Avec les trois professeurs,\u00a0: Agn\u00e8s Chevalier pour la danse contemporaine, C\u00e9line Rejaud pour l\u2019\u00e9veil musicale danse, danse africaine et Hon Han pour la danse hip-hop, ils ont d\u00e9montr\u00e9 leur talent sous la Grand\u2019voile du parc de loisirs. Ils ont commenc\u00e9 par utiliser les trois disciplines pour s\u2019\u00e9chauffer sur la m\u00eame musique. Avec Paul Gac \u00e0 la guitare et C\u00e9line Rejaud, les enfants de 3-4 ans ont interpr\u00e9t\u00e9 une petite chor\u00e9graphie dans le cadre de l\u2019\u00e9veil musiqu\u2019\u00e0 danse. Puis se sont encha\u00een\u00e9s des ateliers d\u2019initiation et de d\u00e9couverte ainsi que des d\u00e9monstrations par les diff\u00e9rents groupes.<\/p>\n<p>Pour Agn\u00e8s Chevalier, la coordonnatrice danse de l\u2019\u00e9cole, \u00a0cette f\u00eate de la danse informelle qui a lieu tous les deux ans est une mani\u00e8re de montrer le travail des \u00e9l\u00e8ves et de les r\u00e9unir\u00a0.<\/p>\n<p>\u00a0<\/p>\n","protected":false},"excerpt":{"rendered":"Mercredi apr\u00e8s-midi, les \u00e9l\u00e8ves des activit\u00e9s danse de l\u2019\u00e9cole intercommunale de musique et de danse Jean-Wiener \u00e9taient invit\u00e9s&hellip;\n","protected":false},"author":2,"featured_media":212474,"comment_status":"","ping_status":"","sticky":false,"template":"","format":"standard","meta":{"footnotes":""},"categories":[2821],"tags":[1111,11,829,19962,5972,1777,674,4768,1011,27,2515,12,584,25,10887],"class_list":{"0":"post-212473","1":"post","2":"type-post","3":"status-publish","4":"format-standard","5":"has-post-thumbnail","7":"category-rennes","8":"tag-actu","9":"tag-actualites","10":"tag-bretagne","11":"tag-chartres-de-bretagne","12":"tag-danse","13":"tag-eu","14":"tag-europe","15":"tag-fete","16":"tag-fr","17":"tag-france","18":"tag-grand","19":"tag-news","20":"tag-rennes","21":"tag-republique-francaise","22":"tag-voile"},"share_on_mastodon":{"url":"https:\/\/pubeurope.com\/@fr\/114764773081983844","error":""},"_links":{"self":[{"href":"https:\/\/www.europesays.com\/fr\/wp-json\/wp\/v2\/posts\/212473","targetHints":{"allow":["GET"]}}],"collection":[{"href":"https:\/\/www.europesays.com\/fr\/wp-json\/wp\/v2\/posts"}],"about":[{"href":"https:\/\/www.europesays.com\/fr\/wp-json\/wp\/v2\/types\/post"}],"author":[{"embeddable":true,"href":"https:\/\/www.europesays.com\/fr\/wp-json\/wp\/v2\/users\/2"}],"replies":[{"embeddable":true,"href":"https:\/\/www.europesays.com\/fr\/wp-json\/wp\/v2\/comments?post=212473"}],"version-history":[{"count":0,"href":"https:\/\/www.europesays.com\/fr\/wp-json\/wp\/v2\/posts\/212473\/revisions"}],"wp:featuredmedia":[{"embeddable":true,"href":"https:\/\/www.europesays.com\/fr\/wp-json\/wp\/v2\/media\/212474"}],"wp:attachment":[{"href":"https:\/\/www.europesays.com\/fr\/wp-json\/wp\/v2\/media?parent=212473"}],"wp:term":[{"taxonomy":"category","embeddable":true,"href":"https:\/\/www.europesays.com\/fr\/wp-json\/wp\/v2\/categories?post=212473"},{"taxonomy":"post_tag","embeddable":true,"href":"https:\/\/www.europesays.com\/fr\/wp-json\/wp\/v2\/tags?post=212473"}],"curies":[{"name":"wp","href":"https:\/\/api.w.org\/{rel}","templated":true}]}}