{"id":212485,"date":"2025-06-29T04:37:20","date_gmt":"2025-06-29T04:37:20","guid":{"rendered":"https:\/\/www.europesays.com\/fr\/212485\/"},"modified":"2025-06-29T04:37:20","modified_gmt":"2025-06-29T04:37:20","slug":"la-nuit-du-voyage-a-nantes-joyeuse-et-eclairante-comme-une-apres-midi-dete","status":"publish","type":"post","link":"https:\/\/www.europesays.com\/fr\/212485\/","title":{"rendered":"La Nuit du Voyage \u00e0 Nantes, joyeuse et \u00e9clairante comme une apr\u00e8s-midi d\u2019\u00e9t\u00e9"},"content":{"rendered":"<p>La Nuit du Voyage \u00e0 Nantes (VAN), belle comme une fin d\u2019apr\u00e8s-midi d\u2019\u00e9t\u00e9, respirait la joie, ce samedi 28\u00a0juin. Ses \u0153uvres \u00e9tranges ont fascin\u00e9 les curieux et les touristes. Longtemps, la fontaine de la place Royale, o\u00f9 se sont pos\u00e9es depuis quelques jours les <a href=\"https:\/\/nantes.maville.com\/actu\/actudet_-de-nouvelles-statues-s-installent-pour-l-ete-sur-la-fontaine-de-la-place-royale-_52716-6867777_actu.Htm\" target=\"_blank\" rel=\"noopener\">figures hyperr\u00e9alistes<\/a> du Latest Version de Willem de Haan, ont captiv\u00e9 les passants.<\/p>\n<p>Songeuses, Marine et V\u00e9ronique appr\u00e9cient leur <strong>\u00ab\u00a0\u00e9tranget\u00e9\u00a0\u00bb, <\/strong>th\u00e8me de cette \u00e9dition 2025 du VAN, mais aussi leur<strong> \u00ab\u00a0modernit\u00e9\u00a0\u00bb<\/strong>\u00a0: <strong>\u00ab\u00a0Elles repr\u00e9sentent bien ce qu\u2019est la ville de Nantes.\u00a0\u00bb<\/strong> Mais quelques minutes plus tard, la Green line marching band, groupe plus rock que fanfare, les a extirp\u00e9es de leurs r\u00e9flexions.<\/p>\n<p>\t<img decoding=\"async\" src=\"https:\/\/www.europesays.com\/fr\/wp-content\/uploads\/2025\/06\/P35320893D6876409G_px_640_.jpg\" alt=\"photo la place royale noire de monde pour le d\u00e9marrage du festival, ce samedi soir.  \u00a9  christian meas\" width=\"640\" title=\" La place Royale noire de monde pour le d\u00e9marrage du festival, ce samedi soir.   Christian Meas \"\/><\/p>\n<p class=\"elmt-legende\"> La place Royale noire de monde pour le d\u00e9marrage du festival, ce samedi soir.   Christian Meas <\/p>\n<p>\t<img decoding=\"async\" src=\"https:\/\/www.europesays.com\/fr\/wp-content\/uploads\/2025\/06\/P35320894D6876409G_px_640_.jpg\" alt=\"photo la place graslin o\u00f9 a \u00e9t\u00e9 install\u00e9e \u00ab\u00a0mothership\u00a0\u00bb, de prune nourry, repr\u00e9sentant une femme enceinte et allong\u00e9e.  \u00a9  christian meas\" width=\"640\" title=\" La place Graslin o\u00f9 a \u00e9t\u00e9 install\u00e9e \u00ab\u00a0Mothership\u00a0\u00bb, de Prune Nourry, repr\u00e9sentant une femme enceinte et allong\u00e9e.   Christian Meas \"\/><\/p>\n<p class=\"elmt-legende\"> La place Graslin o\u00f9 a \u00e9t\u00e9 install\u00e9e \u00ab\u00a0Mothership\u00a0\u00bb, de Prune Nourry, repr\u00e9sentant une femme enceinte et allong\u00e9e.   Christian Meas <\/p>\n<p>\t<img decoding=\"async\" src=\"https:\/\/www.europesays.com\/fr\/wp-content\/uploads\/2025\/06\/P35320895D6876409G_px_640_.jpg\" alt=\"photo place graslin, justine trouve l\u2019oeuvre de prune nourry, \u00ab\u00a0mothership\u00a0\u00bb, tr\u00e8s r\u00e9ussie.  \u00a9  christian meas\" width=\"640\" title=\" Place Graslin, Justine trouve l\u2019oeuvre de Prune Nourry, \u00ab\u00a0Mothership\u00a0\u00bb, tr\u00e8s r\u00e9ussie.   Christian Meas \"\/><\/p>\n<p class=\"elmt-legende\"> Place Graslin, Justine trouve l\u2019oeuvre de Prune Nourry, \u00ab\u00a0Mothership\u00a0\u00bb, tr\u00e8s r\u00e9ussie.   Christian Meas <\/p>\n<p>La place Royale, noire de monde, s\u2019est vid\u00e9e en un rien de temps. Fendant la foule, les musiciens qui animent chaque ann\u00e9e la Nuit du VAN, ont remont\u00e9 la rue Cr\u00e9billon, pour atteindre la place Graslin, o\u00f9 est install\u00e9e une autre \u0153uvre phare du festival, Mothership, de Prune Nourry. La sculpture m\u00e9tallique repr\u00e9sente une femme enceinte et allong\u00e9e. Justine et Pierre, avec leur petite fille, estiment l\u2019\u0153uvre <strong>\u00ab\u00a0tr\u00e8s r\u00e9ussie\u00a0\u00bb<\/strong>\u00a0:<strong> \u00ab\u00a0J\u2019ai lu pas mal de commentaires n\u00e9gatifs, comme quoi c\u2019\u00e9tait d\u00e9cadent. Au contraire, c\u2019est tr\u00e8s original, dans la continuit\u00e9 du bateau \u00e9chou\u00e9 en 2021 sur la place Royale\u00a0\u00bb, <\/strong>s\u2019enthousiasme Justine, bient\u00f4t rejointe par des centaines de personnes.<\/p>\n<p>Des taupes au top<\/p>\n<p>La d\u00e9ambulation s\u2019est poursuivie cours Cambronne, o\u00f9 les taupes g\u00e9antes du plasticien Philippe Quesne ont provoqu\u00e9 les sourires. Rigolotes, dansantes, maladroites aussi, ces taupes ont insuffl\u00e9 un m\u00e9lange de sympathie et d\u2019\u00e9tranget\u00e9, se m\u00ealant au public le plus naturellement du monde. <strong>\u00ab\u00a0Faites-vous votre propre avis, <\/strong>a lanc\u00e9 la maire Johanna Rolland, lors de son discours inaugural, vers 18\u00a0h place Royale. <strong>On peut aimer ou ne pas aimer, cela fait partie de la libert\u00e9 culturelle.\u00a0\u00bb<\/strong> Les personnes pr\u00e9sentes cours Cambronne ont vite fait leur choix.<\/p>\n<p>\t<img decoding=\"async\" src=\"https:\/\/www.europesays.com\/fr\/wp-content\/uploads\/2025\/06\/P35320896D6876409G_px_640_.jpg\" alt=\"photo les taupes g\u00e9antes ont fait sourire toutes les personnes qui les ont approch\u00e9es.  \u00a9  christian meas\" width=\"640\" title=\" Les taupes g\u00e9antes ont fait sourire toutes les personnes qui les ont approch\u00e9es.   Christian Meas \"\/><\/p>\n<p class=\"elmt-legende\"> Les taupes g\u00e9antes ont fait sourire toutes les personnes qui les ont approch\u00e9es.   Christian Meas <\/p>\n<p>\t<img decoding=\"async\" src=\"https:\/\/www.europesays.com\/fr\/wp-content\/uploads\/2025\/06\/P35320897D6876409G_px_640_.jpg\" alt=\"photo ancien maire de nantes et ancien premier ministre, jean-marc ayrault \u00e9tait au lancement de la nuit du van, avec sa femme brigitte. ici, \u00e0 gauche, lors du discours de johanna rolland.  \u00a9  christian meas\" width=\"640\" title=\" Ancien maire de Nantes et ancien premier ministre, Jean-Marc Ayrault \u00e9tait au lancement de la Nuit du VAN, avec sa femme Brigitte. Ici, \u00e0 gauche, lors du discours de Johanna Rolland.   Christian Meas \"\/><\/p>\n<p class=\"elmt-legende\"> Ancien maire de Nantes et ancien premier ministre, Jean-Marc Ayrault \u00e9tait au lancement de la Nuit du VAN, avec sa femme Brigitte. Ici, \u00e0 gauche, lors du discours de Johanna Rolland.   Christian Meas <\/p>\n<p>\t<img decoding=\"async\" src=\"https:\/\/www.europesays.com\/fr\/wp-content\/uploads\/2025\/06\/P35320898D6876409G_px_640_.jpg\" alt=\"photo aux abords du square daviais, simon, yann et brunehilde profitent de bons petits plats avant de poursuivre la f\u00eate.  \u00a9  christian meas\" width=\"640\" title=\" Aux abords du square Daviais, Simon, Yann et Brunehilde profitent de bons petits plats avant de poursuivre la f\u00eate.   Christian Meas \"\/><\/p>\n<p class=\"elmt-legende\"> Aux abords du square Daviais, Simon, Yann et Brunehilde profitent de bons petits plats avant de poursuivre la f\u00eate.   Christian Meas <\/p>\n<p>Cerise sur le g\u00e2teau, cette ann\u00e9e, la gastronomie s\u2019est invit\u00e9e au Voyage \u00e0 Nantes. Les fameuses Tables de Nantes que l\u2019on conna\u00eet \u00e0 travers le guide culinaire du VAN, rassembl\u00e9es comme dans des food-halls, ont essaim\u00e9 dans la ville, cours Saint-Pierre, cours Cambronne, square Daviais\u2026 Simon, Yann et Brunehilde ont pris un sandwich \u00e0 l\u2019effiloch\u00e9 de porc du Petit Nakama, tandis qu\u2019Adeline a pr\u00e9f\u00e9r\u00e9 essayer un arancini sicilien de chez Battos. La Nuit du VAN, c\u2019\u00e9tait bien et c\u2019\u00e9tait bon.<\/p>\n<p>\u00a0<\/p>\n","protected":false},"excerpt":{"rendered":"La Nuit du Voyage \u00e0 Nantes (VAN), belle comme une fin d\u2019apr\u00e8s-midi d\u2019\u00e9t\u00e9, respirait la joie, ce samedi&hellip;\n","protected":false},"author":2,"featured_media":212486,"comment_status":"","ping_status":"","sticky":false,"template":"","format":"standard","meta":{"footnotes":""},"categories":[2818],"tags":[1111,11,31783,35218,2883,1777,674,1011,27,35217,2047,766,12,293,2636,25,586],"class_list":{"0":"post-212485","1":"post","2":"type-post","3":"status-publish","4":"format-standard","5":"has-post-thumbnail","7":"category-nantes","8":"tag-actu","9":"tag-actualites","10":"tag-apres-midi","11":"tag-eclairante","12":"tag-ete","13":"tag-eu","14":"tag-europe","15":"tag-fr","16":"tag-france","17":"tag-joyeuse","18":"tag-mans","19":"tag-nantes","20":"tag-news","21":"tag-nuit","22":"tag-pays-de-la-loire","23":"tag-republique-francaise","24":"tag-voyage"},"share_on_mastodon":{"url":"https:\/\/pubeurope.com\/@fr\/114764804692303609","error":""},"_links":{"self":[{"href":"https:\/\/www.europesays.com\/fr\/wp-json\/wp\/v2\/posts\/212485","targetHints":{"allow":["GET"]}}],"collection":[{"href":"https:\/\/www.europesays.com\/fr\/wp-json\/wp\/v2\/posts"}],"about":[{"href":"https:\/\/www.europesays.com\/fr\/wp-json\/wp\/v2\/types\/post"}],"author":[{"embeddable":true,"href":"https:\/\/www.europesays.com\/fr\/wp-json\/wp\/v2\/users\/2"}],"replies":[{"embeddable":true,"href":"https:\/\/www.europesays.com\/fr\/wp-json\/wp\/v2\/comments?post=212485"}],"version-history":[{"count":0,"href":"https:\/\/www.europesays.com\/fr\/wp-json\/wp\/v2\/posts\/212485\/revisions"}],"wp:featuredmedia":[{"embeddable":true,"href":"https:\/\/www.europesays.com\/fr\/wp-json\/wp\/v2\/media\/212486"}],"wp:attachment":[{"href":"https:\/\/www.europesays.com\/fr\/wp-json\/wp\/v2\/media?parent=212485"}],"wp:term":[{"taxonomy":"category","embeddable":true,"href":"https:\/\/www.europesays.com\/fr\/wp-json\/wp\/v2\/categories?post=212485"},{"taxonomy":"post_tag","embeddable":true,"href":"https:\/\/www.europesays.com\/fr\/wp-json\/wp\/v2\/tags?post=212485"}],"curies":[{"name":"wp","href":"https:\/\/api.w.org\/{rel}","templated":true}]}}