{"id":212495,"date":"2025-06-29T04:42:08","date_gmt":"2025-06-29T04:42:08","guid":{"rendered":"https:\/\/www.europesays.com\/fr\/212495\/"},"modified":"2025-06-29T04:42:08","modified_gmt":"2025-06-29T04:42:08","slug":"villeneuve-dascq-cette-grande-enseigne-de-sport-debarque-dans-la-zone-commerciale-de-v2","status":"publish","type":"post","link":"https:\/\/www.europesays.com\/fr\/212495\/","title":{"rendered":"Villeneuve-d&rsquo;Ascq. Cette grande enseigne de sport d\u00e9barque dans la zone commerciale de V2"},"content":{"rendered":"<p>            Par<br \/>\n        <strong><br \/>\n            <a href=\"https:\/\/actu.fr\/auteur\/nicolas-demollien\" title=\"Consulter tous les articles de Nicolas Demollien\" target=\"_blank\" rel=\"noopener\">Nicolas Demollien<\/a><br \/>\n        <\/strong><\/p>\n<p>        Publi\u00e9 le<\/p>\n<p>            29 juin 2025 \u00e0 6h12        <\/p>\n<p><a href=\"https:\/\/actu.fr\/tag\/decathlon\" target=\"_blank\" rel=\"noopener\">Decathlon<\/a> voit arriver un sacr\u00e9 <b>concurrent<\/b> ! Dans l\u2019<b>immense zone commerciale V2<\/b> de <a href=\"https:\/\/actu.fr\/hauts-de-france\/villeneuve-d-ascq_59009\" target=\"_blank\" rel=\"noopener\">Villeneuve-d\u2019Ascq<\/a> (Nord), une <b>grande enseigne de sport<\/b> va en effet ouvrir un <b>tout nouveau magasin<\/b> en lieu et place de l\u2019ancienne boutique Kiabi.<\/p>\n<p>Intersport d\u00e9barque \u00e0 Villeneuve-d\u2019Ascq !<\/p>\n<p class=\" wall-content\">Cette enseigne, c\u2019est le <b>g\u00e9ant Intersport<\/b> ! Pas pr\u00e9sent dans cette partie de la m\u00e9tropole de <a href=\"https:\/\/actu.fr\/hauts-de-france\/lille_59350\" target=\"_blank\" rel=\"noopener\">Lille<\/a> (Nord), il part \u00e0 la conqu\u00eate de nouveaux clients dans les <b>locaux que Kiabi avait quitt\u00e9<\/b> apr\u00e8s l\u2019<a href=\"https:\/\/actu.fr\/hauts-de-france\/lezennes_59346\/lezennes-le-kiabi-village-bien-plus-quun-magasin-2_61694874.html\" target=\"_blank\" rel=\"noopener\">installation de son si\u00e8ge \u00e0 deux pas<\/a>.\u00a0<\/p>\n<p class=\" wall-content\">Vous y trouverez une gamme tr\u00e8s large de produits, \u00e0 l\u2019image de tous les magasins que compte l\u2019enseigne dans l\u2019hexagone : mat\u00e9riel mais aussi sportswear. L\u2019ouverture a d\u2019ores et d\u00e9j\u00e0 \u00e9t\u00e9 annonc\u00e9e approximativement sur les r\u00e9seaux sociaux : ce sera pour <b>mi-juillet 2025<\/b>. Autant dire que c\u2019est imminent et que les derniers pr\u00e9paratifs sont en cours sur place.<\/p>\n<p>    <a href=\"https:\/\/www.facebook.com\/plugins\/post.php?href=https%3A%2F%2Fwww.facebook.com%2Fpermalink.php%3Fstory_fbid%3Dpfbid02qXAcZHBYaPg2JYPtH6Xx4tR5QntSsHaWiFVvQ25T7AM4QWj1F2kpm3dyZUpkJKfyl%26id%3D61577036602951&amp;show_text=true&amp;width=350\" title=\"Ouvrie le lien\" target=\"_blank\" rel=\"noopener\">Cliquez ici pour visualiser le contenu<\/a><\/p>\n<p class=\" wall-content\">Une bonne nouvelle pour tous les amateurs de sport qui ont aussi vu d\u00e9barquer il y a quelques semaines l\u2019<a href=\"https:\/\/actu.fr\/hauts-de-france\/villeneuve-d-ascq_59009\/villeneuve-dascq-une-grande-marque-et-deux-enseignes-gourmandes-arrivent-au-heron-parc_62390068.html\" target=\"_blank\" rel=\"noopener\">enseigne Adidas tout pr\u00e8s de l\u00e0, du c\u00f4t\u00e9 du H\u00e9ron Parc<\/a>.<\/p>\n<p>Vid\u00e9os : en ce moment sur Actu<\/p>\n<p class=\" wall-content\">Suivez toute l\u2019actualit\u00e9 de vos villes et m\u00e9dias favoris en vous inscrivant \u00e0 <a href=\"https:\/\/moncompte.actu.fr\" title=\"D\u00e9couvez Mon Actu\" rel=\"nofollow noopener\" data-trk=\"{&quot;cta&quot;:{&quot;action&quot;:&quot;https:\\\/\\\/moncompte.actu.fr&quot;,&quot;category&quot;:&quot;mon compte&quot;,&quot;from&quot;:&quot;article footer&quot;,&quot;name&quot;:&quot;Mon actu&quot;,&quot;type&quot;:&quot;cta&quot;}}\" target=\"_blank\">Mon Actu<\/a>.<\/p>\n","protected":false},"excerpt":{"rendered":"Par Nicolas Demollien Publi\u00e9 le 29 juin 2025 \u00e0 6h12 Decathlon voit arriver un sacr\u00e9 concurrent ! Dans&hellip;\n","protected":false},"author":2,"featured_media":212496,"comment_status":"","ping_status":"","sticky":false,"template":"","format":"standard","meta":{"footnotes":""},"categories":[2815],"tags":[1111,11,1777,674,1011,27,811,1307,12,3147,25,104],"class_list":{"0":"post-212495","1":"post","2":"type-post","3":"status-publish","4":"format-standard","5":"has-post-thumbnail","7":"category-lille","8":"tag-actu","9":"tag-actualites","10":"tag-eu","11":"tag-europe","12":"tag-fr","13":"tag-france","14":"tag-hauts-de-france","15":"tag-lille","16":"tag-news","17":"tag-nouveaux-commerces","18":"tag-republique-francaise","19":"tag-societe"},"share_on_mastodon":{"url":"https:\/\/pubeurope.com\/@fr\/114764824270415570","error":""},"_links":{"self":[{"href":"https:\/\/www.europesays.com\/fr\/wp-json\/wp\/v2\/posts\/212495","targetHints":{"allow":["GET"]}}],"collection":[{"href":"https:\/\/www.europesays.com\/fr\/wp-json\/wp\/v2\/posts"}],"about":[{"href":"https:\/\/www.europesays.com\/fr\/wp-json\/wp\/v2\/types\/post"}],"author":[{"embeddable":true,"href":"https:\/\/www.europesays.com\/fr\/wp-json\/wp\/v2\/users\/2"}],"replies":[{"embeddable":true,"href":"https:\/\/www.europesays.com\/fr\/wp-json\/wp\/v2\/comments?post=212495"}],"version-history":[{"count":0,"href":"https:\/\/www.europesays.com\/fr\/wp-json\/wp\/v2\/posts\/212495\/revisions"}],"wp:featuredmedia":[{"embeddable":true,"href":"https:\/\/www.europesays.com\/fr\/wp-json\/wp\/v2\/media\/212496"}],"wp:attachment":[{"href":"https:\/\/www.europesays.com\/fr\/wp-json\/wp\/v2\/media?parent=212495"}],"wp:term":[{"taxonomy":"category","embeddable":true,"href":"https:\/\/www.europesays.com\/fr\/wp-json\/wp\/v2\/categories?post=212495"},{"taxonomy":"post_tag","embeddable":true,"href":"https:\/\/www.europesays.com\/fr\/wp-json\/wp\/v2\/tags?post=212495"}],"curies":[{"name":"wp","href":"https:\/\/api.w.org\/{rel}","templated":true}]}}