{"id":212502,"date":"2025-06-29T04:46:15","date_gmt":"2025-06-29T04:46:15","guid":{"rendered":"https:\/\/www.europesays.com\/fr\/212502\/"},"modified":"2025-06-29T04:46:15","modified_gmt":"2025-06-29T04:46:15","slug":"vacances-le-top-10-des-plages-de-bord-de-mer-les-plus-proches-de-lyon","status":"publish","type":"post","link":"https:\/\/www.europesays.com\/fr\/212502\/","title":{"rendered":"Vacances. Le top 10 des plages de bord de mer les plus proches de Lyon"},"content":{"rendered":"<p>Pour \u00e9chapper \u00e0 la fournaise lyonnaise et \u00e0 votre salon devenu \u00e9touffant \u00e0 cause de ce soleil qui tape sans discontinuer sur les fen\u00eatres, que diriez-vous de prendre la direction de la mer\u00a0? Le Progr\u00e8s vous d\u00e9voile les dix stations baln\u00e9aires les plus proches de Lyon en voiture.<\/p>\n<p>Pour des raisons pratiques, nous prenons en compte la distance kilom\u00e9trique entre Lyon et chaque station baln\u00e9aire plut\u00f4t que la dur\u00e9e du trajet, qui peut varier selon les horaires, notamment en p\u00e9riode estivale (merci les bouchons sur l&rsquo;A7).<\/p>\n<p>    &#13;<br \/>\n    &#13;<br \/>\n    &#13;<br \/>\n    <a href=\"https:\/\/cdn-s-www.leprogres.fr\/images\/0db1c701-aa96-4101-a8cc-b46cdc1d8d3b\/NW_raw\/la-calanque-de-port-miou-a-cassis-photo-d-archives-richard-mouillaud-1749723998.jpg\" title=\"La calanque de Port-Miou, \u00e0 Cassis. Photo d&#039;archives Richard Mouillaud\" class=\"chocolat-image GA-tracking\" data-ga_type=\"click\" data-ga_category=\"D\u00e9tail\" data-ga_action=\"zoomer\" data-ga_label=\"aggrandir image\" target=\"_blank\" rel=\"noopener\">&#13;<br \/>\n        <img src=\"https:\/\/www.europesays.com\/fr\/wp-content\/uploads\/2025\/06\/la-calanque-de-port-miou-a-cassis-photo-d-archives-richard-mouillaud-1749723998.jpg\"   alt=\"La calanque de Port-Miou, \u00e0 Cassis. Photo d'archives Richard Mouillaud\" fetchpriority=\"high\" decoding=\"async\" data-mobile=\"NW_listA_M|1749723998\" data-base=\"NW_listA|1749723998\"\/>&#13;<br \/>\n    <\/a>&#13;<\/p>\n<p>La calanque de Port-Miou, \u00e0 Cassis. Photo d&rsquo;archives Richard Mouillaud<\/p>\n<p>On commence ce top 10 avec l\u2019une des plus charmantes cit\u00e9s des Bouches-du-Rh\u00f4ne. R\u00e9put\u00e9e pour son port de p\u00eache, ses calanques et ses maisons color\u00e9es, la belle Cassis arrive en 10e position de notre classement des plages les plus proches de Lyon. Apr\u00e8s avoir parcouru 346 km depuis la capitale des Gaules, vous atteindrez la plage de la Grande Mer. Et en poussant un peu plus loin vers l\u2019ouest, vous d\u00e9couvrirez la calanque de Port Miou et ses eaux cristallines.<\/p>\n<p>                                            <img class=\"placeholder-svg\" loading=\"lazy\" decoding=\"async\" src=\"https:\/\/cdn-files.prsmedia.fr\/files\/REDAC\/images\/svg\/placeholders\/youtube.svg\" alt=\"Youtube PlaceHolder\"\/>               <\/p>\n<p>Ce contenu est bloqu\u00e9 car vous n&rsquo;avez pas accept\u00e9 les cookies et autres traceurs.<\/p>\n<p>En cliquant sur \u00ab J\u2019accepte \u00bb, les cookies et autres traceurs seront d\u00e9pos\u00e9s et vous pourrez visualiser les contenus  (<a href=\"\" class=\"consentModule_policy\" target=\"_blank\" title=\"Consulter la politique de protection des donn\u00e9es du fournisseur\">plus d&rsquo;informations<\/a>).<\/p>\n<p>En cliquant sur \u00ab J\u2019accepte tous les cookies \u00bb, vous autorisez des d\u00e9p\u00f4ts de cookies et autres traceurs pour le stockage de vos donn\u00e9es sur nos sites et applications \u00e0 des fins de personnalisation et de ciblage publicitaire.<\/p>\n<p class=\"consentModule_secondaryText\">Vous gardez la possibilit\u00e9 de retirer votre consentement \u00e0 tout moment en consultant notre <a href=\"https:\/\/www.leprogres.fr\/protection-des-donnees\" target=\"_blank\" title=\"Consulter notre politique de protection des donn\u00e9es\" rel=\"noopener\">politique de protection des donn\u00e9es<\/a>. <br \/>&#13;<br \/>\n            <a href=\"https:\/\/www.leprogres.fr\/societe\/2025\/06\/29\/javascript:Didomi.notice.show()\" class=\"consentModule_cmp\" target=\"_blank\" rel=\"noopener\">G\u00e9rer mes choix<\/a>&#13;\n        <\/p>\n<p>&#13;<br \/>\n                        J&rsquo;accepte&#13;<br \/>\n            J&rsquo;accepte tous les cookies&#13;\n        <\/p>\n<p>On reste dans le d\u00e9partement n\u00b013, cette fois du c\u00f4t\u00e9 de la C\u00f4te Bleue, la partie du littoral \u00e0 l\u2019ouest de Marseille. Direction Martigues o\u00f9, une fois aval\u00e9s les 344 km au d\u00e9part de Lyon, vous arriverez sur la reposante plage du Verdon, nich\u00e9e entre les villages de Carro et de la Couronne. Situ\u00e9e au fond de l\u2019anse du Verdon, cette large \u00e9tendue de sable offre une vue agr\u00e9able sur la M\u00e9diterran\u00e9e. Un peu plus \u00e0 l\u2019Est, la plage de la Saulce vaut \u00e9galement le d\u00e9tour.<\/p>\n<p>                                            <img class=\"placeholder-svg\" loading=\"lazy\" decoding=\"async\" src=\"https:\/\/cdn-files.prsmedia.fr\/files\/REDAC\/images\/svg\/placeholders\/youtube.svg\" alt=\"Youtube PlaceHolder\"\/>               <\/p>\n<p>Ce contenu est bloqu\u00e9 car vous n&rsquo;avez pas accept\u00e9 les cookies et autres traceurs.<\/p>\n<p>En cliquant sur \u00ab J\u2019accepte \u00bb, les cookies et autres traceurs seront d\u00e9pos\u00e9s et vous pourrez visualiser les contenus  (<a href=\"\" class=\"consentModule_policy\" target=\"_blank\" title=\"Consulter la politique de protection des donn\u00e9es du fournisseur\">plus d&rsquo;informations<\/a>).<\/p>\n<p>En cliquant sur \u00ab J\u2019accepte tous les cookies \u00bb, vous autorisez des d\u00e9p\u00f4ts de cookies et autres traceurs pour le stockage de vos donn\u00e9es sur nos sites et applications \u00e0 des fins de personnalisation et de ciblage publicitaire.<\/p>\n<p class=\"consentModule_secondaryText\">Vous gardez la possibilit\u00e9 de retirer votre consentement \u00e0 tout moment en consultant notre <a href=\"https:\/\/www.leprogres.fr\/protection-des-donnees\" target=\"_blank\" title=\"Consulter notre politique de protection des donn\u00e9es\" rel=\"noopener\">politique de protection des donn\u00e9es<\/a>. <br \/>&#13;<br \/>\n            <a href=\"https:\/\/www.leprogres.fr\/societe\/2025\/06\/29\/javascript:Didomi.notice.show()\" class=\"consentModule_cmp\" target=\"_blank\" rel=\"noopener\">G\u00e9rer mes choix<\/a>&#13;\n        <\/p>\n<p>&#13;<br \/>\n                        J&rsquo;accepte&#13;<br \/>\n            J&rsquo;accepte tous les cookies&#13;\n        <\/p>\n<p>Cap sur l\u2019H\u00e9rault. Si S\u00e8te est le plus grand port de p\u00eache de la M\u00e9diterran\u00e9e, c\u2019est aussi une station baln\u00e9aire appr\u00e9ci\u00e9e pour ses plages \u00e0 perte de vue. A la sortie de la ville en direction du Cap d\u2019Agde, se succ\u00e8dent en ligne droite une dizaine de plages que vous atteindrez apr\u00e8s avoir roul\u00e9 pendant 335 km. Plage de la Fontaine, plage Baleine, plage du Lazaret, plage Castellas, ces \u00e9tendues de sable allient calme et espace.<\/p>\n<p>  &#13;<br \/>\n      <a href=\"https:\/\/cdn-s-www.leprogres.fr\/images\/00c90573-f4f6-4974-8e8d-bdfc0ba0595f\/NW_raw\/la-plage-de-frontignan-photo-fournie-1661537599.jpg\" title=\"La plage de Frontignan. Photo fournie\u00a0\" class=\"chocolat-image GA-tracking\" data-ga_type=\"click\" data-ga_category=\"D\u00e9tail\" data-ga_action=\"zoomer\" data-ga_label=\"agrandir image\" target=\"_blank\" rel=\"noopener\">&#13;<br \/>\n          <img loading=\"lazy\" decoding=\"async\" src=\"https:\/\/www.europesays.com\/fr\/wp-content\/uploads\/2025\/06\/la-plage-de-frontignan-photo-fournie-1661537599.jpg\" data-mobile=\"NW_listC_M|1661537599\" data-base=\"NW_listC|1661537599\" alt=\"La plage de Frontignan. Photo fournie\u00a0\"\/>&#13;<br \/>\n      <\/a>&#13;<\/p>\n<p>La plage de Frontignan. Photo fournie\u00a0<\/p>\n<p>&#13;<\/p>\n<p>7. Frontignan-Plage (34)<\/p>\n<p>327 km<\/p>\n<p>Juste \u00e0 l\u2019Est de S\u00e8te, bienvenue \u00e0 Frontignan-Plage, la station baln\u00e9aire de la commune de Frontignan. Cette langue de terre coinc\u00e9e entre l\u2019\u00e9tang d\u2019Ingril et la M\u00e9diterran\u00e9e offre une succession de plages\u00a0: celle des Sarcelles, \u00e0 327 km de Lyon, est la plus proche du village. Au nord, la plage des Aresquiers est plus sauvage. Sa partie ensabl\u00e9e est ouverte \u00e0 tous, celle constitu\u00e9e de galets est r\u00e9serv\u00e9e aux naturistes.<\/p>\n<p>6. Saintes-Maries-de-la-Mer (13)<\/p>\n<p>317 km<\/p>\n<p>    &#13;<br \/>\n    &#13;<br \/>\n    &#13;<br \/>\n    <a href=\"https:\/\/cdn-s-www.leprogres.fr\/images\/c27efdb1-452e-4ba4-9434-75b69539bfd7\/NW_raw\/la-plage-des-saintes-maries-de-la-mer-photo-d-archives-progres-1749739035.jpg\" title=\"La plage des Saintes-Maries-de-la-Mer. Photo d&#039;archives Progr\u00e8s\" class=\"chocolat-image GA-tracking\" data-ga_type=\"click\" data-ga_category=\"D\u00e9tail\" data-ga_action=\"zoomer\" data-ga_label=\"aggrandir image\" target=\"_blank\" rel=\"noopener\">&#13;<br \/>\n        <img src=\"https:\/\/www.europesays.com\/fr\/wp-content\/uploads\/2025\/06\/la-plage-des-saintes-maries-de-la-mer-photo-d-archives-progres-1749739035.jpg\"   alt=\"La plage des Saintes-Maries-de-la-Mer. Photo d'archives Progr\u00e8s\" fetchpriority=\"high\" decoding=\"async\" data-mobile=\"NW_listA_M|1749739035\" data-base=\"NW_listA|1749739035\"\/>&#13;<br \/>\n    <\/a>&#13;<\/p>\n<p>La plage des Saintes-Maries-de-la-Mer. Photo d&rsquo;archives Progr\u00e8s<\/p>\n<p>Retour dans les Bouches-du-Rh\u00f4ne. Au c\u0153ur de la Camargue, les Saintes-Maries-de-la-Mer font partie de ces lieux o\u00f9 le paysage alterne entre \u00e9tangs, plages \u00e0 perte de vue et cabanes de p\u00eacheurs. Au bout d\u2019une longue route et apr\u00e8s 317 km parcourus, vous pourrez faire trempette \u00e0 la plage des Ar\u00e8nes. Pour un peu plus de calme, prenez la direction de la plage ouest. Si vous voulez vous sentir coup\u00e9s du monde, alors la plage Est, qui s\u2019\u00e9tend sur une dizaine de kilom\u00e8tres, est faite pour vous.<\/p>\n<p>5. Carry-le-Rouet (13)<\/p>\n<p>314 km<\/p>\n<p>                                            <img class=\"placeholder-svg\" loading=\"lazy\" decoding=\"async\" src=\"https:\/\/cdn-files.prsmedia.fr\/files\/REDAC\/images\/svg\/placeholders\/youtube.svg\" alt=\"Youtube PlaceHolder\"\/>               <\/p>\n<p>Ce contenu est bloqu\u00e9 car vous n&rsquo;avez pas accept\u00e9 les cookies et autres traceurs.<\/p>\n<p>En cliquant sur \u00ab J\u2019accepte \u00bb, les cookies et autres traceurs seront d\u00e9pos\u00e9s et vous pourrez visualiser les contenus  (<a href=\"\" class=\"consentModule_policy\" target=\"_blank\" title=\"Consulter la politique de protection des donn\u00e9es du fournisseur\">plus d&rsquo;informations<\/a>).<\/p>\n<p>En cliquant sur \u00ab J\u2019accepte tous les cookies \u00bb, vous autorisez des d\u00e9p\u00f4ts de cookies et autres traceurs pour le stockage de vos donn\u00e9es sur nos sites et applications \u00e0 des fins de personnalisation et de ciblage publicitaire.<\/p>\n<p class=\"consentModule_secondaryText\">Vous gardez la possibilit\u00e9 de retirer votre consentement \u00e0 tout moment en consultant notre <a href=\"https:\/\/www.leprogres.fr\/protection-des-donnees\" target=\"_blank\" title=\"Consulter notre politique de protection des donn\u00e9es\" rel=\"noopener\">politique de protection des donn\u00e9es<\/a>. <br \/>&#13;<br \/>\n            <a href=\"https:\/\/www.leprogres.fr\/societe\/2025\/06\/29\/javascript:Didomi.notice.show()\" class=\"consentModule_cmp\" target=\"_blank\" rel=\"noopener\">G\u00e9rer mes choix<\/a>&#13;\n        <\/p>\n<p>&#13;<br \/>\n                        J&rsquo;accepte&#13;<br \/>\n            J&rsquo;accepte tous les cookies&#13;\n        <\/p>\n<p>On revient sur la C\u00f4te Bleue, \u00e0 l\u2019ouest de Marseille. Destination Carry-le-Rouet, commune de bord de mer o\u00f9 l\u2019animateur Jean-Pierre Foucault a acquis une villa il y a 35 ans. Il faut dire que la commune a de quoi s\u00e9duire avec ses calanques bleu azur et son paisible port de plaisance. Tout aussi minuscule soit-elle, la plage du Rouet, \u00e0 l\u2019Est du village, a l\u2019avantage de n\u2019\u00eatre situ\u00e9e qu\u2019\u00e0 314 km de Lyon. On appr\u00e9cie son cadre enchanteur. Bonus\u00a0: on y aper\u00e7oit au loin les \u00eeles du Frioul.<\/p>\n<p>4. Palavas-les-Flots (34)<\/p>\n<p>310 km<\/p>\n<p>    &#13;<br \/>\n    &#13;<br \/>\n    &#13;<br \/>\n    <a href=\"https:\/\/cdn-s-www.leprogres.fr\/images\/9cb39bc4-993a-482a-8823-59b88097c786\/NW_raw\/la-plage-de-palavas-les-flots-on-a-deja-envie-de-s-y-prelasser-photo-d-archives-richard-mouillaud-1749743749.jpg\" title=\"La plage de Palavas-les-Flots, on a d\u00e9j\u00e0 envie de s&#039;y pr\u00e9lasser. Photo d&#039;archives Richard Mouillaud\" class=\"chocolat-image GA-tracking\" data-ga_type=\"click\" data-ga_category=\"D\u00e9tail\" data-ga_action=\"zoomer\" data-ga_label=\"aggrandir image\" target=\"_blank\" rel=\"noopener\">&#13;<br \/>\n        <img src=\"https:\/\/www.europesays.com\/fr\/wp-content\/uploads\/2025\/06\/la-plage-de-palavas-les-flots-on-a-deja-envie-de-s-y-prelasser-photo-d-archives-richard-mouillaud-17.jpeg\"   alt=\"La plage de Palavas-les-Flots, on a d\u00e9j\u00e0 envie de s'y pr\u00e9lasser. Photo d'archives Richard Mouillaud\" fetchpriority=\"high\" decoding=\"async\" data-mobile=\"NW_listA_M|1749743749\" data-base=\"NW_listA|1749743749\"\/>&#13;<br \/>\n    <\/a>&#13;<\/p>\n<p>La plage de Palavas-les-Flots, on a d\u00e9j\u00e0 envie de s&rsquo;y pr\u00e9lasser. Photo d&rsquo;archives Richard Mouillaud<\/p>\n<p>On retourne dans l\u2019H\u00e9rault, avec une station baln\u00e9aire bien connue de la M\u00e9diterran\u00e9e. Avec ses plages, ses campings et ses r\u00e9sidences de vacances, Palavas-les-Flots est une destination pris\u00e9e par les Lyonnais. Et on les comprend\u00a0: seuls 310 km s\u00e9parent Lyon de ses plages. Parmi elles, citons la plage de l\u2019H\u00f4tel de ville, juste \u00e0 c\u00f4t\u00e9 du centre-ville, ou la plage Rive droite, derri\u00e8re le port de plaisance.<\/p>\n<p>                                            <img class=\"placeholder-svg\" loading=\"lazy\" decoding=\"async\" src=\"https:\/\/cdn-files.prsmedia.fr\/files\/REDAC\/images\/svg\/placeholders\/youtube.svg\" alt=\"Youtube PlaceHolder\"\/>               <\/p>\n<p>Ce contenu est bloqu\u00e9 car vous n&rsquo;avez pas accept\u00e9 les cookies et autres traceurs.<\/p>\n<p>En cliquant sur \u00ab J\u2019accepte \u00bb, les cookies et autres traceurs seront d\u00e9pos\u00e9s et vous pourrez visualiser les contenus  (<a href=\"\" class=\"consentModule_policy\" target=\"_blank\" title=\"Consulter la politique de protection des donn\u00e9es du fournisseur\">plus d&rsquo;informations<\/a>).<\/p>\n<p>En cliquant sur \u00ab J\u2019accepte tous les cookies \u00bb, vous autorisez des d\u00e9p\u00f4ts de cookies et autres traceurs pour le stockage de vos donn\u00e9es sur nos sites et applications \u00e0 des fins de personnalisation et de ciblage publicitaire.<\/p>\n<p class=\"consentModule_secondaryText\">Vous gardez la possibilit\u00e9 de retirer votre consentement \u00e0 tout moment en consultant notre <a href=\"https:\/\/www.leprogres.fr\/protection-des-donnees\" target=\"_blank\" title=\"Consulter notre politique de protection des donn\u00e9es\" rel=\"noopener\">politique de protection des donn\u00e9es<\/a>. <br \/>&#13;<br \/>\n            <a href=\"https:\/\/www.leprogres.fr\/societe\/2025\/06\/29\/javascript:Didomi.notice.show()\" class=\"consentModule_cmp\" target=\"_blank\" rel=\"noopener\">G\u00e9rer mes choix<\/a>&#13;\n        <\/p>\n<p>&#13;<br \/>\n                        J&rsquo;accepte&#13;<br \/>\n            J&rsquo;accepte tous les cookies&#13;\n        <\/p>\n<p>On arrive sur le podium de notre classement. Juste \u00e0 c\u00f4t\u00e9 de Palavas, faisons une halte \u00e0 Carnon, la station baln\u00e9aire de la commune de Mauguio. Cern\u00e9 par deux vastes \u00e9tangs et la M\u00e9diterran\u00e9e, Carnon abrite un vaste port de plaisance et de longues plages de part et d\u2019autre de la jet\u00e9e. La plus r\u00e9put\u00e9e est celle du Petit Travers, sauvage, \u00e0 l\u2019\u00e9cart des habitations. On l\u2019atteint au bout de 305 km de route.<\/p>\n<p>2. Le Grau-du-Roi (30)<\/p>\n<p>298 km<\/p>\n<p>    &#13;<br \/>\n    &#13;<br \/>\n    &#13;<br \/>\n    <a href=\"https:\/\/cdn-s-www.leprogres.fr\/images\/ec6ec078-8b72-48b6-82b9-d4b0cb86eb41\/NW_raw\/la-reposante-plage-de-l-espiguette-au-grau-du-roi-photo-joel-philippon-1749746048.jpg\" title=\"La reposante plage de l&#039;Espiguette, au Grau-du-Roi. Photo Jo\u00ebl Philippon\" class=\"chocolat-image GA-tracking\" data-ga_type=\"click\" data-ga_category=\"D\u00e9tail\" data-ga_action=\"zoomer\" data-ga_label=\"aggrandir image\" target=\"_blank\" rel=\"noopener\">&#13;<br \/>\n        <img src=\"https:\/\/www.europesays.com\/fr\/wp-content\/uploads\/2025\/06\/la-reposante-plage-de-l-espiguette-au-grau-du-roi-photo-joel-philippon-1749746048.jpg\"   alt=\"La reposante plage de l'Espiguette, au Grau-du-Roi. Photo Jo\u00ebl Philippon\" fetchpriority=\"high\" decoding=\"async\" data-mobile=\"NW_listA_M|1749746048\" data-base=\"NW_listA|1749746048\"\/>&#13;<br \/>\n    <\/a>&#13;<\/p>\n<p>La reposante plage de l&rsquo;Espiguette, au Grau-du-Roi. Photo Jo\u00ebl Philippon<\/p>\n<p>Direction le Gard pour la deuxi\u00e8me place du classement, avec une station baln\u00e9aire qui ne manque pas de plages. Le Grau-du-Roi est l\u2019un des lieux de pr\u00e9dilection des Lyonnais pour les vacances. Et on les comprend, le village camarguais a de quoi s\u00e9duire\u00a0: le village, travers\u00e9 par le canal du Rh\u00f4ne \u00e0 S\u00e8te, est entour\u00e9 d\u2019\u00e9tangs et r\u00e9put\u00e9 pour sa vie nocturne. Apr\u00e8s 298 km, vous atteindrez la grande plage du Boucanet. Pour les adeptes de calme, la plage de l\u2019Espiguette, au sud, s\u2019\u00e9tend sur 18 km. Ses dunes \u00e0 perte de vue en font un lieu sauvage appr\u00e9ci\u00e9 des vacanciers.<\/p>\n<p>1. La Grande-Motte (34)<\/p>\n<p>294 km<\/p>\n<ul class=\"galerieContent carousel-wrapper__slides\" id=\"0f4d442a-e5a5-450d-aaad-a0ac685e15cc\">        &#13;<\/p>\n<li class=\"carousel-wrapper__slides--slide item\" id=\"slide-1\">&#13;<br \/>\n                                    &#13;<br \/>\n                        <a class=\"chocolat-image GA-tracking\" data-ga_type=\"click\" data-ga_category=\"D\u00e9tail\" data-ga_action=\"zoomer\" data-ga_label=\"aggrandir image\" href=\"https:\/\/cdn-s-www.leprogres.fr\/images\/5c42ea44-0c56-4a50-808e-00d7ec61bc3d\/NW_raw\/la-plage-de-la-grande-motte-en-2006-photo-richard-mouillaud-1749746665.jpg\" title=\"La plage de la Grande-Motte, en 2006.\u00a0Photo Richard Mouillaud\" target=\"_blank\" rel=\"noopener\">&#13;<br \/>\n                            <img decoding=\"async\" src=\"https:\/\/www.europesays.com\/fr\/wp-content\/uploads\/2025\/06\/la-plage-de-la-grande-motte-en-2006-photo-richard-mouillaud-1749746665.jpg\"   alt=\"La plage de la Grande-Motte, en 2006.\u00a0Photo Richard Mouillaud\" fetchpriority=\"high\" data-mobile=\"NW_listA_M|1749746665\" data-base=\"NW_listA|1749746665\"\/>&#13;<br \/>\n                        <\/a>&#13;<\/p>\n<p>La plage de la Grande-Motte, en 2006.\u00a0Photo Richard Mouillaud<\/p>\n<p>                        &#13;<br \/>\n                                           &#13;\n                <\/li>\n<p>&#13;<br \/>\n            &#13;<\/p>\n<li class=\"carousel-wrapper__slides--slide item slideWithPub\" id=\"slide-2\">&#13;<br \/>\n                        &#13;<br \/>\n                            <a class=\"chocolat-image\" title=\"Publicit\u00e9\" href=\"data:image\/gif;base64,R0lGODlhAQABAAD\/ACwAAAAAAQABAAACADs=\">&#13;<br \/>\n                                <img decoding=\"async\" src=\"data:image\/gif;base64,R0lGODlhAQABAAD\/ACwAAAAAAQABAAACADs=\" alt=\"Publicit\u00e9\" loading=\"lazy\" fetchpriority=\"low\"\/>&#13;<br \/>\n                            <\/a>&#13;<br \/>\n                        &#13;\n                    <\/li>\n<p>&#13;<\/p>\n<li class=\"carousel-wrapper__slides--slide item\" id=\"slide-3\">&#13;<br \/>\n                                    &#13;<br \/>\n                        <a class=\"chocolat-image GA-tracking\" data-ga_type=\"click\" data-ga_category=\"D\u00e9tail\" data-ga_action=\"zoomer\" data-ga_label=\"aggrandir image\" href=\"https:\/\/cdn-s-www.leprogres.fr\/images\/19b6ff4e-48dd-4d52-8ca9-d65f5f73a98c\/NW_raw\/une-des-plages-de-la-grande-motte-avec-en-toile-de-fond-les-immeubles-typiques-en-forme-de-pyramides-photo-d-archives-progres-1749746048.jpg\" title=\"Une des plages de la Grande Motte, avec en toile de fond, les immeubles typiques en forme de pyramides. Photo d&#039;archives Progr\u00e8s\" target=\"_blank\" rel=\"noopener\">&#13;<br \/>\n                            <img decoding=\"async\" src=\"https:\/\/www.europesays.com\/fr\/wp-content\/uploads\/2025\/06\/une-des-plages-de-la-grande-motte-avec-en-toile-de-fond-les-immeubles-typiques-en-forme-de-pyramides.jpeg\"   alt=\"Une des plages de la Grande Motte, avec en toile de fond, les immeubles typiques en forme de pyramides. Photo d'archives Progr\u00e8s\" loading=\"lazy\" fetchpriority=\"low\" data-mobile=\"NW_listA_M|1749746048\" data-base=\"NW_listA|1749746048\"\/>&#13;<br \/>\n                        <\/a>&#13;<\/p>\n<p>Une des plages de la Grande Motte, avec en toile de fond, les immeubles typiques en forme de pyramides. Photo d&rsquo;archives Progr\u00e8s<\/p>\n<p>                        &#13;<br \/>\n                                           &#13;\n                <\/li>\n<p>&#13;<br \/>\n            &#13;\n                <\/ul>\n<p>Tous les Lyonnais la connaissent. Chaque \u00e9t\u00e9, ils sont nombreux \u00e0 prendre la direction de la Grande Motte, s\u00e9duits par ses longues plages de sable. Pas \u00e9tonnant, la station baln\u00e9aire de l\u2019H\u00e9rault est la plus proche de Lyon\u00a0: 294 km (et 3 heures de route sans bouchons) s\u00e9parent la capitale des Gaules de sa petite plage du Centre-ville. Si vous aimez les plus grands espaces, la plage du Couchant est faite pour vous. Parfois d\u00e9cri\u00e9e pour son architecture -ses fameux immeubles en forme de pyramide-, la station entretient la r\u00e9putation d\u2019\u00eatre celle o\u00f9 l\u2019on croise les Lyonnais en vacances.<\/p>\n<p class=\"insetTitle\">La plage qu&rsquo;on n&rsquo;a pas os\u00e9 classer : Fos-sur-Mer (13)<\/p>\n<p>Elle aurait d\u00fb appara\u00eetre dans ce classement, mais on vous l\u2019a \u00e9pargn\u00e9. Dans les Bouches-du-Rh\u00f4ne, Fos-sur-Mer poss\u00e8de quelques plages, mais leur cadre n\u2019est pas des plus s\u00e9duisants. La plus grande d\u2019entre elles, la plage du Cavaou, (\u00e0 307 km de Lyon) est situ\u00e9e au milieu des d\u00e9p\u00f4ts p\u00e9troliers et offre une vue plongeante sur les immenses chemin\u00e9es des entreprises m\u00e9tallurgiques, tandis que des porte-containers mouillent \u00e0 l\u2019horizon. <\/p>\n<p>Si vous voulez vraiment profiter de Fos-sur-Mer, la Grande Plage est un peu plus agr\u00e9able, m\u00eame si le paysage reste loin d\u2019\u00eatre le plus beau de la M\u00e9diterran\u00e9e.<\/p>\n","protected":false},"excerpt":{"rendered":"Pour \u00e9chapper \u00e0 la fournaise lyonnaise et \u00e0 votre salon devenu \u00e9touffant \u00e0 cause de ce soleil qui&hellip;\n","protected":false},"author":2,"featured_media":212503,"comment_status":"","ping_status":"","sticky":false,"template":"","format":"standard","meta":{"footnotes":""},"categories":[1889],"tags":[1111,11,2430,1687,3152,2757,3153,3154,3155,3156,1777,674,107,1011,27,2428,12,25,2429,273,104,602,2803],"class_list":{"0":"post-212502","1":"post","2":"type-post","3":"status-publish","4":"format-standard","5":"has-post-thumbnail","7":"category-lyon","8":"tag-actu","9":"tag-actualites","10":"tag-auvergne-rhone-alpes","11":"tag-culture-loisirs","12":"tag-edition-est-lyonnais","13":"tag-edition-lyon-villeurbanne","14":"tag-edition-ouest-lyonnais","15":"tag-edition-sud-lyonnais","16":"tag-edition-tarare","17":"tag-edition-villefranche","18":"tag-eu","19":"tag-europe","20":"tag-fil-info","21":"tag-fr","22":"tag-france","23":"tag-lyon","24":"tag-news","25":"tag-republique-francaise","26":"tag-rhone","27":"tag-selection-de-la-redaction","28":"tag-societe","29":"tag-tourisme","30":"tag-transport"},"share_on_mastodon":{"url":"https:\/\/pubeurope.com\/@fr\/114764840741307988","error":""},"_links":{"self":[{"href":"https:\/\/www.europesays.com\/fr\/wp-json\/wp\/v2\/posts\/212502","targetHints":{"allow":["GET"]}}],"collection":[{"href":"https:\/\/www.europesays.com\/fr\/wp-json\/wp\/v2\/posts"}],"about":[{"href":"https:\/\/www.europesays.com\/fr\/wp-json\/wp\/v2\/types\/post"}],"author":[{"embeddable":true,"href":"https:\/\/www.europesays.com\/fr\/wp-json\/wp\/v2\/users\/2"}],"replies":[{"embeddable":true,"href":"https:\/\/www.europesays.com\/fr\/wp-json\/wp\/v2\/comments?post=212502"}],"version-history":[{"count":0,"href":"https:\/\/www.europesays.com\/fr\/wp-json\/wp\/v2\/posts\/212502\/revisions"}],"wp:featuredmedia":[{"embeddable":true,"href":"https:\/\/www.europesays.com\/fr\/wp-json\/wp\/v2\/media\/212503"}],"wp:attachment":[{"href":"https:\/\/www.europesays.com\/fr\/wp-json\/wp\/v2\/media?parent=212502"}],"wp:term":[{"taxonomy":"category","embeddable":true,"href":"https:\/\/www.europesays.com\/fr\/wp-json\/wp\/v2\/categories?post=212502"},{"taxonomy":"post_tag","embeddable":true,"href":"https:\/\/www.europesays.com\/fr\/wp-json\/wp\/v2\/tags?post=212502"}],"curies":[{"name":"wp","href":"https:\/\/api.w.org\/{rel}","templated":true}]}}