{"id":212504,"date":"2025-06-29T04:47:09","date_gmt":"2025-06-29T04:47:09","guid":{"rendered":"https:\/\/www.europesays.com\/fr\/212504\/"},"modified":"2025-06-29T04:47:09","modified_gmt":"2025-06-29T04:47:09","slug":"voici-les-conseils-et-astuces-pour-bien-preparer-son-voyage-au-depart-de-laeroport-de-lyon","status":"publish","type":"post","link":"https:\/\/www.europesays.com\/fr\/212504\/","title":{"rendered":"Voici les conseils et astuces pour bien pr\u00e9parer son voyage au d\u00e9part de l&rsquo;a\u00e9roport de Lyon"},"content":{"rendered":"<p>            Par<br \/>\n        <strong><br \/>\n            <a href=\"https:\/\/actu.fr\/auteur\/ludivine-caporal\" title=\"Consulter tous les articles de Ludivine Caporal\" target=\"_blank\" rel=\"noopener\">Ludivine Caporal<\/a><br \/>\n        <\/strong><\/p>\n<p>        Publi\u00e9 le<\/p>\n<p>            29 juin 2025 \u00e0 6h28        <\/p>\n<p>\u00ab\u00a0Les passagers sont attendus en nombre pour la p\u00e9riode estivale, notamment pour des voyages vers la Su\u00e8de, La R\u00e9union, le Canada, les Emirats, la Mac\u00e9doine du Nord, le Maroc, l\u2019Italie ou encore l\u2019Angleterre\u00a0\u00bb, assure <a href=\"https:\/\/actu.fr\/tag\/aeroport-lyon-saint-exupery\" target=\"_blank\" rel=\"noopener\">l\u2019a\u00e9roport de Lyon Saint-Exup\u00e9ry<\/a>.<\/p>\n<p class=\" wall-content\">Pour le lancement des grandes vacances, celui-ci d\u00e9voile ainsi quelques conseils et astuces afin de \u00ab\u00a0faciliter\u00a0\u00bb l\u2019exp\u00e9rience des voyageurs, <strong>de la r\u00e9servation \u00e0 l\u2019embarquement.<\/strong><\/p>\n<p>R\u00e9server son cr\u00e9neau de passage, sa place de parking\u2026<\/p>\n<p class=\" wall-content\">Pour \u00ab\u00a0partir serein\u00a0\u00bb, l\u2019a\u00e9roport de Lyon met en avant plusieurs \u00ab\u00a0solutions\u00a0\u00bb :\u00a0<\/p>\n<ul class=\" wall-content\">\n<li>r\u00e9server son cr\u00e9neau au contr\u00f4le de s\u00e9curit\u00e9 sur ZenLine au moins 24h avant le vol pour se rassurer sur la rapidit\u00e9 de son passage<\/li>\n<li>r\u00e9server sa place de parking au plus tard 2 heures avant son vol pour \u00ab\u00a0garantir son stationnement sur l\u2019un des 8 parkings\u00a0\u00bb disponibles<\/li>\n<li>r\u00e9server un stationnement robotis\u00e9 avec le <strong>robot-voiturier<\/strong> sur le parking P5, un robot autonome qui r\u00e9cup\u00e8re votre v\u00e9hicule, le stationne dans un box, et le remet \u00e0 disposition lors de votre retour<\/li>\n<li>utiliser le <a href=\"https:\/\/actu.fr\/auvergne-rhone-alpes\/colombier-saugnieu_69299\/aeroport-de-lyon-cette-nouveaute-ultra-futuriste-arrive-les-passagers-vont-etre-etonnes_62461632.html\" target=\"_blank\" rel=\"noopener\">nouvel agent virtuel<\/a> disponible sur la Place des Lumi\u00e8res en zone r\u00e9serv\u00e9e et en salle d\u2019arriv\u00e9e bagages en cas de question<\/li>\n<li>anticiper ses achats via les offres du Duty Free en ligne sur le site internet<\/li>\n<\/ul>\n<p class=\" wall-content\">Pour rappel, en plus de la voiture, il est possible de se rendre \u00e0 Saint-Exup\u00e9ry <a href=\"https:\/\/actu.fr\/auvergne-rhone-alpes\/lyon_69123\/aller-a-l-aeroport-de-lyon-en-bus-tcl-on-a-teste-cette-alternative-au-rhonexpress_60895811.html\" target=\"_blank\" rel=\"noopener\">via les TCL<\/a> ou le <a href=\"https:\/\/actu.fr\/auvergne-rhone-alpes\/lyon_69123\/tcl-le-prix-du-rhonexpress-vers-l-aeroport-de-lyon-augmente-en-2025-voici-les-tarifs_61897100.html\" target=\"_blank\" rel=\"noopener\">Rh\u00f4nexpress<\/a>. Le co\u00fbt et le temps de chaque transport ne seront tout simplement pas les m\u00eames !<\/p>\n<p>Vid\u00e9os : en ce moment sur Actu<\/p>\n<p class=\" wall-content\">Suivez toute l\u2019actualit\u00e9 de vos villes et m\u00e9dias favoris en vous inscrivant \u00e0 <a href=\"https:\/\/moncompte.actu.fr\" title=\"D\u00e9couvez Mon Actu\" rel=\"nofollow noopener\" data-trk=\"{&quot;cta&quot;:{&quot;action&quot;:&quot;https:\\\/\\\/moncompte.actu.fr&quot;,&quot;category&quot;:&quot;mon compte&quot;,&quot;from&quot;:&quot;article footer&quot;,&quot;name&quot;:&quot;Mon actu&quot;,&quot;type&quot;:&quot;cta&quot;}}\" target=\"_blank\">Mon Actu<\/a>.<\/p>\n","protected":false},"excerpt":{"rendered":"Par Ludivine Caporal Publi\u00e9 le 29 juin 2025 \u00e0 6h28 \u00ab\u00a0Les passagers sont attendus en nombre pour la&hellip;\n","protected":false},"author":2,"featured_media":212505,"comment_status":"","ping_status":"","sticky":false,"template":"","format":"standard","meta":{"footnotes":""},"categories":[1889],"tags":[1111,11,12526,2430,1777,674,1011,27,2428,12,25,104,602,586],"class_list":{"0":"post-212504","1":"post","2":"type-post","3":"status-publish","4":"format-standard","5":"has-post-thumbnail","7":"category-lyon","8":"tag-actu","9":"tag-actualites","10":"tag-aeroport-lyon-saint-exupery","11":"tag-auvergne-rhone-alpes","12":"tag-eu","13":"tag-europe","14":"tag-fr","15":"tag-france","16":"tag-lyon","17":"tag-news","18":"tag-republique-francaise","19":"tag-societe","20":"tag-tourisme","21":"tag-voyage"},"share_on_mastodon":{"url":"https:\/\/pubeurope.com\/@fr\/114764844115830353","error":""},"_links":{"self":[{"href":"https:\/\/www.europesays.com\/fr\/wp-json\/wp\/v2\/posts\/212504","targetHints":{"allow":["GET"]}}],"collection":[{"href":"https:\/\/www.europesays.com\/fr\/wp-json\/wp\/v2\/posts"}],"about":[{"href":"https:\/\/www.europesays.com\/fr\/wp-json\/wp\/v2\/types\/post"}],"author":[{"embeddable":true,"href":"https:\/\/www.europesays.com\/fr\/wp-json\/wp\/v2\/users\/2"}],"replies":[{"embeddable":true,"href":"https:\/\/www.europesays.com\/fr\/wp-json\/wp\/v2\/comments?post=212504"}],"version-history":[{"count":0,"href":"https:\/\/www.europesays.com\/fr\/wp-json\/wp\/v2\/posts\/212504\/revisions"}],"wp:featuredmedia":[{"embeddable":true,"href":"https:\/\/www.europesays.com\/fr\/wp-json\/wp\/v2\/media\/212505"}],"wp:attachment":[{"href":"https:\/\/www.europesays.com\/fr\/wp-json\/wp\/v2\/media?parent=212504"}],"wp:term":[{"taxonomy":"category","embeddable":true,"href":"https:\/\/www.europesays.com\/fr\/wp-json\/wp\/v2\/categories?post=212504"},{"taxonomy":"post_tag","embeddable":true,"href":"https:\/\/www.europesays.com\/fr\/wp-json\/wp\/v2\/tags?post=212504"}],"curies":[{"name":"wp","href":"https:\/\/api.w.org\/{rel}","templated":true}]}}