{"id":212506,"date":"2025-06-29T04:50:17","date_gmt":"2025-06-29T04:50:17","guid":{"rendered":"https:\/\/www.europesays.com\/fr\/212506\/"},"modified":"2025-06-29T04:50:17","modified_gmt":"2025-06-29T04:50:17","slug":"psg-inter-miami-la-composition-probable-de-paris-avec-dembele-sur-le-banc","status":"publish","type":"post","link":"https:\/\/www.europesays.com\/fr\/212506\/","title":{"rendered":"PSG-Inter Miami\u00a0: la composition probable de Paris avec Demb\u00e9l\u00e9 sur le banc\u00a0?"},"content":{"rendered":"<p class=\"paragraph text_align_left lp-f-body-02\">Les choses s\u00e9rieuses commencent. Six jours apr\u00e8s avoir empoch\u00e9 la premi\u00e8re place du Groupe B,<a href=\"https:\/\/www.leparisien.fr\/sports\/football\/psg\/\" target=\"_self\" rel=\"nofollow noopener\"> le PSG <\/a>affronte <a href=\"https:\/\/www.leparisien.fr\/sports\/football\/coupe-du-monde-des-clubs\/psg-inter-miami-defiance-emotion-amitie-entre-luis-enrique-et-messi-dix-ans-de-relation-hors-du-commun-28-06-2025-FLO6FYTNKJAVVHY5VSPYOBIJ4U.php\" target=\"_blank\" rel=\"nofollow noopener\">l\u2019Inter Miami de Lionel Messi<\/a>, ce dimanche \u00e0 Atlanta (18 heures, midi heure locale), dans le cadre des 8es de finale de la Coupe du monde des clubs. Des retrouvailles forc\u00e9ment excitantes entre Paris et l\u2019Argentin qui n\u2019a pas laiss\u00e9 un souvenir imp\u00e9rissable de son passage dans la capitale entre 2021 et 2023.<\/p>\n<p class=\"paragraph text_align_left lp-f-body-02\">Pour d\u00e9fier l\u2019\u00e9quipe de l\u2019octuple Ballon d\u2019Or, au Mercedes-Benz Stadium (71 000 places) d\u2019Atlanta, Luis Enrique va pouvoir compter sur le retour d\u2019Ousmane Demb\u00e9l\u00e9, remis de sa blessure musculaire \u00e0 la cuisse contract\u00e9e en \u00e9quipe de France. Un doute entoure encore la pr\u00e9sence du num\u00e9ro 10 au coup d\u2019envoi, apr\u00e8s avoir manqu\u00e9 les trois premi\u00e8res rencontres.<\/p>\n<p class=\"paragraph text_align_left lp-f-body-02\">S\u2019il d\u00e9marrait sur la touche, Khvicha Kvaratskhelia pourrait se voir confier la pointe de l\u2019attaque pour permettre \u00e0 Bradley Barcola de retrouver une place de titulaire sur l\u2019aile gauche. D\u00e9sir\u00e9 Dou\u00e9 devrait compl\u00e9ter le trio offensif.<\/p>\n<p class=\"paragraph text_align_left lp-f-body-02\">Pour le reste, il n\u2019y aura sans doute pas de surprise. Apr\u00e8s avoir lanc\u00e9 <a href=\"https:\/\/www.leparisien.fr\/sports\/football\/coupe-du-monde-des-clubs\/une-celebration-virale-des-buts-qui-senchainent-senny-mayulu-le-gamin-du-psg-en-plein-reve-eveille-18-06-2025-BBDKGSRYXZHSLIQOEWKPVF7TV4.php\" target=\"_blank\" rel=\"nofollow noopener\">le jeune Senny Mayulu contre Botafogo et Seattle,<\/a> Luis Enrique devrait opter pour son habituel trio au milieu avec Jo\u00e3o Neves, Vitinha et Fabian Ruiz. De la droite vers la gauche, Achraf Hakimi, Marquinhos, Willian Pacho et Nuno Mendes formeront le quatuor en d\u00e9fense, devant Gianluigi Donnarumma qui a disput\u00e9 tous les matchs jusqu\u2019\u00e0 pr\u00e9sent.<\/p>\n<p class=\"paragraph text_align_left lp-f-body-02\"><b>La compo probable du PSG :<\/b> Donnarumma \u2013 Hakimi, Marquinhos (cap.), Pacho, Mendes \u2013 Neves, Vitinha, Ruiz \u2013 Dou\u00e9, Kvaratskhelia, Barcola.<\/p>\n","protected":false},"excerpt":{"rendered":"Les choses s\u00e9rieuses commencent. Six jours apr\u00e8s avoir empoch\u00e9 la premi\u00e8re place du Groupe B, le PSG affronte&hellip;\n","protected":false},"author":2,"featured_media":212507,"comment_status":"","ping_status":"","sticky":false,"template":"","format":"standard","meta":{"footnotes":""},"categories":[1888],"tags":[1111,1928,11,1927,7151,1777,674,63,1011,27,12,1926,626,1925,25,60],"class_list":{"0":"post-212506","1":"post","2":"type-post","3":"status-publish","4":"format-standard","5":"has-post-thumbnail","7":"category-paris","8":"tag-actu","9":"tag-actu-paris","10":"tag-actualites","11":"tag-actualites-paris","12":"tag-coupe-du-monde-des-clubs","13":"tag-eu","14":"tag-europe","15":"tag-football","16":"tag-fr","17":"tag-france","18":"tag-news","19":"tag-news-paris","20":"tag-paris","21":"tag-paris-news","22":"tag-republique-francaise","23":"tag-sports"},"share_on_mastodon":{"url":"https:\/\/pubeurope.com\/@fr\/114764855608966470","error":""},"_links":{"self":[{"href":"https:\/\/www.europesays.com\/fr\/wp-json\/wp\/v2\/posts\/212506","targetHints":{"allow":["GET"]}}],"collection":[{"href":"https:\/\/www.europesays.com\/fr\/wp-json\/wp\/v2\/posts"}],"about":[{"href":"https:\/\/www.europesays.com\/fr\/wp-json\/wp\/v2\/types\/post"}],"author":[{"embeddable":true,"href":"https:\/\/www.europesays.com\/fr\/wp-json\/wp\/v2\/users\/2"}],"replies":[{"embeddable":true,"href":"https:\/\/www.europesays.com\/fr\/wp-json\/wp\/v2\/comments?post=212506"}],"version-history":[{"count":0,"href":"https:\/\/www.europesays.com\/fr\/wp-json\/wp\/v2\/posts\/212506\/revisions"}],"wp:featuredmedia":[{"embeddable":true,"href":"https:\/\/www.europesays.com\/fr\/wp-json\/wp\/v2\/media\/212507"}],"wp:attachment":[{"href":"https:\/\/www.europesays.com\/fr\/wp-json\/wp\/v2\/media?parent=212506"}],"wp:term":[{"taxonomy":"category","embeddable":true,"href":"https:\/\/www.europesays.com\/fr\/wp-json\/wp\/v2\/categories?post=212506"},{"taxonomy":"post_tag","embeddable":true,"href":"https:\/\/www.europesays.com\/fr\/wp-json\/wp\/v2\/tags?post=212506"}],"curies":[{"name":"wp","href":"https:\/\/api.w.org\/{rel}","templated":true}]}}