{"id":21251,"date":"2025-04-13T03:29:15","date_gmt":"2025-04-13T03:29:15","guid":{"rendered":"https:\/\/www.europesays.com\/fr\/21251\/"},"modified":"2025-04-13T03:29:15","modified_gmt":"2025-04-13T03:29:15","slug":"aviez-vous-repere-ces-objets-de-design-culte","status":"publish","type":"post","link":"https:\/\/www.europesays.com\/fr\/21251\/","title":{"rendered":"aviez-vous rep\u00e9r\u00e9 ces objets de design culte\u00a0?"},"content":{"rendered":"<p>                    <b>La s\u00e9rie Severance, diffus\u00e9e sur Apple TV+, se distingue par son esth\u00e9tique visuelle tr\u00e8s singuli\u00e8re, m\u00ealant des \u00e9l\u00e9ments de design du si\u00e8cle dernier \u00e0 une atmosph\u00e8re r\u00e9tro-futuriste. Cette approche conf\u00e8re aux d\u00e9cors une ambiance \u00e0 la fois famili\u00e8re et d\u00e9rangeante, renfor\u00e7ant le caract\u00e8re \u00e9nigmatique de l\u2019intrigue. Plusieurs pi\u00e8ces de design embl\u00e9matiques y sont mises en avant, contribuant \u00e0 l\u2019identit\u00e9 visuelle unique de la s\u00e9rie.<\/b><\/p>\n<p>                                                                                                                                                        <img decoding=\"async\" src=\"https:\/\/www.europesays.com\/fr\/wp-content\/uploads\/2025\/04\/87d36a5bf4_appletv-severance.webp.webp\" alt=\"AppleTV Severance\" width=\"1200\" height=\"496\" loading=\"lazy\"\/>        <\/p>\n<p>Le fauteuil 620 de Dieter Rams<\/p>\n<p>Con\u00e7u <b>en 1962 par le designer allemand Dieter Rams pour Vits\u0153<\/b>, le fauteuil 620 est un exemple parfait de design modulaire et minimaliste. Dans Severance, ce fauteuil est utilis\u00e9 dans les espaces de Lumon Industries, refl\u00e9tant l\u2019esth\u00e9tique \u00e9pur\u00e9e et fonctionnelle de l\u2019entreprise fictive. La pr\u00e9sence de ce fauteuil souligne l\u2019influence du design industriel allemand des ann\u00e9es 1960 dans la s\u00e9rie.<\/p>\n<p>                                                                                                                                                        <img decoding=\"async\" src=\"https:\/\/www.europesays.com\/fr\/wp-content\/uploads\/2025\/04\/5f88f588c9_severance-aviez-vous-repere-les-pieces-de-design-culte.webp.webp\" alt=\"Severance\u00a0: aviez-vous rep\u00e9r\u00e9 ces objets de design culte\u00a0?\" width=\"1200\" height=\"468\" loading=\"lazy\"\/>        <\/p>\n<p>Le syst\u00e8me hi-fi mural de Braun<\/p>\n<p>Autre cr\u00e9ation embl\u00e9matique de <b>Dieter Rams, le syst\u00e8me hi-fi mural de Braun<\/b>, connu sous le nom de <b>Wandanlage<\/b>, est apparu en 1965. Ce syst\u00e8me combine une platine vinyle, une radio et des enceintes dans un design \u00e9pur\u00e9 et fonctionnel. Dans Severance, cet ensemble est int\u00e9gr\u00e9 aux d\u00e9cors pour renforcer l\u2019atmosph\u00e8re r\u00e9tro-futuriste et minimaliste des espaces de Lumon Industries.<\/p>\n<p>                                                                                                                                                        <img decoding=\"async\" src=\"https:\/\/www.europesays.com\/fr\/wp-content\/uploads\/2025\/04\/08d5e20988_severance-aviez-vous-repere-les-pieces-de-design-culte.webp.webp\" alt=\"Severance\u00a0: aviez-vous rep\u00e9r\u00e9 ces objets de design culte\u00a0?\" width=\"1200\" height=\"672\" loading=\"lazy\"\/>        <\/p>\n<p>Le fauteuil Fardos de Ricardo Fasanello<\/p>\n<p>Le <b>fauteuil Fardos, con\u00e7u en 1971 par le designer br\u00e9silien Ricardo Fasanello<\/b>, est compos\u00e9 de trois grands rouleaux de mousse maintenus ensemble par des sangles. Ce design audacieux et confortable est visible dans le bureau de M. Milchick, ajoutant une touche de chaleur et de d\u00e9contraction \u00e0 l\u2019environnement plut\u00f4t rigide. <\/p>\n<p>                                                                                                                                                        <img decoding=\"async\" src=\"https:\/\/www.europesays.com\/fr\/wp-content\/uploads\/2025\/04\/bcef31d918_severance-aviez-vous-repere-les-pieces-de-design-culte.webp.webp\" alt=\"Severance\u00a0: aviez-vous rep\u00e9r\u00e9 ces objets de design culte\u00a0?\" width=\"1200\" height=\"420\" loading=\"lazy\"\/>        <\/p>\n<p>Les moulins \u00e0 poivre de Jens Quistgaard pour Dansk Designs<\/p>\n<p>Dans la cuisine de Burt et Fields, une <b>collection de moulins \u00e0 poivre en teck con\u00e7us par Jens Quistgaard pour Dansk Designs<\/b> est expos\u00e9e. Ces objets du quotidien, aux formes sculpturales rappelant des pi\u00e8ces d\u2019\u00e9checs, apportent une dimension plus chaleureuse et presque domestique \u00e0 l\u2019espace. <\/p>\n<p>                                                                                                                                                        <img decoding=\"async\" src=\"https:\/\/www.europesays.com\/fr\/wp-content\/uploads\/2025\/04\/2bcfe7b542_severance-aviez-vous-repere-les-pieces-de-design-culte.webp.webp\" alt=\"Severance\u00a0: aviez-vous rep\u00e9r\u00e9 ces objets de design culte\u00a0?\" width=\"1200\" height=\"380\" loading=\"lazy\"\/>        <\/p>\n<p>La chaise Universale de Joe Colombo<\/p>\n<p>La <b>chaise Universale, cr\u00e9\u00e9e en 1965 par le designer italien Joe Colombo<\/b>, est la premi\u00e8re chaise en plastique moul\u00e9 par injection en une seule pi\u00e8ce. Son design empilable et color\u00e9 incarne l\u2019innovation et la modernit\u00e9 des ann\u00e9es 1960. Dans Severance, cette chaise est utilis\u00e9e pour accentuer l\u2019esth\u00e9tique r\u00e9tro-futuriste des espaces de Lumon. <\/p>\n<p>                                                                                                                                                        <img decoding=\"async\" src=\"https:\/\/www.europesays.com\/fr\/wp-content\/uploads\/2025\/04\/ecfff57128_severance-aviez-vous-repere-les-pieces-de-design-culte.webp.webp\" alt=\"Severance\u00a0: aviez-vous rep\u00e9r\u00e9 ces objets de design culte\u00a0?\" width=\"1200\" height=\"414\" loading=\"lazy\"\/>        <\/p>\n<p>        L\u2019int\u00e9gration de ces objets iconiques dans Severance t\u00e9moigne d\u2019une<b> volont\u00e9 d\u00e9lib\u00e9r\u00e9e des cr\u00e9ateurs de la s\u00e9rie de puiser dans le design du XXe si\u00e8cle pour construire un univers visuel coh\u00e9rent et immersif<\/b>. \u00c0 chaque fois, la pi\u00e8ce est rajout\u00e9e pour contrebalancer l\u2019ambiance de la s\u00e9rie et cr\u00e9er une sorte d\u2019ancrage. On retrouve aussi ce d\u00e9sir de noyer la temporalit\u00e9 du show, dont on ne sait pas exactement \u00e0 quelle date il se situe. Ils en avaient fait de m\u00eame avec <a href=\"https:\/\/www.mac4ever.com\/tv\/187799-severance-sur-apple-tv-les-voitures-cachent-elles-aussi-un-secret\" rel=\"nofollow noopener\" target=\"_blank\">les voitures<\/a>\u00a0!<\/p>\n<p>Cette s\u00e9lection minutieuse d\u2019objets contribue \u00e0 cr\u00e9er une atmosph\u00e8re \u00e0 la fois intemporelle et totalement d\u00e9concertante de la s\u00e9rie, renfor\u00e7ant l&rsquo;id\u00e9e de dissociation entre vie professionnelle et vie personnelle. Les aviez-vous aper\u00e7ues\u00a0?<\/p>\n","protected":false},"excerpt":{"rendered":"La s\u00e9rie Severance, diffus\u00e9e sur Apple TV+, se distingue par son esth\u00e9tique visuelle tr\u00e8s singuli\u00e8re, m\u00ealant des \u00e9l\u00e9ments&hellip;\n","protected":false},"author":2,"featured_media":21252,"comment_status":"","ping_status":"","sticky":false,"template":"","format":"standard","meta":{"footnotes":""},"categories":[1358],"tags":[7986,1348,1384,1385,1386,58,59,1011,27,412],"class_list":{"0":"post-21251","1":"post","2":"type-post","3":"status-publish","4":"format-standard","5":"has-post-thumbnail","7":"category-arts-et-design","8":"tag-appletvplus","9":"tag-arts","10":"tag-arts-and-design","11":"tag-arts-et-design","12":"tag-design","13":"tag-divertissement","14":"tag-entertainment","15":"tag-fr","16":"tag-france","17":"tag-severance"},"share_on_mastodon":{"url":"https:\/\/pubeurope.com\/@fr\/114328539270201524","error":""},"_links":{"self":[{"href":"https:\/\/www.europesays.com\/fr\/wp-json\/wp\/v2\/posts\/21251","targetHints":{"allow":["GET"]}}],"collection":[{"href":"https:\/\/www.europesays.com\/fr\/wp-json\/wp\/v2\/posts"}],"about":[{"href":"https:\/\/www.europesays.com\/fr\/wp-json\/wp\/v2\/types\/post"}],"author":[{"embeddable":true,"href":"https:\/\/www.europesays.com\/fr\/wp-json\/wp\/v2\/users\/2"}],"replies":[{"embeddable":true,"href":"https:\/\/www.europesays.com\/fr\/wp-json\/wp\/v2\/comments?post=21251"}],"version-history":[{"count":0,"href":"https:\/\/www.europesays.com\/fr\/wp-json\/wp\/v2\/posts\/21251\/revisions"}],"wp:featuredmedia":[{"embeddable":true,"href":"https:\/\/www.europesays.com\/fr\/wp-json\/wp\/v2\/media\/21252"}],"wp:attachment":[{"href":"https:\/\/www.europesays.com\/fr\/wp-json\/wp\/v2\/media?parent=21251"}],"wp:term":[{"taxonomy":"category","embeddable":true,"href":"https:\/\/www.europesays.com\/fr\/wp-json\/wp\/v2\/categories?post=21251"},{"taxonomy":"post_tag","embeddable":true,"href":"https:\/\/www.europesays.com\/fr\/wp-json\/wp\/v2\/tags?post=21251"}],"curies":[{"name":"wp","href":"https:\/\/api.w.org\/{rel}","templated":true}]}}