{"id":212512,"date":"2025-06-29T04:53:10","date_gmt":"2025-06-29T04:53:10","guid":{"rendered":"https:\/\/www.europesays.com\/fr\/212512\/"},"modified":"2025-06-29T04:53:10","modified_gmt":"2025-06-29T04:53:10","slug":"la-ville-de-paris-table-sur-son-plan-grand-chaud-pour-mieux-aider-les-personnes-sans-abri-liberation","status":"publish","type":"post","link":"https:\/\/www.europesays.com\/fr\/212512\/","title":{"rendered":"la ville de Paris table sur son \u00abplan grand chaud\u00bb pour mieux aider les personnes sans-abri \u2013 Lib\u00e9ration"},"content":{"rendered":"<p class=\"sc-ksZaOG ehjQrN text-element\">Dans <a href=\"https:\/\/www.liberation.fr\/checknews\/les-personnes-sans-domicile-fixe-decedent-elles-davantage-lete-que-lhiver-comme-laffirme-sandrine-rousseau-20220716_YUG3CCATL5EJ5NWDJOPPDPG4MI\/?redirected=1\" target=\"_blank\" rel=\"nofollow noopener\" title=\"https:\/\/www.liberation.fr\/checknews\/les-personnes-sans-domicile-fixe-decedent-elles-davantage-lete-que-lhiver-comme-laffirme-sandrine-rousseau-20220716_YUG3CCATL5EJ5NWDJOPPDPG4MI\/?redirected=1\">la rue, la canicule tue autant que le gel<\/a>. Alors, pour venir en aide aux personnes sans-abri lors des \u00e9pisodes de fortes chaleurs qui se r\u00e9p\u00e8tent en raison <a href=\"https:\/\/www.liberation.fr\/environnement\/climat\/la-canicule-de-juin-rendue-25c-plus-chaude-par-le-changement-climatique-20250623_5EG33GOUJVGZZP4QC2ZXA625OM\/\" target=\"_blank\" rel=\"noreferrer nofollow noopener\" title=\"https:\/\/www.liberation.fr\/environnement\/climat\/la-canicule-de-juin-rendue-25c-plus-chaude-par-le-changement-climatique-20250623_5EG33GOUJVGZZP4QC2ZXA625OM\/\">du r\u00e9chauffement climatique provoqu\u00e9 par les activit\u00e9s humaines<\/a>, la mairie de Paris planche sur un \u00abplan grand chaud\u00bb, calqu\u00e9 sur le \u00abplan grand froid\u00bb. Plusieurs dispositifs pr\u00e9sent\u00e9s en novembre 2024 dans <a href=\"https:\/\/www.paris.fr\/pages\/paris-s-adapte-au-changement-climatique-18541\" target=\"_blank\" rel=\"nofollow noopener\" title=\"https:\/\/www.paris.fr\/pages\/paris-s-adapte-au-changement-climatique-18541\">le cadre plan climat 2024-2030<\/a>, vont \u00eatre exp\u00e9riment\u00e9s cet \u00e9t\u00e9 dans le centre de la capitale. \u00abNous sommes volontaristes sur le sujet. Beaucoup de personnes sans-abri se trouvent dans Paris Centre\u00bb, issu de la fusion des quatre premiers arrondissements, d\u00e9veloppe aupr\u00e8s de Lib\u00e9ration Dan Lert, adjoint \u00e0 la maire de Paris charg\u00e9 de la transition \u00e9cologique et du plan climat.<\/p>\n<p class=\"sc-ksZaOG ehjQrN text-element\">Pour la ville de Paris, ce plan est \u00abun dispositif de d\u00e9tection, pr\u00e9vention et r\u00e9duction des effets sanitaires des \u00e9pisodes de canicules\u00bb destin\u00e9 \u00e0 \u00abprot\u00e9ger les sans-abri, particuli\u00e8rement vuln\u00e9rables aux effets de la chaleur\u00bb. En janvier, 3 507 d\u2019entre eux ont \u00e9t\u00e9 d\u00e9compt\u00e9es dans la capitale, lors de la derni\u00e8re \u00e9dition de <a href=\"https:\/\/www.liberation.fr\/societe\/logement\/nuit-de-la-solidarite-paris-compte-477-personnes-sans-abri-de-plus-que-lan-dernier-20240205_6PLKUVWKNBE6TPJZK2HGCQZYOA\/\" target=\"_blank\" rel=\"noreferrer nofollow noopener\" title=\"https:\/\/www.liberation.fr\/societe\/logement\/nuit-de-la-solidarite-paris-compte-477-personnes-sans-abri-de-plus-que-lan-dernier-20240205_6PLKUVWKNBE6TPJZK2HGCQZYOA\/\">la Nuit de la solidarit\u00e9<\/a>.<\/p>\n<p class=\"sc-ksZaOG ehjQrN text-element\">La municipalit\u00e9 de gauche est dans les starting-blocks. \u00abLe dispositif s\u2019int\u00e8gre au plan canicule. Il est d\u00e9clench\u00e9 quand la pr\u00e9fecture d\u2019Ile-de-France passe l\u2019alerte au niveau 2\u00bb, nous dit encore l\u2019\u00e9lu. Un seuil qui pourrait \u00eatre franchi dans les jours \u00e0 venir au vu des pr\u00e9visions m\u00e9t\u00e9orologiques. D\u00e8s dimanche, <a href=\"https:\/\/www.liberation.fr\/environnement\/climat\/la-canicule-fait-son-retour-quatre-departements-du-sud-est-en-vigilance-orange-treize-ce-week-end-20250627_JUNKWQWRPBHWPNU2SDXOFRFOWM\/\" target=\"_blank\" rel=\"nofollow noopener\" title=\"https:\/\/www.liberation.fr\/environnement\/climat\/la-canicule-fait-son-retour-quatre-departements-du-sud-est-en-vigilance-orange-treize-ce-week-end-20250627_JUNKWQWRPBHWPNU2SDXOFRFOWM\/\">M\u00e9t\u00e9o France anticipe des temp\u00e9ratures d\u00e9passant les 35 \u00b0C en Ile-de-France<\/a>. Et le mercure risque de grimper encore plus les jours suivant.<\/p>\n<p class=\"sc-ksZaOG ehjQrN text-element\">Concr\u00e8tement, l\u2019exp\u00e9rimentation parisienne pr\u00e9voit une augmentation du nombre de maraudes des associations \u00e0 destination des personnes \u00e0 la rue pour leur apporter des gourdes, mais aussi des v\u00eatements adapt\u00e9s \u00e0 la chaleur, notamment des chaussures plus l\u00e9g\u00e8res. L\u2019id\u00e9e est \u00e9galement de les informer de l\u2019existence de dispositifs accessibles \u00e0 tous dans la capitale afin de mieux supporter la chaleur : des fontaines ou autres brumisateurs install\u00e9s dans la rue, aux services publics climatis\u00e9s ouverts \u00e0 tous, en passant par des parcs maintenus ouverts jusqu\u2019\u00e0 minuit. \u00abIl y a 1 400 lieux refuges en tout dans la ville\u00bb, chiffre Dan Lert.<\/p>\n<p class=\"sc-ksZaOG ehjQrN text-element\">Plus sp\u00e9cifiquement pour les personnes sans-abri, l\u2019amplitude horaire de l\u2019ouverture de certains bains-douches doit aussi \u00eatre \u00e9largie dans ces cas de fortes chaleurs. Les Parisiens volontaires peuvent aussi prendre part au dispositif d\u2019aide, gr\u00e2ce \u00e0 des formations dispens\u00e9es \u00e0 la Fabrique de la solidarit\u00e9 (IIe arrondissement).<\/p>\n<p class=\"sc-ksZaOG ehjQrN text-element\">Cette premi\u00e8re exp\u00e9rimentation se veut \u00eatre le d\u00e9but de quelque chose de plus grand. \u00abNous essayons de pousser des mesures qui pourraient pr\u00e9figurer un \u201cplan grand chaud\u201d en lien avec les services de l\u2019Etat, qui en ont la responsabilit\u00e9\u00bb, insiste Dan Lert. Il revient en effet aux services \u00e9tatiques de prendre en charge les personnes vuln\u00e9rables, comme les sans-abri, par exemple, mais aussi les migrants ou <a href=\"https:\/\/www.liberation.fr\/societe\/sante\/crack-a-paris-les-politiques-se-renvoient-la-balle-20210529_EIHSJ2CRTVAOLABB4SBHQKXAPE\/\" target=\"_blank\" rel=\"noreferrer nofollow noopener\" title=\"https:\/\/www.liberation.fr\/societe\/sante\/crack-a-paris-les-politiques-se-renvoient-la-balle-20210529_EIHSJ2CRTVAOLABB4SBHQKXAPE\/\">les consommateurs de drogue<\/a>.<\/p>\n<p class=\"sc-ksZaOG ehjQrN text-element\">L\u2019id\u00e9e pourrait mener vers la forme de r\u00e9quisition de lieux \u2013 gymnases, \u00e9coles vides \u2013 par les pr\u00e9fets afin de mettre \u00e0 l\u2019abri les personnes dormant \u00e0 la rue, comme lors des vagues de froid. La mise en musique du dispositif risque toutefois de prendre un peu de temps. Interrog\u00e9e par Lib\u00e9ration, la pr\u00e9fecture d\u2019Ile-de-France, repr\u00e9sentant l\u2019Etat en r\u00e9gion parisienne, s\u2019est content\u00e9e de r\u00e9pondre que \u00able plan grand chaud rel\u00e8ve de la ville de Paris\u00bb.<\/p>\n","protected":false},"excerpt":{"rendered":"Dans la rue, la canicule tue autant que le gel. Alors, pour venir en aide aux personnes sans-abri&hellip;\n","protected":false},"author":2,"featured_media":212513,"comment_status":"","ping_status":"","sticky":false,"template":"","format":"standard","meta":{"footnotes":""},"categories":[1888],"tags":[11,6698,1777,674,1011,27,12,626,5140,25],"class_list":{"0":"post-212512","1":"post","2":"type-post","3":"status-publish","4":"format-standard","5":"has-post-thumbnail","7":"category-paris","8":"tag-actualites","9":"tag-canicule","10":"tag-eu","11":"tag-europe","12":"tag-fr","13":"tag-france","14":"tag-news","15":"tag-paris","16":"tag-rechauffement-climatique","17":"tag-republique-francaise"},"share_on_mastodon":{"url":"https:\/\/pubeurope.com\/@fr\/114764867389297126","error":""},"_links":{"self":[{"href":"https:\/\/www.europesays.com\/fr\/wp-json\/wp\/v2\/posts\/212512","targetHints":{"allow":["GET"]}}],"collection":[{"href":"https:\/\/www.europesays.com\/fr\/wp-json\/wp\/v2\/posts"}],"about":[{"href":"https:\/\/www.europesays.com\/fr\/wp-json\/wp\/v2\/types\/post"}],"author":[{"embeddable":true,"href":"https:\/\/www.europesays.com\/fr\/wp-json\/wp\/v2\/users\/2"}],"replies":[{"embeddable":true,"href":"https:\/\/www.europesays.com\/fr\/wp-json\/wp\/v2\/comments?post=212512"}],"version-history":[{"count":0,"href":"https:\/\/www.europesays.com\/fr\/wp-json\/wp\/v2\/posts\/212512\/revisions"}],"wp:featuredmedia":[{"embeddable":true,"href":"https:\/\/www.europesays.com\/fr\/wp-json\/wp\/v2\/media\/212513"}],"wp:attachment":[{"href":"https:\/\/www.europesays.com\/fr\/wp-json\/wp\/v2\/media?parent=212512"}],"wp:term":[{"taxonomy":"category","embeddable":true,"href":"https:\/\/www.europesays.com\/fr\/wp-json\/wp\/v2\/categories?post=212512"},{"taxonomy":"post_tag","embeddable":true,"href":"https:\/\/www.europesays.com\/fr\/wp-json\/wp\/v2\/tags?post=212512"}],"curies":[{"name":"wp","href":"https:\/\/api.w.org\/{rel}","templated":true}]}}