{"id":212524,"date":"2025-06-29T04:59:08","date_gmt":"2025-06-29T04:59:08","guid":{"rendered":"https:\/\/www.europesays.com\/fr\/212524\/"},"modified":"2025-06-29T04:59:08","modified_gmt":"2025-06-29T04:59:08","slug":"le-trump-show-plonge-leurope-dans-linconnu","status":"publish","type":"post","link":"https:\/\/www.europesays.com\/fr\/212524\/","title":{"rendered":"le Trump Show plonge l&rsquo;Europe dans l\u2019inconnu"},"content":{"rendered":"<p>Cela va bient\u00f4t faire trois mois que le <a href=\"https:\/\/www.latribune.fr\/economie\/international\/trump-et-les-droits-de-douane-la-fable-de-la-reindustrialisation-americaine-1021910.html?id=983590702564614\" target=\"_blank\" rel=\"noopener\">\u00ab\u202fLiberation Day\u202f\u00bb<\/a> du pr\u00e9sident am\u00e9ricain a rebattu les cartes du commerce mondial. Le 2\u202favril dans un discours, <a href=\"https:\/\/www.latribune.fr\/economie\/international\/donald-trump-ses-cent-premiers-jours-en-neuf-declarations-chocs-1023302.html\" target=\"_blank\" rel=\"noopener\">Donald Trump<\/a> a act\u00e9 le tournant protectionniste des \u00c9tats-Unis. Il a impos\u00e9 des droits de douane plancher de 10\u202f% ainsi que des surtaxes dites \u00ab\u202fr\u00e9ciproques\u202f\u00bb taill\u00e9es sur mesure \u00e0 tous ses partenaires commerciaux. <a href=\"https:\/\/www.latribune.fr\/economie\/union-europeenne\/competitivite-europeenne-les-patrons-appellent-a-l-union-sacree-1025949.html\" target=\"_blank\" rel=\"noopener\">L&rsquo;Union europ\u00e9enne<\/a> ne fait pas exception : en plus des 10\u202f%, elle subit d\u00e9j\u00e0 des taxes de 25\u202f% sur l&rsquo;automobile et d\u00e9sormais de 50\u202f% sur l&rsquo;acier et l&rsquo;aluminium.<\/p>\n<p>Mais cet \u00e9t\u00e9 sera d\u00e9cisif pour l&rsquo;UE. Le 9\u202fjuillet, la pause des <a href=\"https:\/\/www.latribune.fr\/economie\/international\/droits-de-douane-americains-la-france-limite-la-casse-l-allemagne-trinque-1025588.html\" target=\"_blank\" rel=\"noopener\">droits de douane<\/a> am\u00e9ricains prend fin. \u00c0 cette date, si les n\u00e9gociations entre les deux partenaires commerciaux n&rsquo;aboutissent pas, le Vieux Continent devra faire face \u00e0 50\u202f% de surtaxes sur tous les produits europ\u00e9ens import\u00e9s outre-Atlantique. \u00c0 moins que Washington n&rsquo;envisage de prolonger la tr\u00eave.<\/p>\n","protected":false},"excerpt":{"rendered":"Cela va bient\u00f4t faire trois mois que le \u00ab\u202fLiberation Day\u202f\u00bb du pr\u00e9sident am\u00e9ricain a rebattu les cartes du&hellip;\n","protected":false},"author":2,"featured_media":212525,"comment_status":"","ping_status":"","sticky":false,"template":"","format":"standard","meta":{"footnotes":""},"categories":[1586],"tags":[17,11,2918,744,1446,1777,674,1011,27,1808,3102,12,5491,25,9905,467],"class_list":{"0":"post-212524","1":"post","2":"type-post","3":"status-publish","4":"format-standard","5":"has-post-thumbnail","7":"category-europe","8":"tag-17","9":"tag-actualites","10":"tag-choc","11":"tag-commercial","12":"tag-dans","13":"tag-eu","14":"tag-europe","15":"tag-fr","16":"tag-france","17":"tag-leurope","18":"tag-la-tribune-dimanche","19":"tag-news","20":"tag-plonge","21":"tag-republique-francaise","22":"tag-show","23":"tag-trump"},"share_on_mastodon":{"url":"https:\/\/pubeurope.com\/@fr\/114764891330331629","error":""},"_links":{"self":[{"href":"https:\/\/www.europesays.com\/fr\/wp-json\/wp\/v2\/posts\/212524","targetHints":{"allow":["GET"]}}],"collection":[{"href":"https:\/\/www.europesays.com\/fr\/wp-json\/wp\/v2\/posts"}],"about":[{"href":"https:\/\/www.europesays.com\/fr\/wp-json\/wp\/v2\/types\/post"}],"author":[{"embeddable":true,"href":"https:\/\/www.europesays.com\/fr\/wp-json\/wp\/v2\/users\/2"}],"replies":[{"embeddable":true,"href":"https:\/\/www.europesays.com\/fr\/wp-json\/wp\/v2\/comments?post=212524"}],"version-history":[{"count":0,"href":"https:\/\/www.europesays.com\/fr\/wp-json\/wp\/v2\/posts\/212524\/revisions"}],"wp:featuredmedia":[{"embeddable":true,"href":"https:\/\/www.europesays.com\/fr\/wp-json\/wp\/v2\/media\/212525"}],"wp:attachment":[{"href":"https:\/\/www.europesays.com\/fr\/wp-json\/wp\/v2\/media?parent=212524"}],"wp:term":[{"taxonomy":"category","embeddable":true,"href":"https:\/\/www.europesays.com\/fr\/wp-json\/wp\/v2\/categories?post=212524"},{"taxonomy":"post_tag","embeddable":true,"href":"https:\/\/www.europesays.com\/fr\/wp-json\/wp\/v2\/tags?post=212524"}],"curies":[{"name":"wp","href":"https:\/\/api.w.org\/{rel}","templated":true}]}}