{"id":212526,"date":"2025-06-29T05:00:10","date_gmt":"2025-06-29T05:00:10","guid":{"rendered":"https:\/\/www.europesays.com\/fr\/212526\/"},"modified":"2025-06-29T05:00:10","modified_gmt":"2025-06-29T05:00:10","slug":"malgre-la-violation-du-droit-international-lunion-europeenne-narrive-pas-a-saccorder-sur-les-sanctions-a-adopter-contre-israel","status":"publish","type":"post","link":"https:\/\/www.europesays.com\/fr\/212526\/","title":{"rendered":"Malgr\u00e9 la violation du droit international, l\u2019Union europ\u00e9enne n&rsquo;arrive pas \u00e0 s\u2019accorder sur les sanctions \u00e0 adopter contre Isra\u00ebl"},"content":{"rendered":"<p>Alors que l\u2019Union europ\u00e9enne (UE) a durci le ton face \u00e0 Isra\u00ebl, fin mai, avec en ligne de mire un possible r\u00e9examen de son accord d\u2019association avec Tel-Aviv, ses membres se divisent \u00e0 nouveau sur sa mise en place. La <a href=\"https:\/\/www.humanite.fr\/monde\/kaja-kallas\/commission-europeenne-pour-son-grand-oral-la-dame-de-fer-kaja-kallas-fait-dechanter-leurope\" target=\"_blank\" rel=\"noopener\">cheffe de la diplomatie europ\u00e9enne<\/a>, Kaja Kallas, a pourtant pr\u00e9sent\u00e9, jeudi 26\u00a0juin, un rapport accablant, qui d\u00e9montre qu\u2019Isra\u00ebl a <a href=\"https:\/\/www.humanite.fr\/monde\/armee-israelienne\/exclusif-sous-les-bombes-et-les-cris-le-terrible-temoignage-du-docteur-ahmed-almoghrabi-a-gaza\" target=\"_blank\" rel=\"noopener\">enfreint une trentaine de principes du droit international<\/a>, aux chefs d\u2019\u00c9tat et de gouvernements. L\u2019ancienne premi\u00e8re ministre estonienne en a profit\u00e9 pour leur demander une position claire sur cette \u00e9valuation. Un nouveau conseil des affaires \u00e9trang\u00e8res est pr\u00e9vu en juillet.<\/p>\n<p>Malgr\u00e9 les conclusions du rapport, les Vingt-Sept n\u2019arrivent pas \u00e0 se mettre d\u2019accord sur la marche \u00e0 suivre. Pour rappel, un mouvement s\u2019\u00e9tait enclench\u00e9 courant mai avec une salve de condamnations du <a href=\"https:\/\/www.humanite.fr\/monde\/administration-trump\/ladministration-trump-injecte-30-millions-de-dollars-dans-la-fondation-humanitaire-pour-gaza-une-organisation-sous-la-coupe-de-larmee-israelienne\" target=\"_blank\" rel=\"noopener\">blocus humanitaire <\/a>impos\u00e9 par le r\u00e9gime isra\u00e9lien dans la bande de Gaza. La Belgique, la Finlande, les Pays-Bas, la France, le Portugal, l\u2019Irlande, le Luxembourg, la Slov\u00e9nie, l\u2019Espagne, la Su\u00e8de ou encore l\u2019Autriche et la Roumanie fustigeaient ainsi d\u2019une m\u00eame voix une <a href=\"https:\/\/www.humanite.fr\/monde\/bande-de-gaza\/fiasco-de-la-mainmise-disrael-sur-laide-humanitaire-44-civils-palestiniens-tues-dans-lenclave-22-colonies-prochainement-implantees-en-cisjordanie-occupee\" target=\"_blank\" rel=\"noopener\">\u00ab\u00a0violation du droit humanitaire international\u00a0\u00bb<\/a>.<\/p>\n<p>\u00ab Isra\u00ebl ne respecte pas les obligations en mati\u00e8re de droits humains\u00a0\u00bb \u00a0<\/p>\n<p>De quoi justifier la r\u00e9vision de l\u2019article\u00a02 de l\u2019accord d\u2019association avec Isra\u00ebl. Ce dernier stipule que les relations entre Bruxelles et Tel-Aviv \u00ab\u00a0sont fond\u00e9es sur le respect des droits de l\u2019homme et des principes d\u00e9mocratiques, qui guident leur politique int\u00e9rieure et internationale et constituent un \u00e9l\u00e9ment essentiel du pr\u00e9sent accord\u00a0\u00bb. La directrice du <a href=\"https:\/\/www.amnesty.fr\/presse\/union-europenne-et-isral-lvaluation-timide-de-lacc\" target=\"_blank\" rel=\"noopener\">bureau europ\u00e9en d\u2019Amnesty International<\/a>, Eve Geddie, estime ainsi que, \u00ab\u00a0en d\u00e9pit de sa formulation timide, la Commission europ\u00e9enne \u00e9nonce une \u00e9vidence\u00a0: Isra\u00ebl ne respecte pas les obligations en mati\u00e8re de droits humains qui lui incombent au titre de cet accord\u00a0\u00bb.<\/p>\n<p>Le premier ministre espagnol, Pedro Sanchez, a de son c\u00f4t\u00e9 <a href=\"https:\/\/www.humanite.fr\/monde\/donald-trump\/pedro-sanchez-refuse-le-rearmement-force-de-trump-et-demande-a-lue-de-rompre-avec-israel\" target=\"_blank\" rel=\"noopener\">d\u00e9nonc\u00e9 une \u00ab\u00a0situation catastrophique de g\u00e9nocide\u00a0\u00bb<\/a>, en marge de la r\u00e9union du Conseil europ\u00e9en, o\u00f9 a \u00e9t\u00e9 pr\u00e9sent\u00e9 ledit rapport, jeudi 26\u00a0juin. L\u2019Irlande et la Slov\u00e9nie lui ont embo\u00eet\u00e9 le pas en demandant \u00e0 ce que l\u2019accord d\u2019association soit \u00ab\u00a0imm\u00e9diatement\u00a0\u00bb suspendu. Seulement, une telle suspension requiert l\u2019unanimit\u00e9 des 27 \u00c9tats membres.<\/p>\n<p>Un mouvement loin d\u2019\u00eatre enclench\u00e9 au vu des d\u00e9clarations de plusieurs chefs de gouvernement. \u00ab\u00a0L\u2019accord d\u2019association n\u2019a pas grand-chose \u00e0 voir avec la situation humanitaire \u00e0 court terme\u00a0\u00bb, a par exemple estim\u00e9 le premier ministre belge, Bart de Wever. La Bulgarie, la Croatie, l\u2019Allemagne, la Hongrie, l\u2019Italie, ou encore, la Lituanie s\u2019opposent quant \u00e0 eux \u00e0 tout r\u00e9examen de ce partenariat depuis plusieurs semaines. \u00ab\u00a0Il serait contre-productif de prendre des initiatives qui ferment les canaux de dialogue avec Isra\u00ebl\u00a0\u00bb, a notamment lanc\u00e9 la<a href=\"https:\/\/www.humanite.fr\/monde\/extreme-droite\/pourquoi-lextreme-droite-gagne-du-terrain-en-europe\" target=\"_blank\" rel=\"noopener\"> premi\u00e8re ministre italienne d\u2019extr\u00eame droite Giorgia Meloni<\/a>.<\/p>\n<p>Les \u00c9tats membres de l\u2019UE \u2013 <a href=\"https:\/\/www.humanite.fr\/monde\/armee-israelienne\/leurope-et-la-france-financent-des-armes-israeliennes-avec-de-largent-public-revele-disclose\" target=\"_blank\" rel=\"noopener\">premier partenaire commercial d\u2019Isra\u00ebl<\/a>, avec des transactions \u00e9valu\u00e9es \u00e0 plus de 45\u00a0milliards d\u2019euros par an \u2013 ont d\u00e9cid\u00e9 de simplement \u00ab\u00a0prendre note du rapport\u00a0\u00bb, sans affirmer de position politique sur ses conclusions. La prochaine \u00e9tape pour Kaja Kallas\u00a0est donc de pr\u00e9parer des propositions pour cette future r\u00e9union pr\u00e9vue en juillet, \u00ab\u00a0en tenant compte de l\u2019\u00e9volution de la situation sur le terrain\u00a0\u00bb.<\/p>\n<p>Le pr\u00e9sident du <a href=\"https:\/\/www.humanite.fr\/monde\/donald-trump\/guerre-en-ukraine-au-sommet-de-lotan-les-allies-reaffirment-leur-soutien-a-lukraine-et-trump-promet-de-livrer-des-missiles-a-zelensky\" target=\"_blank\" rel=\"noopener\">Conseil europ\u00e9en<\/a>, l\u2019ex-premier ministre portugais Ant\u00f3nio Costa, a de son c\u00f4t\u00e9 annonc\u00e9 s\u2019attendre \u00e0 des d\u00e9cisions \u00ab\u00a0d\u00e8s le prochain conseil des affaires \u00e9trang\u00e8res\u00a0\u00bb. Si la suspension de l\u2019accord d\u2019association avec Isra\u00ebl semble inatteignable en l\u2019\u00e9tat, plusieurs sanctions \u2013 \u00e0 l\u2019ambition plus limit\u00e9e \u2013\u00a0devraient \u00eatre mises sur la table, comme l\u2019interdiction de l\u2019importation de marchandises produites dans les colonies isra\u00e9liennes. Un maigre lot de consolation au vu de l\u2019ampleur de l\u2019entreprise g\u00e9nocidaire dans la bande de Gaza et de la r\u00e9pression incessante en Cisjordanie men\u00e9es par Tel-Aviv.<\/p>\n<p>Pour une information libre sur la Palestine<\/p>\n<p>Nous avons \u00e9t\u00e9 l\u2019un des premiers m\u00e9dias fran\u00e7ais \u00e0 d\u00e9fendre le droit des Palestiniens \u00e0 disposer d\u2019un \u00c9tat viable dans le respect des r\u00e9solutions de l\u2019ONU. Et nous avons inlassablement d\u00e9fendu la paix au Proche-Orient. Aidez-nous \u00e0 continuer de vous informer sur ce qui se passe l\u00e0-bas. Gr\u00e2ce \u00e0 vos dons.<br \/><a href=\"https:\/\/www.humanite.fr\/lhumanite-cest-vous\" data-type=\"link\" data-id=\"https:\/\/www.humanite.fr\/lhumanite-cest-vous\" target=\"_blank\" rel=\"noopener\">Je veux en savoir plus\u00a0!<\/a><\/p>\n","protected":false},"excerpt":{"rendered":"Alors que l\u2019Union europ\u00e9enne (UE) a durci le ton face \u00e0 Isra\u00ebl, fin mai, avec en ligne de&hellip;\n","protected":false},"author":2,"featured_media":212527,"comment_status":"","ping_status":"","sticky":false,"template":"","format":"standard","meta":{"footnotes":""},"categories":[1586],"tags":[11,1777,674,1779,1011,27,15130,16785,12,25,1778,364,2475],"class_list":{"0":"post-212526","1":"post","2":"type-post","3":"status-publish","4":"format-standard","5":"has-post-thumbnail","7":"category-europe","8":"tag-actualites","9":"tag-eu","10":"tag-europe","11":"tag-european-union","12":"tag-fr","13":"tag-france","14":"tag-guerre-u00e0-gaza","15":"tag-israu00ebl","16":"tag-news","17":"tag-republique-francaise","18":"tag-ue","19":"tag-union-europeenne","20":"tag-union-europu00e9enne"},"share_on_mastodon":{"url":"https:\/\/pubeurope.com\/@fr\/114764894952830923","error":""},"_links":{"self":[{"href":"https:\/\/www.europesays.com\/fr\/wp-json\/wp\/v2\/posts\/212526","targetHints":{"allow":["GET"]}}],"collection":[{"href":"https:\/\/www.europesays.com\/fr\/wp-json\/wp\/v2\/posts"}],"about":[{"href":"https:\/\/www.europesays.com\/fr\/wp-json\/wp\/v2\/types\/post"}],"author":[{"embeddable":true,"href":"https:\/\/www.europesays.com\/fr\/wp-json\/wp\/v2\/users\/2"}],"replies":[{"embeddable":true,"href":"https:\/\/www.europesays.com\/fr\/wp-json\/wp\/v2\/comments?post=212526"}],"version-history":[{"count":0,"href":"https:\/\/www.europesays.com\/fr\/wp-json\/wp\/v2\/posts\/212526\/revisions"}],"wp:featuredmedia":[{"embeddable":true,"href":"https:\/\/www.europesays.com\/fr\/wp-json\/wp\/v2\/media\/212527"}],"wp:attachment":[{"href":"https:\/\/www.europesays.com\/fr\/wp-json\/wp\/v2\/media?parent=212526"}],"wp:term":[{"taxonomy":"category","embeddable":true,"href":"https:\/\/www.europesays.com\/fr\/wp-json\/wp\/v2\/categories?post=212526"},{"taxonomy":"post_tag","embeddable":true,"href":"https:\/\/www.europesays.com\/fr\/wp-json\/wp\/v2\/tags?post=212526"}],"curies":[{"name":"wp","href":"https:\/\/api.w.org\/{rel}","templated":true}]}}