{"id":212528,"date":"2025-06-29T05:01:08","date_gmt":"2025-06-29T05:01:08","guid":{"rendered":"https:\/\/www.europesays.com\/fr\/212528\/"},"modified":"2025-06-29T05:01:08","modified_gmt":"2025-06-29T05:01:08","slug":"il-est-temps-que-ca-sarrete-avoue-romain-ntamack","status":"publish","type":"post","link":"https:\/\/www.europesays.com\/fr\/212528\/","title":{"rendered":"\u00abIl est temps que \u00e7a s\u2019arr\u00eate\u00bb, avoue Romain Ntamack"},"content":{"rendered":"<p>Sorti en pleurs \u00e0 la pause, l\u2019ouvreur toulousain, bless\u00e9 \u00e0 l\u2019\u00e9paule contre l\u2019UBB, n\u2019a pas \u00e9t\u00e9 \u00e9pargn\u00e9 durant cette saison.<\/p>\n<p class=\"fig-paragraph\">\u00c7a a commenc\u00e9 \u00e0 l\u2019automne par une d\u00e9chirure au mollet qui lui a fait rater la tourn\u00e9e d\u2019automne du XV de France. Puis il y a eu ce genou r\u00e9calcitrant, l\u2019obligeant \u00e0 serrer les dents et jouer sous infiltration depuis deux mois. Et, enfin, samedi soir au Stade de France, ce gros choc subi \u00e0 l\u2019\u00e9paule \u00e0 la 27e minute qui l\u2019a oblig\u00e9 \u00e0\u00a0<a href=\"http:\/\/www.lefigaro.fr\/sports\/rugby\/top-14\/finale-top-14-ntamack-en-larmes-et-sorti-a-la-mi-temps-bielle-biarrey-aussi-cote-ubb-20250628\" data-fig-type=\"NewsFlash\" data-gtm-custom-categorie=\"navigation\" data-gtm-custom-action=\"crossclick\" data-gtm-custom-label=\"Contextuel\" data-gtm-event=\"customEventSPE\" data-fig-domain=\"LEFIGARO\" target=\"_blank\" rel=\"noopener\">jeter l\u2019\u00e9ponge \u00e0 la mi-temps<\/a>. \u00abIl ne sentait plus sa main\u00bb, a racont\u00e9 son manager, Ugo Mola, apr\u00e8s la finale.<\/p>\n<p class=\"fig-paragraph\">Un peu plus t\u00f4t, au micro de France 2, Romain Ntamack avait conc\u00e9d\u00e9 qu\u2019il \u00e9tait soulag\u00e9 que la saison soit arriv\u00e9e \u00e0 son terme. \u00abIl est temps que cela s\u2019arr\u00eate. Toute la saison, j\u2019ai eu pas mal de probl\u00e8mes. Encore une fois, en finale, l\u2019\u00e9paule qui s\u2019endort\u2026\u00bb<\/p>\n<p>\u00ab\u00c7a n\u2019a pas \u00e9t\u00e9 une saison facile \u00e0 titre personnel\u00bb\u00a0<\/p>\n<p class=\"fig-paragraph\">Cela ne bridait pas cependant pas sa fiert\u00e9. \u00abJe suis content que \u00e7a se conclut comme \u00e7a, que \u00e7a ne se termine pas sans rien, parce que \u00e7a n\u2019a pas \u00e9t\u00e9 une saison facile \u00e0 titre personnel, et je vais m\u2019en servir pour grandir.\u00bb<\/p>\n<p class=\"fig-paragraph\">Il va d\u2019abord enfin se reposer et en profiter pour se faire nettoyer son genou gauche. Une arthroscopie pour revenir plus fort la saison prochaine, enfin d\u00e9barrass\u00e9 de cette douleur r\u00e9currente.<\/p>\n","protected":false},"excerpt":{"rendered":"Sorti en pleurs \u00e0 la pause, l\u2019ouvreur toulousain, bless\u00e9 \u00e0 l\u2019\u00e9paule contre l\u2019UBB, n\u2019a pas \u00e9t\u00e9 \u00e9pargn\u00e9 durant&hellip;\n","protected":false},"author":2,"featured_media":212529,"comment_status":"","ping_status":"","sticky":false,"template":"","format":"standard","meta":{"footnotes":""},"categories":[2],"tags":[11,525,4590,1981,2313,814,1011,27,955,12,4589,2311,25,1980,7205,479,2259,476,478,2310,2312,4364],"class_list":{"0":"post-212528","1":"post","2":"type-post","3":"status-publish","4":"format-standard","5":"has-post-thumbnail","7":"category-actualites","8":"tag-actualites","9":"tag-calendrier","10":"tag-championnat-france","11":"tag-classement","12":"tag-clermont","13":"tag-direct","14":"tag-fr","15":"tag-france","16":"tag-match","17":"tag-news","18":"tag-phase-finale","19":"tag-racing","20":"tag-republique-francaise","21":"tag-resultats","22":"tag-romain-ntamack","23":"tag-rugby","24":"tag-score","25":"tag-stade-toulousain","26":"tag-top-14","27":"tag-toulon","28":"tag-toulouse","29":"tag-ubb"},"share_on_mastodon":{"url":"https:\/\/pubeurope.com\/@fr\/114764898973751808","error":""},"_links":{"self":[{"href":"https:\/\/www.europesays.com\/fr\/wp-json\/wp\/v2\/posts\/212528","targetHints":{"allow":["GET"]}}],"collection":[{"href":"https:\/\/www.europesays.com\/fr\/wp-json\/wp\/v2\/posts"}],"about":[{"href":"https:\/\/www.europesays.com\/fr\/wp-json\/wp\/v2\/types\/post"}],"author":[{"embeddable":true,"href":"https:\/\/www.europesays.com\/fr\/wp-json\/wp\/v2\/users\/2"}],"replies":[{"embeddable":true,"href":"https:\/\/www.europesays.com\/fr\/wp-json\/wp\/v2\/comments?post=212528"}],"version-history":[{"count":0,"href":"https:\/\/www.europesays.com\/fr\/wp-json\/wp\/v2\/posts\/212528\/revisions"}],"wp:featuredmedia":[{"embeddable":true,"href":"https:\/\/www.europesays.com\/fr\/wp-json\/wp\/v2\/media\/212529"}],"wp:attachment":[{"href":"https:\/\/www.europesays.com\/fr\/wp-json\/wp\/v2\/media?parent=212528"}],"wp:term":[{"taxonomy":"category","embeddable":true,"href":"https:\/\/www.europesays.com\/fr\/wp-json\/wp\/v2\/categories?post=212528"},{"taxonomy":"post_tag","embeddable":true,"href":"https:\/\/www.europesays.com\/fr\/wp-json\/wp\/v2\/tags?post=212528"}],"curies":[{"name":"wp","href":"https:\/\/api.w.org\/{rel}","templated":true}]}}