{"id":212530,"date":"2025-06-29T05:02:13","date_gmt":"2025-06-29T05:02:13","guid":{"rendered":"https:\/\/www.europesays.com\/fr\/212530\/"},"modified":"2025-06-29T05:02:13","modified_gmt":"2025-06-29T05:02:13","slug":"a-paris-et-a-budapest-pressions-et-interdictions-nont-pas-empeche-dattirer-les-foules","status":"publish","type":"post","link":"https:\/\/www.europesays.com\/fr\/212530\/","title":{"rendered":"\u00e0 Paris et \u00e0 Budapest, pressions et interdictions n\u2019ont pas emp\u00each\u00e9 d\u2019attirer les foules"},"content":{"rendered":"\n<p> La lecture de ce contenu est susceptible d\u2019entra\u00eener un d\u00e9p\u00f4t de cookies de la part de l\u2019op\u00e9rateur tiers qui l\u2019h\u00e9berge. Compte-tenu des choix que vous avez exprim\u00e9s en mati\u00e8re de d\u00e9p\u00f4t de cookies, nous avons bloqu\u00e9 l\u2019affichage de ce contenu. Si vous souhaitez y acc\u00e9der, vous devez accepter la cat\u00e9gorie de cookies \u201cContenus tiers\u201d en cliquant sur le bouton ci-dessous. <\/p>\n<p> Lire la Vid\u00e9o              <\/p>\n<p class=\"asset asset-text\">DROITS LGBT+ &#8211; Les r\u00e9actionnaires et les pol\u00e9miques n\u2019ont pas eu raison de la Pride \u00e0 Paris et \u00e0 Budapest. Les deux <a href=\"https:\/\/www.huffingtonpost.fr\/politique\/article\/a-paris-une-marche-des-fiertes-plus-politique-que-jamais-a-la-veille-des-legislatives-anticipees_236105.html\" target=\"_blank\" rel=\"noopener\">marches des fiert\u00e9s<\/a> qui se tenaient ce samedi 28\u00a0juin ont fait le plein de monde <a href=\"https:\/\/www.huffingtonpost.fr\/france\/article\/le-groupe-eros-menace-le-bon-deroulement-de-la-marche-des-fiertes-a-paris-les-organisateurs-refusent-leur-presence_251848.html\" target=\"_blank\" rel=\"noopener\">c\u00f4t\u00e9 parisien<\/a>, o\u00f9 une foule importante est partie du Louvre vers la place de la Nation, mais aussi c\u00f4t\u00e9 hongrois avec pr\u00e8s de 200\u00a0000\u00a0personnes, un record selon les organisateurs.<\/p>\n<p class=\"asset asset-text\">Un succ\u00e8s loin d\u2019\u00eatre acquis, surtout en Hongrie, o\u00f9 la manifestation avait \u00e9t\u00e9 <a href=\"https:\/\/www.huffingtonpost.fr\/international\/article\/a-budapest-la-marche-des-fiertes-tourne-a-l-affrontement-entre-viktor-orban-et-le-maire_251555.html\" target=\"_blank\" rel=\"noopener\">interdite par le dirigeant d\u2019extr\u00eame droite<\/a> Viktor Orban. Le d\u00e9fil\u00e9, qui s\u2019est lanc\u00e9 apr\u00e8s 15\u00a0heures pr\u00e8s de l\u2019h\u00f4tel de ville de Budapest, \u00e9tait surveill\u00e9 par des cam\u00e9ras \u00e0 reconnaissance faciale qui pourraient permettre aux autorit\u00e9s de distribuer des amendes pouvant aller jusqu\u2019\u00e0 500\u00a0euros. Organiser ou appeler \u00e0 participer \u00e0 la Pride est m\u00eame passible d\u2019un an de prison.<\/p>\n<p class=\"asset asset-text\">Selon le gouvernement nationaliste, il ne faut pas exposer les mineurs \u00e0 l\u2019homosexualit\u00e9 et \u00e0 la transidentit\u00e9, et encore moins \u00e0 des sc\u00e8nes de \u00ab\u00a0d\u00e9bauche\u00a0\u00bb. Outre la loi adopt\u00e9e mi-mars visant \u00e0 interdire de tels rassemblements, les autorit\u00e9s hongroises sont all\u00e9es jusqu\u2019\u00e0 modifier la Constitution pour assurer leurs arri\u00e8res. Elles y affirment l\u2019int\u00e9r\u00eat sup\u00e9rieur de l\u2019enfant pour justifier la remise en cause de la libert\u00e9 de manifester.<\/p>\n<p class=\"asset asset-text\">Des contre-manifestants d\u2019extr\u00eame droite, peu nombreux, ont eux obtenu l\u2019autorisation de d\u00e9filer au m\u00eame endroit, et avaient plac\u00e9 une croix en face de lieu du d\u00e9part.<\/p>\n<p>                     Plusieurs eurod\u00e9put\u00e9s fran\u00e7ais ont d\u00e9fil\u00e9 \u00e0 Budapest    <\/p>\n<p class=\"asset asset-text\">D\u00e9fiant l\u2019interdiction, les organisateurs de la Pride et le maire \u00e9cologiste de Budapest, Gergely Karacsony, ont d\u00e9cid\u00e9 de maintenir le d\u00e9fil\u00e9, estimant qu\u2019un tel \u00e9v\u00e9nement municipal ne n\u00e9cessitait pas d\u2019autorisation officielle. Ils ont re\u00e7u de nombreux soutiens de l\u2019\u00e9tranger, 33\u00a0pays ayant appuy\u00e9 le rassemblement. Au moins 70 eurod\u00e9put\u00e9s, dont la macroniste Val\u00e9rie Hayer, l\u2019insoumise Manon Aubry ou le patron de Place publique <a href=\"https:\/\/www.huffingtonpost.fr\/politique\/video\/lea-salame-au-jt-de-france-2-raphael-glucksmann-promet-qu-il-n-y-aura-pas-de-conflit-d-interets_251695.html\" target=\"_blank\" rel=\"noopener\">Rapha\u00ebl Glucksmann<\/a>, ont m\u00eame fait le d\u00e9placement pour soutenir les manifestants.<\/p>\n<p class=\"asset asset-text\">Sur place, les journalistes de l\u2019AFP ont constat\u00e9 que les places et les avenues de la capitale hongroise, par\u00e9e de couleurs arc-en-ciel, \u00e9taient noires de monde malgr\u00e9 le soleil de plomb. Parmi les nombreux manifestants, beaucoup racontent participer \u00e0 leur premi\u00e8re Pride, comme Zoltan, 66\u00a0ans. \u00ab\u00a0Je suis fier d\u2019\u00eatre gay et j\u2019ai tr\u00e8s peur que le gouvernement veuille nous rabaisser. Je suis tr\u00e8s surpris qu\u2019il y ait autant de monde\u00a0\u00bb, confie-t-il, tr\u00e8s \u00e9mu.<\/p>\n<p class=\"asset asset-text\">S\u2019il n\u2019\u00e9tait pas interdit par les autorit\u00e9s, le d\u00e9fil\u00e9 parisien s\u2019annon\u00e7ait lui aussi sous pression. D\u00e9but juin, la droite et l\u2019extr\u00eame droite sont mont\u00e9es au cr\u00e9neau face \u00e0 l\u2019affiche de la Pride parisienne avec pour slogan \u00ab\u00a0Contre l\u2019internationale r\u00e9actionnaire\u00a0\u00bb et qui montre un homme en noir et blanc qui semble avoir \u00e9t\u00e9 mis KO. Sur son cou figure une croix celtique, un symbole appropri\u00e9 par les mouvements n\u00e9ofascistes.<\/p>\n<p>                     Une Pride parisienne sous pression    <\/p>\n<p class=\"asset asset-text\">Le visuel a d\u00e9plu \u00e0 la ministre en charge de la lutte contre les discriminations, Aurore Berg\u00e9, et \u00e0 la pr\u00e9sidente de la r\u00e9gion \u00cele-de-France, <a href=\"https:\/\/www.huffingtonpost.fr\/politique\/article\/a-la-marche-des-fiertes-lgbt-valerie-pecresse-ne-veut-pas-du-logo-de-la-region-sur-l-affiche_250979.html\" target=\"_blank\" rel=\"noopener\">Val\u00e9rie P\u00e9cresse<\/a>, qui l\u2019ont jug\u00e9 \u00ab\u00a0violent\u00a0\u00bb. La premi\u00e8re a demand\u00e9 le retrait du logo de la Dilcrah (D\u00e9l\u00e9gation interminist\u00e9rielle \u00e0 la lutte contre le racisme, l\u2019antis\u00e9mitisme et la haine anti-LGBT) et la seconde celui de la r\u00e9gion \u00cele-de-France, qui a aussi suspendu les subventions en cours qui devaient revenir aux organisateurs. Ces derniers, r\u00e9unis au sein de l\u2019Inter-LGBT, avaient d\u00e9nonc\u00e9 des \u00ab\u00a0contresens grossiers\u00a0\u00bb dans la lecture de l\u2019affiche.<\/p>\n<p class=\"asset asset-text\">Une autre pression pesait sur la Pride parisienne\u00a0: la venue du collectif d\u2019extr\u00eame droite Eros \u00e0 laquelle s\u2019opposaient de nombreuses personnalit\u00e9s de <a href=\"https:\/\/www.huffingtonpost.fr\/culture\/article\/le-message-de-nicky-doll-contre-la-presence-de-l-extreme-droite-a-la-pride-restez-chez-vous_251751.html\" target=\"_blank\" rel=\"noopener\">Nicky Doll<\/a> \u00e0 Virginie Despentes en passant par Bilal Hassani, mais aussi les organisateurs de l\u2019Inter-LGBT. \u00ab\u00a0Les 130\u00a0associations participantes sont en accord avec le fait de rester sur place tant qu\u2019Eros sera autoris\u00e9 \u00e0 d\u00e9filer\u00a0\u00bb, avait pr\u00e9venu Clara Priv\u00e9, vice-pr\u00e9sidente de l\u2019association.<\/p>\n<p class=\"asset asset-text\">Le cort\u00e8ge s\u2019est finalement \u00e9lanc\u00e9 malgr\u00e9 la pr\u00e9sence d\u2019une quinzaine de membres du collectif d\u2019extr\u00eame droite, rassembl\u00e9s \u00e0 l\u2019\u00e9cart et encadr\u00e9s par plusieurs dizaines de force de l\u2019ordre pour emp\u00eacher tout contact avec la marche. \u00ab\u00a0Notre pr\u00e9sence n\u2019est pas la bienvenue\u00a0\u00bb, a comment\u00e9 le responsable du groupe, Yohan Pawer. S\u2019il se targue aujourd\u2019hui de participer \u00e0 la marche des fiert\u00e9s, cet ex-candidat Reconqu\u00eate l\u2019a pourtant longtemps qualifi\u00e9e de \u00ab\u00a0marche des d\u00e9chets\u00a0\u00bb, comme le rapportent <a href=\"https:\/\/www.mediapart.fr\/journal\/france\/250625\/marche-des-fiertes-le-ministere-de-l-interieur-pousse-pour-integrer-un-collectif-d-extreme-droite-dans-le\" target=\"_blank\" rel=\"noopener\" title=\"Nouvelle fen\u00eatre\">Mediapart<\/a> et <a href=\"https:\/\/www.streetpress.com\/sujet\/1750780259-gay-patriote-eros-pride-marche-fiertes-manif-transphobe-xenophobe-extreme-droite-retailleau\" target=\"_blank\" rel=\"noopener\" title=\"Nouvelle fen\u00eatre\">StreetPress<\/a>.<\/p>\n","protected":false},"excerpt":{"rendered":"La lecture de ce contenu est susceptible d\u2019entra\u00eener un d\u00e9p\u00f4t de cookies de la part de l\u2019op\u00e9rateur tiers&hellip;\n","protected":false},"author":2,"featured_media":212531,"comment_status":"","ping_status":"","sticky":false,"template":"","format":"standard","meta":{"footnotes":""},"categories":[2],"tags":[11,35220,1011,27,804,24310,12,626,316,25],"class_list":{"0":"post-212530","1":"post","2":"type-post","3":"status-publish","4":"format-standard","5":"has-post-thumbnail","7":"category-actualites","8":"tag-actualites","9":"tag-droits-lgbt","10":"tag-fr","11":"tag-france","12":"tag-hongrie","13":"tag-marche-des-fiertes","14":"tag-news","15":"tag-paris","16":"tag-politique","17":"tag-republique-francaise"},"share_on_mastodon":{"url":"https:\/\/pubeurope.com\/@fr\/114764902878273906","error":""},"_links":{"self":[{"href":"https:\/\/www.europesays.com\/fr\/wp-json\/wp\/v2\/posts\/212530","targetHints":{"allow":["GET"]}}],"collection":[{"href":"https:\/\/www.europesays.com\/fr\/wp-json\/wp\/v2\/posts"}],"about":[{"href":"https:\/\/www.europesays.com\/fr\/wp-json\/wp\/v2\/types\/post"}],"author":[{"embeddable":true,"href":"https:\/\/www.europesays.com\/fr\/wp-json\/wp\/v2\/users\/2"}],"replies":[{"embeddable":true,"href":"https:\/\/www.europesays.com\/fr\/wp-json\/wp\/v2\/comments?post=212530"}],"version-history":[{"count":0,"href":"https:\/\/www.europesays.com\/fr\/wp-json\/wp\/v2\/posts\/212530\/revisions"}],"wp:featuredmedia":[{"embeddable":true,"href":"https:\/\/www.europesays.com\/fr\/wp-json\/wp\/v2\/media\/212531"}],"wp:attachment":[{"href":"https:\/\/www.europesays.com\/fr\/wp-json\/wp\/v2\/media?parent=212530"}],"wp:term":[{"taxonomy":"category","embeddable":true,"href":"https:\/\/www.europesays.com\/fr\/wp-json\/wp\/v2\/categories?post=212530"},{"taxonomy":"post_tag","embeddable":true,"href":"https:\/\/www.europesays.com\/fr\/wp-json\/wp\/v2\/tags?post=212530"}],"curies":[{"name":"wp","href":"https:\/\/api.w.org\/{rel}","templated":true}]}}