{"id":212537,"date":"2025-06-29T05:07:11","date_gmt":"2025-06-29T05:07:11","guid":{"rendered":"https:\/\/www.europesays.com\/fr\/212537\/"},"modified":"2025-06-29T05:07:11","modified_gmt":"2025-06-29T05:07:11","slug":"je-ne-pense-pas-a-qui-je-pourrais-rejoindre-si-je-gagnais-trois-fois-daffilee-ecarte-alcaraz","status":"publish","type":"post","link":"https:\/\/www.europesays.com\/fr\/212537\/","title":{"rendered":"\u00abJe ne pense pas \u00e0 qui je pourrais rejoindre si je gagnais trois fois d\u2019affil\u00e9e\u00bb, \u00e9carte Alcaraz"},"content":{"rendered":"<p>Le num\u00e9ro 2 mondial et double tenant du titre sur le gazon londonien a souhait\u00e9 \u00e9vacuer la pression qui p\u00e8se sur lui avant son entr\u00e9e en lice lundi.<\/p>\n<p class=\"fig-paragraph\">\u00abDeux semaines, \u00e7a peut \u00eatre tr\u00e8s long en Grand Chelem\u00bb, donc pas question pour l&rsquo;heure de penser \u00ab\u00e0 qui je pourrais rejoindre (dans l&rsquo;histoire) si je gagnais trois fois Wimbledon d&rsquo;affil\u00e9e\u00bb, a affirm\u00e9 samedi l&rsquo;Espagnol\u00a0<a href=\"http:\/\/www.lefigaro.fr\/sports\/tennis\/tennis-alcaraz-continue-sur-sa-lancee-en-venant-a-bout-de-lehecka-en-finale-au-queen-s-20250622\" data-fig-type=\"NewsFlash\" data-gtm-custom-categorie=\"navigation\" data-gtm-custom-action=\"crossclick\" data-gtm-custom-label=\"Contextuel\" data-gtm-event=\"customEventSPE\" data-fig-domain=\"LEFIGARO\" rel=\"nofollow noopener\" target=\"_blank\">Carlos Alcaraz<\/a>, double tenant du titre. Le joueur de 22 ans vise un troisi\u00e8me titre cons\u00e9cutif sur l&rsquo;herbe londonienne, ce que seuls Bj\u00f6rn Borg, Pete Sampras, Roger Federer et\u00a0<a href=\"http:\/\/www.lefigaro.fr\/sports\/tennis\/wimbledon\/wimbledon-ma-meilleure-chance-de-gagner-un-25e-titre-du-grand-chelem-estime-djokovic-20250628\" data-fig-type=\"NewsFlash\" data-gtm-custom-categorie=\"navigation\" data-gtm-custom-action=\"crossclick\" data-gtm-custom-label=\"Contextuel\" data-gtm-event=\"customEventSPE\" data-fig-domain=\"LEFIGARO\" rel=\"nofollow noopener\" target=\"_blank\">Novak Djokovic<\/a>\u00a0ont r\u00e9ussi avant lui.<\/p>\n<p class=\"fig-paragraph\">\u00abJe viens ici parce que je veux vraiment gagner le titre, soulever le troph\u00e9e. Je ne pense pas au nombre de joueurs qui l&rsquo;ont fait\u00bb, a-t-il \u00e9vacu\u00e9 en conf\u00e9rence de presse, questionn\u00e9 sur un \u00e9ventuel tripl\u00e9. \u00abDeux semaines, \u00e7a peut \u00eatre tr\u00e8s long en Grand Chelem, donc pour l&rsquo;instant je ne pense pas \u00e0 qui je pourrais rejoindre si je gagnais trois fois Wimbledon d&rsquo;affil\u00e9e\u00bb, a-t-il insist\u00e9.<\/p>\n<p>Alcaraz reste sur une s\u00e9rie de dix-huit matches cons\u00e9cutifs remport\u00e9s<\/p>\n<p class=\"fig-paragraph\">En tout cas, \u00abc&rsquo;est formidable d&rsquo;\u00eatre de retour \u00e0 Wimbledon en tant que champion en titre. C&rsquo;est vraiment magnifique quand on pense \u00e0 ce qui s&rsquo;est pass\u00e9 l&rsquo;ann\u00e9e derni\u00e8re, j&rsquo;ai vraiment h\u00e2te de commencer le tournoi\u00bb. Le\u00a0<a href=\"http:\/\/www.lefigaro.fr\/sports\/tennis\/classement-atp-medvedev-reintegre-le-top-10-alcaraz-se-rapproche-de-sinner-20250623\" data-fig-type=\"NewsFlash\" data-gtm-custom-categorie=\"navigation\" data-gtm-custom-action=\"crossclick\" data-gtm-custom-label=\"Contextuel\" data-gtm-event=\"customEventSPE\" data-fig-domain=\"LEFIGARO\" rel=\"nofollow noopener\" target=\"_blank\">num\u00e9ro 2 mondial<\/a>\u00a0d\u00e9barque sur le gazon du All England Club apr\u00e8s avoir remport\u00e9 dix-huit matches cons\u00e9cutifs, son record personnel, une s\u00e9rie qui inclut des titres \u00e0 Rome, Roland-Garros et au Queen&rsquo;s.<\/p>\n<p class=\"fig-paragraph\">Il affrontera le v\u00e9t\u00e9ran italien\u00a0<a href=\"http:\/\/www.lefigaro.fr\/sports\/tennis\/tennis-merci-rome-cela-a-ete-un-tres-beau-voyage-fognini-retraite-en-fin-d-annee-et-sorti-d-entree-a-rome-20250508\" data-fig-type=\"NewsFlash\" data-gtm-custom-categorie=\"navigation\" data-gtm-custom-action=\"crossclick\" data-gtm-custom-label=\"Contextuel\" data-gtm-event=\"customEventSPE\" data-fig-domain=\"LEFIGARO\" rel=\"nofollow noopener\" target=\"_blank\">Fabio Fognini\u00a0<\/a>(130e), 38 ans, lundi au premier tour sur le court central. Devant la presse, l&rsquo;Espagnol a dit appr\u00e9cier tout particuli\u00e8rement de jouer sur gazon, la surface o\u00f9 \u00abl&rsquo;on peut voir le plus beau tennis\u00bb. \u00abLe style que les joueurs apportent sur le court lorsqu&rsquo;ils jouent sur herbe, c&rsquo;est tr\u00e8s beau. Le son de la balle. Le mouvement est vraiment difficile, mais quand vous le ma\u00eetrisez, c&rsquo;est comme si vous voliez\u00bb.<\/p>\n","protected":false},"excerpt":{"rendered":"Le num\u00e9ro 2 mondial et double tenant du titre sur le gazon londonien a souhait\u00e9 \u00e9vacuer la pression&hellip;\n","protected":false},"author":2,"featured_media":212538,"comment_status":"","ping_status":"","sticky":false,"template":"","format":"standard","meta":{"footnotes":""},"categories":[1415],"tags":[47,4169,7779,105,2199,1011,27,25011,1114,35225,1960,1980,60,1467,4173,4170],"class_list":{"0":"post-212537","1":"post","2":"type-post","3":"status-publish","4":"format-standard","5":"has-post-thumbnail","7":"category-tennis","8":"tag-actualite","9":"tag-atp","10":"tag-carlos-alcaraz","11":"tag-djokovic","12":"tag-federer","13":"tag-fr","14":"tag-france","15":"tag-grand-chelem","16":"tag-infos","17":"tag-murray","18":"tag-nadal","19":"tag-resultats","20":"tag-sports","21":"tag-tennis","22":"tag-wimbledon","23":"tag-wta"},"share_on_mastodon":{"url":"https:\/\/pubeurope.com\/@fr\/114764922446550343","error":""},"_links":{"self":[{"href":"https:\/\/www.europesays.com\/fr\/wp-json\/wp\/v2\/posts\/212537","targetHints":{"allow":["GET"]}}],"collection":[{"href":"https:\/\/www.europesays.com\/fr\/wp-json\/wp\/v2\/posts"}],"about":[{"href":"https:\/\/www.europesays.com\/fr\/wp-json\/wp\/v2\/types\/post"}],"author":[{"embeddable":true,"href":"https:\/\/www.europesays.com\/fr\/wp-json\/wp\/v2\/users\/2"}],"replies":[{"embeddable":true,"href":"https:\/\/www.europesays.com\/fr\/wp-json\/wp\/v2\/comments?post=212537"}],"version-history":[{"count":0,"href":"https:\/\/www.europesays.com\/fr\/wp-json\/wp\/v2\/posts\/212537\/revisions"}],"wp:featuredmedia":[{"embeddable":true,"href":"https:\/\/www.europesays.com\/fr\/wp-json\/wp\/v2\/media\/212538"}],"wp:attachment":[{"href":"https:\/\/www.europesays.com\/fr\/wp-json\/wp\/v2\/media?parent=212537"}],"wp:term":[{"taxonomy":"category","embeddable":true,"href":"https:\/\/www.europesays.com\/fr\/wp-json\/wp\/v2\/categories?post=212537"},{"taxonomy":"post_tag","embeddable":true,"href":"https:\/\/www.europesays.com\/fr\/wp-json\/wp\/v2\/tags?post=212537"}],"curies":[{"name":"wp","href":"https:\/\/api.w.org\/{rel}","templated":true}]}}