{"id":212543,"date":"2025-06-29T05:11:18","date_gmt":"2025-06-29T05:11:18","guid":{"rendered":"https:\/\/www.europesays.com\/fr\/212543\/"},"modified":"2025-06-29T05:11:18","modified_gmt":"2025-06-29T05:11:18","slug":"cyclisme-championnats-des-pays-bas-danny-van-poppel-je-ne-realise-pas-cest-irreel","status":"publish","type":"post","link":"https:\/\/www.europesays.com\/fr\/212543\/","title":{"rendered":"Cyclisme. Championnats des Pays-Bas &#8211; Danny Van Poppel : \u00abJe ne r\u00e9alise pas, c&rsquo;est irr\u00e9el !\u00bb"},"content":{"rendered":"<p>Incroyable sprint final de <strong><a href=\"https:\/\/www.cyclismactu.net\/..\/news-cyclisme-championnats-des-pays-bas-surprise-danny-van-poppel-s-impose-olav-kooij-battu-88601.html?utm_campaign=post-auto&amp;utm_medium=twitter&amp;utm_source=mashup-cyclismactu\" rel=\"nofollow noopener\" target=\"_blank\">Danny Van Poppel<\/a><\/strong> (Red Bull-BORA-hansgrohe) ! Le N\u00e9erlandais a cr\u00e9\u00e9 la sensation ce samedi sur l&rsquo;\u00e9preuve en ligne des <strong>Championnats des Pays-Bas<\/strong>, en devan\u00e7ant au sprint deux des meilleurs sprinteurs du monde. Pourtant parfaitement plac\u00e9 et parti pour l&#8217;emporter, <strong>Olav Kooij <\/strong>(Team Visma | Lease a Bike) s&rsquo;est fait reprendre dans les tout derniers m\u00e8tres et a vu son compatriote le coiffer sur la ligne, \u00e0 la photo-finish. <strong>Dylan Groenewegen<\/strong> (Team Jayco-AlUla) compl\u00e8te lui le podium. <strong>Van Poppel <\/strong>s&#8217;empare ainsi pour la premi\u00e8re fois du maillot national, alors que son meilleur r\u00e9sultat sur cette course datait de 2018, quand il avait fini 2e derri\u00e8re <strong>Mathieu van der Poel<\/strong> (Alpecin-Deceuninck).<\/p>\n<p>Vid\u00e9o &#8211; Van Poppel avait remport\u00e9 deux \u00e9tapes en Hongrie Lire la suite de l&rsquo;article&#13;<\/p>\n<p>\u00a0<\/p>\n<p>&#13;<br \/>\n\u00ab\u00a0J&rsquo;avais quelque chose \u00e0 r\u00e9parer&#8230;\u00a0\u00bb&#13;<\/p>\n<p>Apr\u00e8s l&rsquo;arriv\u00e9e, il est apparu particuli\u00e8rement \u00e9mu de cette victoire : \u00ab\u00a0Je n\u2019aurais jamais pens\u00e9 que cela arriverait. C\u2019est incroyable ! Je ne l\u2019aurais jamais cru. On dit souvent que tu voles quand tu deviens p\u00e8re, et bien, c\u2019est vrai ! Depuis le Tour de Hongrie, j\u2019ai appris \u00e0 rester calme, et c&rsquo;est ce que j\u2019ai fait \u00e0 nouveau aujourd&rsquo;hui. Je suis venu ici pour gagner, il faut vraiment croire en soi. J\u2019ai encore du mal \u00e0 r\u00e9aliser, c&rsquo;est irr\u00e9el ! Je n\u2019avais plus particip\u00e9 depuis cinq ans, et je me suis dit que j\u2019allais retenter ma chance, peut-\u00eatre que \u00e7a allait sourire cette fois. J\u2019avais quelque chose \u00e0 r\u00e9parer\u00a0\u00bb, conclut-il.<\/p>\n<p>Championnats des Pays-Bas &#8211; Course en ligne (H) &#8211; Classement g\u00e9n\u00e9ral<\/p>\n","protected":false},"excerpt":{"rendered":"Incroyable sprint final de Danny Van Poppel (Red Bull-BORA-hansgrohe) ! Le N\u00e9erlandais a cr\u00e9\u00e9 la sensation ce samedi&hellip;\n","protected":false},"author":2,"featured_media":212544,"comment_status":"","ping_status":"","sticky":false,"template":"","format":"standard","meta":{"footnotes":""},"categories":[1411],"tags":[34142,1154,207,211,1011,27,209,60,210,212,208,213],"class_list":{"0":"post-212543","1":"post","2":"type-post","3":"status-publish","4":"format-standard","5":"has-post-thumbnail","7":"category-cyclisme","8":"tag-championnats-des-pays-bas","9":"tag-cycling","10":"tag-cyclisme","11":"tag-ffc","12":"tag-fr","13":"tag-france","14":"tag-route","15":"tag-sports","16":"tag-tour-de-france","17":"tag-uci","18":"tag-velo","19":"tag-world-tour"},"share_on_mastodon":{"url":"https:\/\/pubeurope.com\/@fr\/114764938185803501","error":""},"_links":{"self":[{"href":"https:\/\/www.europesays.com\/fr\/wp-json\/wp\/v2\/posts\/212543","targetHints":{"allow":["GET"]}}],"collection":[{"href":"https:\/\/www.europesays.com\/fr\/wp-json\/wp\/v2\/posts"}],"about":[{"href":"https:\/\/www.europesays.com\/fr\/wp-json\/wp\/v2\/types\/post"}],"author":[{"embeddable":true,"href":"https:\/\/www.europesays.com\/fr\/wp-json\/wp\/v2\/users\/2"}],"replies":[{"embeddable":true,"href":"https:\/\/www.europesays.com\/fr\/wp-json\/wp\/v2\/comments?post=212543"}],"version-history":[{"count":0,"href":"https:\/\/www.europesays.com\/fr\/wp-json\/wp\/v2\/posts\/212543\/revisions"}],"wp:featuredmedia":[{"embeddable":true,"href":"https:\/\/www.europesays.com\/fr\/wp-json\/wp\/v2\/media\/212544"}],"wp:attachment":[{"href":"https:\/\/www.europesays.com\/fr\/wp-json\/wp\/v2\/media?parent=212543"}],"wp:term":[{"taxonomy":"category","embeddable":true,"href":"https:\/\/www.europesays.com\/fr\/wp-json\/wp\/v2\/categories?post=212543"},{"taxonomy":"post_tag","embeddable":true,"href":"https:\/\/www.europesays.com\/fr\/wp-json\/wp\/v2\/tags?post=212543"}],"curies":[{"name":"wp","href":"https:\/\/api.w.org\/{rel}","templated":true}]}}