{"id":212547,"date":"2025-06-29T05:13:11","date_gmt":"2025-06-29T05:13:11","guid":{"rendered":"https:\/\/www.europesays.com\/fr\/212547\/"},"modified":"2025-06-29T05:13:11","modified_gmt":"2025-06-29T05:13:11","slug":"pour-dire-oui-a-jeff-bezos-lauren-sanchez-sest-inspiree-de-la-robe-dune-celebre-actrice","status":"publish","type":"post","link":"https:\/\/www.europesays.com\/fr\/212547\/","title":{"rendered":"Pour dire oui \u00e0 Jeff Bezos, Lauren Sanchez s&rsquo;est inspir\u00e9e de la robe d&rsquo;une c\u00e9l\u00e8bre actrice"},"content":{"rendered":"<ul class=\"jsx-862013697 ArticleChapo__List\">\n<li class=\"jsx-862013697 ArticleChapo__List_Item flex\">Jeff Bezos et Lauren Sanchez se sont dits oui ce vendredi lors de noces de r\u00eaves \u00e0 Venise.<\/li>\n<li class=\"jsx-862013697 ArticleChapo__List_Item flex\">La journaliste portait une robe en dentelle de la maison Dolce &amp; Gabbana.<\/li>\n<li class=\"jsx-862013697 ArticleChapo__List_Item flex\">Une merveille inspir\u00e9e d&rsquo;une robe port\u00e9e par une mythique actrice italienne \u00e0 l&rsquo;\u00e9cran.<\/li>\n<\/ul>\n<p data-module=\"article-paragraph\" class=\"jsx-3046738180 Paragraph Paragraph__End\">\u00c0 moins d\u2019avoir \u00e9t\u00e9 priv\u00e9 d\u2019Internet ces derniers jours, vous n\u2019avez pas pu passer \u00e0 c\u00f4t\u00e9 du mariage de l\u2019\u00e9t\u00e9, voire de l\u2019ann\u00e9e, voire du si\u00e8cle. Jeff Bezos, le richissime fondateur d\u2019Amazon, a \u00e9pous\u00e9 ce vendredi \u00e0 Venise la journaliste Lauren Sanchez qui partage sa vie depuis 2018. <a href=\"https:\/\/www.tf1info.fr\/culture\/photos-et-videos-kim-kardashian-oprah-winfrey-leonardo-dicaprio-les-stars-affluent-a-venise-pour-le-mariage-de-jeff-bezos-et-lauren-sanchez-2379444.html\" target=\"_blank\" rel=\"noopener\">Une noce hors norme \u00e0 laquelle ont assist\u00e9 un parterre de stars<\/a>, de Leonardo DiCaprio \u00e0 la famille Kardashian en passant par Oprah Winfrey, Bill Gates, Orlando Bloom, Usher ou encore Ivanka Trump, la fille du pr\u00e9sident am\u00e9ricain et son \u00e9poux Jared Kushner.<\/p>\n<p data-module=\"article-paragraph\" class=\"jsx-3046738180 Paragraph Paragraph__End\">Pour dire oui \u00e0 l\u2019un des hommes les plus riches du monde, l\u2019ancienne pr\u00e9sentatrice de Fox Sports avait opt\u00e9 pour une splendide robe en dentelle \u00e0 col montant et manches longues de la maison Dolce &amp; Gabbana. Sa source d\u2019inspiration ? Une c\u00e9l\u00e8bre actrice italienne dans un classique du cin\u00e9ma. \u00ab\u00a0J\u2019ai recherch\u00e9 des photos de mari\u00e9es des ann\u00e9es 1950\u00a0\u00bb, confiait r\u00e9cemment la journaliste de 55 ans dans Vogue. \u00ab\u00a0Et je suis tomb\u00e9e sur Sophia Loren, les mains jointes, et je me suis dit : \u2018c\u2019est \u00e7a, c\u2019est la robe !'\u00a0\u00bb.<\/p>\n<p data-module=\"article-paragraph\" class=\"jsx-3046738180 Paragraph Paragraph__End\">Avis aux cin\u00e9philes : la robe en question a \u00e9t\u00e9 port\u00e9e par Sophia Loren dans La P\u00e9niche du Bonheur, un film Melville Shavelson sorti en 1957. La com\u00e9dienne italienne y incarne Cinzia, la fille d\u2019un c\u00e9l\u00e8bre chef d\u2019orchestre italien. Suite \u00e0 un quiproquo, elle est engag\u00e9e comme gouvernante par Tom Winter, un riche avocat interpr\u00e9t\u00e9 par Cary Grant, incapable de s\u2019occuper de ses trois enfants apr\u00e8s la mort de leur m\u00e8re. On vous laisse deviner la suite&#8230;<\/p>\n<blockquote data-testid=\"EmbedTwitter\" id=\"tweet-1938721431761596717-:R4mmij9n79m:\" class=\"jsx-aeff1a1c40f54d7a twitter-tweet flex justify-center items-center\"><p>As a devoted fan of both Sophia Loren and Dolce &amp; Gabbana, I\u2019m absolutely thrilled with this beautiful nod to la Dolce Vita  It added a refined touch to the Bezos-Sanchez wedding, recalling that iconic image from the 1958 film Houseboat with Cary Grant and Sophia Loren Bravo!  pic.twitter.com\/53LauslVnF \u2014 Mambo Italiano (@mamboitaliano__)  June 27, 2025<\/p><\/blockquote>\n<p data-module=\"article-paragraph\" class=\"jsx-3046738180 Paragraph Paragraph__End\">\u00ab\u00a0Au d\u00e9part, je voulais une robe simple, sexy et moderne\u00a0\u00bb, expliquait Lauren Sanchez \u00e0 Vogue \u00e0 propos de cette tenue de r\u00eave. \u00ab\u00a0Et puis finalement, j\u2019ai eu envie de quelque chose qui \u00e9voque un moment. O\u00f9 je suis aujourd\u2019hui car je suis une personne diff\u00e9rente de celle que j\u2019\u00e9tais il y a cinq ans\u00a0\u00bb, ajoutait cette m\u00e8re de trois enfants, dont deux n\u00e9s d\u2019une pr\u00e9c\u00e9dente union avec l\u2019agent de stars Patrick Whitsell.\u00a0<\/p>\n<p><a href=\"https:\/\/www.tf1info.fr\/culture\/video-lci-250-invites-40-millions-d-euros-de-budget-les-chiffres-hallucinants-du-mariage-de-jeff-bezos-a-venise-2379731.html\" rel=\"noopener\" class=\"jsx-3308031228 Link flex\" target=\"_blank\"><img decoding=\"async\" src=\"https:\/\/www.europesays.com\/fr\/wp-content\/uploads\/2025\/06\/jeff-bezos-amazon-1-7e18b8-0@1x.jpeg\" alt=\"Le fondateur et PDG d'Amazon, Jeff Bezos, lors d'une conf\u00e9rence de presse \u00e0 Washington D.C., le 19 septembre 2019. \" loading=\"lazy\" importance=\"low\" fetchpriority=\"low\" class=\"\"\/><\/p>\n<p class=\"jsx-3657663356 ReadMoreArticle__Title\">Lire aussi<\/p>\n<p class=\"jsx-3657663356\">250 invit\u00e9s, 40 millions d&rsquo;euros de budget&#8230; Les chiffres hallucinants du mariage de Jeff Bezos \u00e0 Venise<\/p>\n<p><\/a><\/p>\n<p data-module=\"article-paragraph\" class=\"jsx-3046738180 Paragraph Paragraph__End\">C\u2019est par l\u2019interm\u00e9diaire de ce dernier qu\u2019elle fait la rencontre de Jeff Bezos en 2016, lors d\u2019une soir\u00e9e organis\u00e9e par Amazon Studios. R\u00e9v\u00e9l\u00e9e en janvier 2019, leur idylle a boulevers\u00e9 sa vie. D\u00e9laissant le journalisme, Lauren Sanchez se consacre d\u00e9sormais \u00e0 sa soci\u00e9t\u00e9 Black Ops Aviation, qui fournit des h\u00e9licopt\u00e8res pour des tournages de films et de s\u00e9rie. Elle est \u00e9galement devenue la porte-parole du Bezos Earth Fund, l\u2019ONG \u00e9colo de son nouveau compagnon.<\/p>\n<p>J\u00e9r\u00f4me VERMELIN<\/p>\n<p><script async src=\"https:\/\/platform.twitter.com\/widgets.js\" charset=\"utf-8\"><\/script><\/p>\n","protected":false},"excerpt":{"rendered":"Jeff Bezos et Lauren Sanchez se sont dits oui ce vendredi lors de noces de r\u00eaves \u00e0 Venise.&hellip;\n","protected":false},"author":2,"featured_media":212548,"comment_status":"","ping_status":"","sticky":false,"template":"","format":"standard","meta":{"footnotes":""},"categories":[1359],"tags":[1111,11,1921,58,59,1011,27,1922,697,2132,2041,23206,973,133,2040],"class_list":{"0":"post-212547","1":"post","2":"type-post","3":"status-publish","4":"format-standard","5":"has-post-thumbnail","7":"category-people","8":"tag-actu","9":"tag-actualites","10":"tag-article-video","11":"tag-divertissement","12":"tag-entertainment","13":"tag-fr","14":"tag-france","15":"tag-info","16":"tag-jeff-bezos","17":"tag-leonardo-dicaprio","18":"tag-medias-et-divertissement","19":"tag-oprah-winfrey","20":"tag-people","21":"tag-video","22":"tag-video-culture"},"share_on_mastodon":{"url":"https:\/\/pubeurope.com\/@fr\/114764946137942660","error":""},"_links":{"self":[{"href":"https:\/\/www.europesays.com\/fr\/wp-json\/wp\/v2\/posts\/212547","targetHints":{"allow":["GET"]}}],"collection":[{"href":"https:\/\/www.europesays.com\/fr\/wp-json\/wp\/v2\/posts"}],"about":[{"href":"https:\/\/www.europesays.com\/fr\/wp-json\/wp\/v2\/types\/post"}],"author":[{"embeddable":true,"href":"https:\/\/www.europesays.com\/fr\/wp-json\/wp\/v2\/users\/2"}],"replies":[{"embeddable":true,"href":"https:\/\/www.europesays.com\/fr\/wp-json\/wp\/v2\/comments?post=212547"}],"version-history":[{"count":0,"href":"https:\/\/www.europesays.com\/fr\/wp-json\/wp\/v2\/posts\/212547\/revisions"}],"wp:featuredmedia":[{"embeddable":true,"href":"https:\/\/www.europesays.com\/fr\/wp-json\/wp\/v2\/media\/212548"}],"wp:attachment":[{"href":"https:\/\/www.europesays.com\/fr\/wp-json\/wp\/v2\/media?parent=212547"}],"wp:term":[{"taxonomy":"category","embeddable":true,"href":"https:\/\/www.europesays.com\/fr\/wp-json\/wp\/v2\/categories?post=212547"},{"taxonomy":"post_tag","embeddable":true,"href":"https:\/\/www.europesays.com\/fr\/wp-json\/wp\/v2\/tags?post=212547"}],"curies":[{"name":"wp","href":"https:\/\/api.w.org\/{rel}","templated":true}]}}