{"id":212549,"date":"2025-06-29T05:14:34","date_gmt":"2025-06-29T05:14:34","guid":{"rendered":"https:\/\/www.europesays.com\/fr\/212549\/"},"modified":"2025-06-29T05:14:34","modified_gmt":"2025-06-29T05:14:34","slug":"aux-douches-la-galerie-a-paris-la-photographie-met-le-couvert-liberation","status":"publish","type":"post","link":"https:\/\/www.europesays.com\/fr\/212549\/","title":{"rendered":"Aux Douches-La Galerie \u00e0 Paris, la photographie met\u00a0le couvert \u2013 Lib\u00e9ration"},"content":{"rendered":"<p class=\"sc-ksZaOG ehjQrN text-element\">Peut-on dire d\u2019une exposition qu\u2019elle est vraiment chou ? On va se le permettre avec la d\u00e9licieuse \u00abDans ma cuisine\u00bb, une proposition originale d\u2019Eric R\u00e9my, commissaire, et de Fran\u00e7oise Morin, directrice de la galerie Les Douches. Les deux complices ont mitonn\u00e9 un accrochage aux petits oignons autour de la cuisine, un sujet en apparence prosa\u00efque mais, au fond, si riche pour les photographes. Il ne s\u2019agit pas d\u2019une expo de photo culinaire, mais plut\u00f4t d\u2019un petit voyage visuel autour des objets et des aliments de cette pi\u00e8ce ma\u00eetresse de la maison qui, avant les ann\u00e9es 1960, \u00e9tait un peu cach\u00e9e. Avec la cuisine, un nouvel horizon s\u2019ouvre, qui devient une malle aux tr\u00e9sors, une caverne d\u2019Ali Baba pour les photographes.<\/p>\n<p class=\"sc-ksZaOG ehjQrN text-element\">Apr\u00e8s un gros plan de cuill\u00e8re \u2013 elle est si \u00e9norme qu\u2019elle pourrait \u00eatre celle d\u2019un g\u00e9ant \u2013 (Patrick Tosani), l\u2019exposition s\u2019ouvre avec la c\u00e9l\u00e8bre fourchette d\u2019Andr\u00e9 Kert\u00e9sz (1928). Pos\u00e9e sur une assiette creuse, regard\u00e9e depuis le flanc, elle est comme en apesanteur, avec ses ombres port\u00e9es qui dessinent de belles lignes graphiques. Prise par Kert\u00e9sz dans l\u2019atelier de Fernand L\u00e9ger, cette photographie d\u2019abord moqu\u00e9e pour son sujet ordinaire est devenue une ic\u00f4ne du modernisme.<\/p>\n<p class=\"sc-ksZaOG ehjQrN text-element\">Et c\u2019est cela dont parle l\u2019exposition : la richesse incroyable des exp\u00e9rimentations photographiques de l\u2019entre-deux-guerres. Gr\u00e2ce \u00e0 des appareils plus maniables (Leica), gr\u00e2ce \u00e0 la technique du photogramme, les photographes s\u2019amusent avec ce qu\u2019ils ont \u00e0 port\u00e9e de main. Titill\u00e9s par l\u2019env<\/p>\n","protected":false},"excerpt":{"rendered":"Peut-on dire d\u2019une exposition qu\u2019elle est vraiment chou ? On va se le permettre avec la d\u00e9licieuse \u00abDans&hellip;\n","protected":false},"author":2,"featured_media":212550,"comment_status":"","ping_status":"","sticky":false,"template":"","format":"standard","meta":{"footnotes":""},"categories":[1358],"tags":[1348,1384,1385,1386,58,59,1011,27],"class_list":{"0":"post-212549","1":"post","2":"type-post","3":"status-publish","4":"format-standard","5":"has-post-thumbnail","7":"category-arts-et-design","8":"tag-arts","9":"tag-arts-and-design","10":"tag-arts-et-design","11":"tag-design","12":"tag-divertissement","13":"tag-entertainment","14":"tag-fr","15":"tag-france"},"share_on_mastodon":{"url":"https:\/\/pubeurope.com\/@fr\/114764949982347582","error":""},"_links":{"self":[{"href":"https:\/\/www.europesays.com\/fr\/wp-json\/wp\/v2\/posts\/212549","targetHints":{"allow":["GET"]}}],"collection":[{"href":"https:\/\/www.europesays.com\/fr\/wp-json\/wp\/v2\/posts"}],"about":[{"href":"https:\/\/www.europesays.com\/fr\/wp-json\/wp\/v2\/types\/post"}],"author":[{"embeddable":true,"href":"https:\/\/www.europesays.com\/fr\/wp-json\/wp\/v2\/users\/2"}],"replies":[{"embeddable":true,"href":"https:\/\/www.europesays.com\/fr\/wp-json\/wp\/v2\/comments?post=212549"}],"version-history":[{"count":0,"href":"https:\/\/www.europesays.com\/fr\/wp-json\/wp\/v2\/posts\/212549\/revisions"}],"wp:featuredmedia":[{"embeddable":true,"href":"https:\/\/www.europesays.com\/fr\/wp-json\/wp\/v2\/media\/212550"}],"wp:attachment":[{"href":"https:\/\/www.europesays.com\/fr\/wp-json\/wp\/v2\/media?parent=212549"}],"wp:term":[{"taxonomy":"category","embeddable":true,"href":"https:\/\/www.europesays.com\/fr\/wp-json\/wp\/v2\/categories?post=212549"},{"taxonomy":"post_tag","embeddable":true,"href":"https:\/\/www.europesays.com\/fr\/wp-json\/wp\/v2\/tags?post=212549"}],"curies":[{"name":"wp","href":"https:\/\/api.w.org\/{rel}","templated":true}]}}