{"id":21255,"date":"2025-04-13T03:31:22","date_gmt":"2025-04-13T03:31:22","guid":{"rendered":"https:\/\/www.europesays.com\/fr\/21255\/"},"modified":"2025-04-13T03:31:22","modified_gmt":"2025-04-13T03:31:22","slug":"mathieu-ceschin-lamour-est-dans-le-pre-critique-ses-camarades-volent-a-son-secours","status":"publish","type":"post","link":"https:\/\/www.europesays.com\/fr\/21255\/","title":{"rendered":"Mathieu Ceschin (L&rsquo;amour est dans le pr\u00e9) critiqu\u00e9, ses camarades volent \u00e0 son secours"},"content":{"rendered":"<p>Les anciens de L\u2019amour est dans le pr\u00e9 ont cr\u00e9\u00e9 une association il y a quatre ans pour faire conna\u00eetre leurs produits agricoles. Alors que la participation de Mathieu Ceschin y est d\u00e9cri\u00e9e, ses camarades ont fait le point sur la situation.<\/p>\n<p>L\u2019amour est dans le pr\u00e9 est une grande famille qui vole au secours de ses membres lorsqu\u2019ils sont attaqu\u00e9s. Ils l\u2019ont encore prouv\u00e9 ce vendredi 11 avril, sur Instagram, lors d&rsquo;une mise au point effectu\u00e9e via le compte ADP Tour, l\u2019association qui regroupe d\u2019anciens candidats de l\u2019\u00e9mission de M6 pour vendre leurs produits sur un march\u00e9 itin\u00e9rant apr\u00e8s plusieurs critiques concernant Mathieu Ceschin, que les t\u00e9l\u00e9spectateurs ont connu comme \u00e9leveur de taureaux. En effet, le p\u00e8re du petit Ezio fait partie de l\u2019association <a href=\"https:\/\/www.programme-tv.net\/news\/tv\/330037-lamour-est-dans-le-pre-quest-ce-que-ladp-tour-qui-a-reuni-les-anciens-candidats-ce-week-end\/\" data-api-deeplink=\"teleloisirs:\/\/news\/330037\" target=\"_blank\" rel=\"noopener\">ADP Tour<\/a> alors m\u00eame qu\u2019il n\u2019a plus d\u2019exploitation agricole. Sur Instagram, les abonn\u00e9s se sont pos\u00e9s des questions. \u00ab\u00a0Pourquoi certains agriculteurs vendent des terrines alors qu\u2019ils ne sont pas producteurs ?\u00a0\u00bb, a demand\u00e9 l\u2019un d\u2019eux lors d\u2019une session Questions\/R\u00e9ponses en story. Les administrateurs de la page, qui sont donc des anciens de <a href=\"https:\/\/www.programme-tv.net\/news\/people\/375635-avis-aux-mauvaises-langues-mathieu-ceschin-l-amour-est-dans-le-pre-fait-une-mise-au-point-au-sujet-des-revenus-de-son-fils-ezio\/\" data-api-deeplink=\"teleloisirs:\/\/news\/375635\" target=\"_blank\" rel=\"noopener\">L\u2019Amour est dans le pr\u00e9<\/a>, comme<a href=\"https:\/\/www.programme-tv.net\/news\/people\/375277-mathieu-ceschin-et-son-fils-ezio-retrouvent-des-anciens-de-l-amour-est-dans-le-pre-pour-un-moment-special\/\" data-api-deeplink=\"teleloisirs:\/\/news\/375277\" target=\"_blank\" rel=\"noopener\"> Mathieu Ceschin<\/a>, ont mis les choses au clair.<\/p>\n<p>Mathieu Ceschin (L\u2019amour est dans le pr\u00e9) continue de cr\u00e9er des produits du terroir<\/p>\n<p>\u00ab\u00a0R\u00e9tablissons clairement les choses. Ce cas ne s\u2019applique pas \u00e0 plusieurs adh\u00e9rents ADP, c\u2019est un cas unique. Effectivement, Mathieu n\u2019a plus \u00e0 l\u2019heure actuelle d\u2019exploitation agricole, c\u2019est un fait, ont admis les membres de l\u2019association. N\u00e9anmoins, par le biais de la cr\u00e9ation de ses terrines, il fait travailler un agriculteur s\u00e9lectionn\u00e9 de taureaux camarguais mais \u00e9galement d\u2019autres agriculteurs ADP. Il confectionne lui-m\u00eame les recettes et accords de ses terrines. L\u2019alliance du terroir camarguais dont il est originaire et des productions de ses camarades de L\u2019Amour est dans le pr\u00e9. Telle que sa terrine au gin de Valentin, celle au champagne de Virginie, celle aux herbes de Solange ou encore celle \u00e0 l\u2019eau de vie de <a href=\"https:\/\/www.programme-tv.net\/news\/people\/375323-notre-rayon-de-soleil-dans-les-heures-les-plus-sombres-pierre-et-frederique-l-amour-est-dans-le-pre-adressent-un-message-a-leur-fils-gabriel\/\" data-api-deeplink=\"teleloisirs:\/\/news\/375323\" target=\"_blank\" rel=\"noopener\">Pierre et Fred<\/a>. Il assume enti\u00e8rement son processus de production et ne s\u2019en est jamais cach\u00e9. Nous pouvons lire parfois qu\u2019il \u2018collerait simplement son \u00e9tiquette \u00e0 des terrines existantes\u2019, ce n\u2019est pas le cas.\u00a0\u00bb<\/p>\n<p>                        O\u00f9 voir les membres de l\u2019ADP Tour cette ann\u00e9e ?<\/p>\n<p>L\u2019ADP Tour, cr\u00e9\u00e9 en 2021, compte de plus en plus de participants chaque ann\u00e9e. Pour cette nouvelle \u00e9dition, des agriculteurs de la saison 19 de l\u2019\u00e9mission pr\u00e9sent\u00e9e par Karine Le Marchand ont rejoint l\u2019aventure. L\u2019occasion notamment de d\u00e9couvrir les produits de Manuela, de Christophe et Yann, mais aussi de St\u00e9phane et Nejla. Quatorze dates sont programm\u00e9es jusqu\u2019\u00e0 la fin de l\u2019ann\u00e9e dans quatorze lieux diff\u00e9rents. Le prochain rendez-vous est donn\u00e9 le week-end du 17 et 18 mai, chez Nicolas de la saison 9, en Meurthe-et-Moselle.<\/p>\n<blockquote class=\"instagram-media\" data-instgrm-captioned=\"\" data-instgrm-permalink=\"https:\/\/www.instagram.com\/p\/DEnapfmArs4\/?utm_source=ig_embed&amp;utm_campaign=loading\" data-instgrm-version=\"14\" style=\" background:#FFF; border:0; border-radius:3px; box-shadow:0 0 1px 0 rgba(0,0,0,0.5),0 1px 10px 0 rgba(0,0,0,0.15); margin: 1px; max-width:658px; min-width:326px; padding:0; width:99.375%; width:-webkit-calc(100% - 2px); width:calc(100% - 2px);\"\/>\n<p>Article \u00e9crit en collaboration avec 6M\u00e9dias<\/p>\n<p>        <script async src=\"\/\/www.instagram.com\/embed.js\"><\/script><\/p>\n","protected":false},"excerpt":{"rendered":"Les anciens de L\u2019amour est dans le pr\u00e9 ont cr\u00e9\u00e9 une association il y a quatre ans pour&hellip;\n","protected":false},"author":2,"featured_media":21256,"comment_status":"","ping_status":"","sticky":false,"template":"","format":"standard","meta":{"footnotes":""},"categories":[1356],"tags":[244,58,59,1011,27,7988,494,7987,252,1364],"class_list":{"0":"post-21255","1":"post","2":"type-post","3":"status-publish","4":"format-standard","5":"has-post-thumbnail","7":"category-television","8":"tag-commentaire","9":"tag-divertissement","10":"tag-entertainment","11":"tag-fr","12":"tag-france","13":"tag-lamour-est-dans-le-pru00e9","14":"tag-m6","15":"tag-mathieu-lamour-est-dans-le-pru00e9-15","16":"tag-television","17":"tag-tv"},"share_on_mastodon":{"url":"https:\/\/pubeurope.com\/@fr\/114328547115329334","error":""},"_links":{"self":[{"href":"https:\/\/www.europesays.com\/fr\/wp-json\/wp\/v2\/posts\/21255","targetHints":{"allow":["GET"]}}],"collection":[{"href":"https:\/\/www.europesays.com\/fr\/wp-json\/wp\/v2\/posts"}],"about":[{"href":"https:\/\/www.europesays.com\/fr\/wp-json\/wp\/v2\/types\/post"}],"author":[{"embeddable":true,"href":"https:\/\/www.europesays.com\/fr\/wp-json\/wp\/v2\/users\/2"}],"replies":[{"embeddable":true,"href":"https:\/\/www.europesays.com\/fr\/wp-json\/wp\/v2\/comments?post=21255"}],"version-history":[{"count":0,"href":"https:\/\/www.europesays.com\/fr\/wp-json\/wp\/v2\/posts\/21255\/revisions"}],"wp:featuredmedia":[{"embeddable":true,"href":"https:\/\/www.europesays.com\/fr\/wp-json\/wp\/v2\/media\/21256"}],"wp:attachment":[{"href":"https:\/\/www.europesays.com\/fr\/wp-json\/wp\/v2\/media?parent=21255"}],"wp:term":[{"taxonomy":"category","embeddable":true,"href":"https:\/\/www.europesays.com\/fr\/wp-json\/wp\/v2\/categories?post=21255"},{"taxonomy":"post_tag","embeddable":true,"href":"https:\/\/www.europesays.com\/fr\/wp-json\/wp\/v2\/tags?post=21255"}],"curies":[{"name":"wp","href":"https:\/\/api.w.org\/{rel}","templated":true}]}}